{"id":30322,"date":"2019-11-05T00:00:00","date_gmt":"2019-11-04T23:00:00","guid":{"rendered":"https:\/\/imagazine.it\/?p=30322"},"modified":"2019-11-05T00:00:00","modified_gmt":"2019-11-04T23:00:00","slug":"grado-sara-lisola-del-natale","status":"publish","type":"post","link":"https:\/\/imagazine.it\/home_desk\/grado-sara-lisola-del-natale\/","title":{"rendered":"Grado sar\u00e0 l&#8217;Isola del Natale"},"content":{"rendered":"<p>Tradizione marinara e celebrazioni natalizie si intrecciano nell\u2019isola di <strong>Grado, che da venerd\u00ec 6 dicembre a luned\u00ec 6 gennaio 2020 si trasformer\u00e0 nell\u2019 \u201cIsola del Natale\u201d <\/strong>con iniziative e intrattenimenti che animeranno la citt\u00e0 durante le feste natalizie.<\/p>\n<p>Dalla storica <strong>esposizione dei presepi a spettacoli, letture per i bambini, visite guidate, concerti e la quarta edizione invernale del Festival degli Artisti di Strada<\/strong>: \u00e8 quanto propone il Comune di Grado in collaborazione con le associazioni locali.<\/p>\n<p>Si inizia da subito con i presepi, il <strong>7 dicembre<\/strong> si inaugurer\u00e0 infatti la terza edizione della rassegna <strong>\u201cPresepi a Grado, Aquileia e Terzo di Aquileia\u201d<\/strong>, confermando l\u2019esperienza della rassegna \u201cdiffusa\u201d su tre Comuni, che superer\u00e0 le 200 installazioni, dalle pi\u00f9 classiche alle pi\u00f9 originali, provenienti da diverse regioni italiane ma anche dall\u2019estero. A Grado le opere saranno esposte nella Casa della Musica, presso il Cinema Cristallo, in centro storico e toccher\u00e0 tutte le frazioni, ad Aquileia e a Terzo di Aquileia nelle vie cittadine.<\/p>\n<p>Come di consueto il Comune di Grado offrir\u00e0 visite guidate gratuite che consentiranno di ammirare i presepi della citt\u00e0 e scoprire le bellezze del centro storico accompagnati dai tradizionali zampognari.<\/p>\n<p>Sempre il 7 dicembre alle 20.45 presso il Palazzo regionale dei Congressi si terr\u00e0 il primo degli appuntamenti musicali in programma, si tratta della seconda edizione dello <strong>spettacolo \u201cVoci di \u00a0\u00a0Natale\u201d, una produzione \u201cmade in Grado\u201d ideata da Roberto Tomasini e Luca Corbatto con l\u2019organizzazione di Sogit.<\/strong><\/p>\n<p>Nel weekend del 7 e 8 dicembre al tramonto verr\u00e0 riproposto il <strong>Grande spettacolo del fuoco<\/strong> in Campo Patriarca Elia.<\/p>\n<p>I Giardini Oransz dal 7 dicembre ospiteranno il <strong>Luna Park<\/strong> con giostre, attrazioni e chioschi che si fermeranno sino al 6 gennaio, con la novit\u00e0 dei <strong>giochi gonfiabili che verranno allestiti sulla diga<\/strong> Nazario Sauro. Ma la novit\u00e0 pi\u00f9 importante di questa edizione saranno le <strong>casette natalizie allestite in viale Europa Unita e un progetto di valorizzazione della rete commerciale denominato \u201cNatale sotto la bricola\u201d<\/strong>, promosso dal Comune di Grado in collaborazione con il Consorzio Grado Turismo e i commercianti.<\/p>\n<p>Il 21 dicembre il Palazzo dei Congressi ospiter\u00e0 il concerto degli <strong>Harmony Gospel Singers<\/strong>, gruppo di cantanti e musicisti gospel fondato e diretto da\u00a0<strong>Stefania Mauro<\/strong>.<\/p>\n<p><a href=\"http:\/\/imagazinevideotruck.it\/outlet\/relink.html\" target=\"_top\" rel=\"noopener\"><img loading=\"lazy\" decoding=\"async\" align=\"LEFT\" height=\"250\" src=\"http:\/\/imagazinevideotruck.it\/outlet\/outlet30.gif\" width=\"300\" alt=\"\" title=\"\"><\/a><\/p>\n<p>\u00a0<\/p>\n<p>\u00a0<\/p>\n<p>\u00a0<\/p>\n<p>\u00a0<\/p>\n<p>\u00a0<\/p>\n<p>\u00a0<\/p>\n<p>\u00a0<\/p>\n<p>\u00a0<\/p>\n<p>\u00a0<\/p>\n<p><strong>Il 23 dicembre <\/strong>alle 20.45 all\u2019Auditorium Biagio Marin appuntamento con<strong> il \u201cConcerto di Natale\u201d<\/strong>, a cura della Banda civica \u201cCitt\u00e0 di Grado\u201d, quest\u2019anno dedicato alle pi\u00f9 belle colonne sonore dei film, mentre <strong>la Vigilia di Natale, alle 17.30,<\/strong> nel porto Mandracchio <strong>Babbo Natale arriver\u00e0 direttamente dal mare <\/strong>con la tipica \u201cbatela\u201d (grazie alle associazioni Grado Voga, Sogit e Admo) e giunger\u00e0 in piazza Biagio Marin per lo spettacolo dei mangiafuoco.<\/p>\n<p><strong>Il 26 dicembre <\/strong>si comincia alle ore 11 alla Cittadella dello Sport con la<strong> \u201cMarcia del panettone\u201d<\/strong>, corsa non competitiva di 6 o 12 chilometri, con la novit\u00e0 \u201cCorsa con Fido \u2013 corri con il tuo amico a quattro zampe\u201d, alle 16.30 <strong>in Basilica si terr\u00e0 il tradizionale Concerto di Santo Stefano<\/strong> a cura della Corale Citt\u00e0 di Grado.<\/p>\n<p><strong>Gioved\u00ec 27 e venerd\u00ec 28 dicembre<\/strong> tra le calli e campielli del centro storico dalle ore 14 alle 20 appuntamento con gli<strong> artisti del Festival Internazionale degli Artisti di Strada <\/strong>curato dalla Compagnia del Carro di Staranzano<strong>:<\/strong> <strong>giungeranno a Grado da tutta Italia e anche dall\u2019estero oltre trenta artisti tra maghi, cantastorie, musicisti, giocolieri, acrobati, 3d painting, madonnari <\/strong>e molto altro ancora.<\/p>\n<p>Il <strong>31 dicembre in piazza Marin la festa di fine anno con i \u201cDanceMania\u201d in concerto e dj set<\/strong>, a cura di Sogit e Admo.<\/p>\n<p><strong>Immancabile il tradizionale concerto del primo gennaio al Palazzo regionale dei Congressi <\/strong>alle 17.<\/p>\n<p>Il <strong>5 gennaio<\/strong> occhi puntati verso il mare, in attesa dello sbarco delle <strong>Varvuole<\/strong>, le leggendarie streghe della tradizione gradese, che sbarcheranno in porto a bordo delle &#8220;bat\u00e8le&#8221;.<\/p>\n<p>Il Natale a Grado si concluder\u00e0 domenica 6 gennaio con la Festa della solidariet\u00e0, il tradizionale appuntamento benefico organizzato da Sogit.<\/p>\n<p>Si inseriscono nella programmazione di Grado isola del Natale alcuni <strong>appuntamenti culturali<\/strong> presso l\u2019Auditorium Biagio Marin: lo spettacolo di cabaret con le canzoni gradesi di <strong>Giovanni Marchesan<\/strong> \u201cStiata\u201d e <strong>Ferruccio Tognon<\/strong> \u201c2000 anni di sabbione\u201d (il primo dicembre) e \u201cAperitivo con l&#39;Arte\u201d, incontro dedicato alla vita di Audrey Hepburn, nelle parole di <strong>Cristina Bonadei<\/strong>, <strong>Massimo Tommasini<\/strong> con <strong>Riccardo Morpurgo<\/strong> al pianoforte, per la regia di <strong>Massimo Tommasini<\/strong> dell\u2019Associazione Adelinquere (in programma il 6 dicembre).<\/p>\n","protected":false},"excerpt":{"rendered":"<p>Dal 7 dicembre al 6 gennaio<\/p>\n","protected":false},"author":28,"featured_media":30323,"comment_status":"closed","ping_status":"closed","sticky":false,"template":"","format":"standard","meta":{"dwc-title":[],"dwc-content":[],"footnotes":""},"categories":[8],"tags":[],"class_list":["post-30322","post","type-post","status-publish","format-standard","has-post-thumbnail","hentry","category-turismo"],"rttpg_featured_image_url":{"full":["https:\/\/imagazine.it\/wp-content\/uploads\/2024\/01\/31567-1.webp",750,496,false],"landscape":["https:\/\/imagazine.it\/wp-content\/uploads\/2024\/01\/31567-1.webp",750,496,false],"portraits":["https:\/\/imagazine.it\/wp-content\/uploads\/2024\/01\/31567-1.webp",750,496,false],"thumbnail":["https:\/\/imagazine.it\/wp-content\/uploads\/2024\/01\/31567-1-150x150.webp",150,150,true],"medium":["https:\/\/imagazine.it\/wp-content\/uploads\/2024\/01\/31567-1-300x198.webp",300,198,true],"large":["https:\/\/imagazine.it\/wp-content\/uploads\/2024\/01\/31567-1.webp",640,423,false],"thumblist":["https:\/\/imagazine.it\/wp-content\/uploads\/2024\/01\/31567-1.webp",300,198,false],"thumbrelated":["https:\/\/imagazine.it\/wp-content\/uploads\/2024\/01\/31567-1.webp",500,331,false],"meccarouselthumb":["https:\/\/imagazine.it\/wp-content\/uploads\/2024\/01\/31567-1.webp",474,313,false],"gridsquare":["https:\/\/imagazine.it\/wp-content\/uploads\/2024\/01\/31567-1.webp",391,260,false],"tileview":["https:\/\/imagazine.it\/wp-content\/uploads\/2024\/01\/31567-1.webp",300,198,false],"1536x1536":["https:\/\/imagazine.it\/wp-content\/uploads\/2024\/01\/31567-1.webp",750,496,false],"2048x2048":["https:\/\/imagazine.it\/wp-content\/uploads\/2024\/01\/31567-1.webp",750,496,false],"newsup-slider-full":["https:\/\/imagazine.it\/wp-content\/uploads\/2024\/01\/31567-1.webp",750,496,false],"newsup-featured":["https:\/\/imagazine.it\/wp-content\/uploads\/2024\/01\/31567-1.webp",750,496,false],"newsup-medium":["https:\/\/imagazine.it\/wp-content\/uploads\/2024\/01\/31567-1-720x380.webp",720,380,true],"tptn_thumbnail":["https:\/\/imagazine.it\/wp-content\/uploads\/2024\/01\/31567-1.webp",250,165,false],"sow-carousel-default":["https:\/\/imagazine.it\/wp-content\/uploads\/2024\/01\/31567-1-272x182.webp",272,182,true]},"rttpg_author":{"display_name":"redazione","author_link":"https:\/\/imagazine.it\/home_desk\/author\/redazione\/"},"rttpg_comment":0,"rttpg_category":"<a href=\"https:\/\/imagazine.it\/home_desk\/category\/turismo\/\" rel=\"category tag\">TURISMO<\/a>","rttpg_excerpt":"Dal 7 dicembre al 6 gennaio","_links":{"self":[{"href":"https:\/\/imagazine.it\/home_desk\/wp-json\/wp\/v2\/posts\/30322","targetHints":{"allow":["GET"]}}],"collection":[{"href":"https:\/\/imagazine.it\/home_desk\/wp-json\/wp\/v2\/posts"}],"about":[{"href":"https:\/\/imagazine.it\/home_desk\/wp-json\/wp\/v2\/types\/post"}],"author":[{"embeddable":true,"href":"https:\/\/imagazine.it\/home_desk\/wp-json\/wp\/v2\/users\/28"}],"replies":[{"embeddable":true,"href":"https:\/\/imagazine.it\/home_desk\/wp-json\/wp\/v2\/comments?post=30322"}],"version-history":[{"count":0,"href":"https:\/\/imagazine.it\/home_desk\/wp-json\/wp\/v2\/posts\/30322\/revisions"}],"wp:featuredmedia":[{"embeddable":true,"href":"https:\/\/imagazine.it\/home_desk\/wp-json\/wp\/v2\/media\/30323"}],"wp:attachment":[{"href":"https:\/\/imagazine.it\/home_desk\/wp-json\/wp\/v2\/media?parent=30322"}],"wp:term":[{"taxonomy":"category","embeddable":true,"href":"https:\/\/imagazine.it\/home_desk\/wp-json\/wp\/v2\/categories?post=30322"},{"taxonomy":"post_tag","embeddable":true,"href":"https:\/\/imagazine.it\/home_desk\/wp-json\/wp\/v2\/tags?post=30322"}],"curies":[{"name":"wp","href":"https:\/\/api.w.org\/{rel}","templated":true}]}}