{"id":30302,"date":"2019-10-29T00:00:00","date_gmt":"2019-10-28T23:00:00","guid":{"rendered":"https:\/\/imagazine.it\/?p=30302"},"modified":"2019-10-29T00:00:00","modified_gmt":"2019-10-28T23:00:00","slug":"joannis-una-borgata-in-bianconero","status":"publish","type":"post","link":"https:\/\/imagazine.it\/home_desk\/joannis-una-borgata-in-bianconero\/","title":{"rendered":"Joannis, una borgata in bianconero"},"content":{"rendered":"<p>L&#39;Udinese Club Lucio Aiza di Joannis di Aiello del Friuli ha iniziato la campagna di tesseramento.<\/p>\n<p>Da quando l&#39;Udinese \u00e8 in massima serie, 25 anni, la passione verso questa squadra \u00e8 aumentata e di conseguenza tifosi e sostenitori sono lievitati. Nonostante Joannis sia una piccola borgata di 600 anime, ogni anno oltre il 12% dei residenti e forse anche di pi\u00f9 si iscrive al club, anche per fare comunit\u00e0. A coinvolgere le persone non \u00e8 solo la passione sportiva, ma anche il fatto che periodicamente vengono organizzate piccole feste, occasioni per stare qualche ora assieme.<\/p>\n<p>Come da tradizione il direttivo del club abbina al tesseramento un piccolo gadget, quest&#39;anno una maglietta con stampato sul petto il logo dell&#39;associazione: una zebretta con la scritta Udinese Club Lucio Aiza (il nome \u00e8 del fondatore e primo presidente nel lontano 1982).<\/p>\n<p>Domenica scorsa al bar \u201cVecchio Municipio &#8211; da Giuditta\u201d sono iniziate le iscrizioni: \u00a0oltre 40 tesserine staccate nella prima giornata, con una bicchierata per tutti offerta dal direttivo.<\/p>\n<p>Il prossimo impegno dell&#39;Udinese Club Lucio Aiza di Joannis sar\u00e0 l&#39;organizzazione di un chiosco per la festa di Sant&#39;Agnese (25 e 26 gennaio) dove, come lo scorso anno, saranno presenti gli Scampanotadors del Goriziano e, piatto forte, le seppie e le lasagne alla bolognese, mentre la sera del 24 gennaio ci sar\u00e0 una piccola conferenza sportiva con <u><a href=\"http:\/\/www.imagazine.it\/notizie-trieste-gorizia-udine-friuli\/5954\" target=\"_blank\" rel=\"noopener\">la velista monfalconese quattro volte campionessa mondiale, Chiara Calligaris<\/a><\/u>, che racconter\u00e0 la sua esperienza sulle ali del vento.\u00a0<\/p>\n","protected":false},"excerpt":{"rendered":"<p>Avviate le iscrizioni al &#8220;Lucio Aiza&#8221;<\/p>\n","protected":false},"author":22,"featured_media":30303,"comment_status":"closed","ping_status":"closed","sticky":false,"template":"","format":"standard","meta":{"dwc-title":[],"dwc-content":[],"footnotes":""},"categories":[6],"tags":[],"class_list":["post-30302","post","type-post","status-publish","format-standard","has-post-thumbnail","hentry","category-societa"],"rttpg_featured_image_url":{"full":["https:\/\/imagazine.it\/wp-content\/uploads\/2024\/01\/31534-1.webp",750,421,false],"landscape":["https:\/\/imagazine.it\/wp-content\/uploads\/2024\/01\/31534-1.webp",750,421,false],"portraits":["https:\/\/imagazine.it\/wp-content\/uploads\/2024\/01\/31534-1.webp",750,421,false],"thumbnail":["https:\/\/imagazine.it\/wp-content\/uploads\/2024\/01\/31534-1-150x150.webp",150,150,true],"medium":["https:\/\/imagazine.it\/wp-content\/uploads\/2024\/01\/31534-1-300x168.webp",300,168,true],"large":["https:\/\/imagazine.it\/wp-content\/uploads\/2024\/01\/31534-1.webp",640,359,false],"thumblist":["https:\/\/imagazine.it\/wp-content\/uploads\/2024\/01\/31534-1.webp",300,168,false],"thumbrelated":["https:\/\/imagazine.it\/wp-content\/uploads\/2024\/01\/31534-1.webp",500,281,false],"meccarouselthumb":["https:\/\/imagazine.it\/wp-content\/uploads\/2024\/01\/31534-1.webp",474,266,false],"gridsquare":["https:\/\/imagazine.it\/wp-content\/uploads\/2024\/01\/31534-1.webp",391,219,false],"tileview":["https:\/\/imagazine.it\/wp-content\/uploads\/2024\/01\/31534-1.webp",300,168,false],"1536x1536":["https:\/\/imagazine.it\/wp-content\/uploads\/2024\/01\/31534-1.webp",750,421,false],"2048x2048":["https:\/\/imagazine.it\/wp-content\/uploads\/2024\/01\/31534-1.webp",750,421,false],"newsup-slider-full":["https:\/\/imagazine.it\/wp-content\/uploads\/2024\/01\/31534-1.webp",750,421,false],"newsup-featured":["https:\/\/imagazine.it\/wp-content\/uploads\/2024\/01\/31534-1.webp",750,421,false],"newsup-medium":["https:\/\/imagazine.it\/wp-content\/uploads\/2024\/01\/31534-1-720x380.webp",720,380,true],"tptn_thumbnail":["https:\/\/imagazine.it\/wp-content\/uploads\/2024\/01\/31534-1.webp",250,140,false],"sow-carousel-default":["https:\/\/imagazine.it\/wp-content\/uploads\/2024\/01\/31534-1-272x182.webp",272,182,true]},"rttpg_author":{"display_name":"Livio Nonis","author_link":"https:\/\/imagazine.it\/home_desk\/author\/nonis\/"},"rttpg_comment":0,"rttpg_category":"<a href=\"https:\/\/imagazine.it\/home_desk\/category\/societa\/\" rel=\"category tag\">SOCIET\u00c0<\/a>","rttpg_excerpt":"Avviate le iscrizioni al \"Lucio Aiza\"","_links":{"self":[{"href":"https:\/\/imagazine.it\/home_desk\/wp-json\/wp\/v2\/posts\/30302","targetHints":{"allow":["GET"]}}],"collection":[{"href":"https:\/\/imagazine.it\/home_desk\/wp-json\/wp\/v2\/posts"}],"about":[{"href":"https:\/\/imagazine.it\/home_desk\/wp-json\/wp\/v2\/types\/post"}],"author":[{"embeddable":true,"href":"https:\/\/imagazine.it\/home_desk\/wp-json\/wp\/v2\/users\/22"}],"replies":[{"embeddable":true,"href":"https:\/\/imagazine.it\/home_desk\/wp-json\/wp\/v2\/comments?post=30302"}],"version-history":[{"count":0,"href":"https:\/\/imagazine.it\/home_desk\/wp-json\/wp\/v2\/posts\/30302\/revisions"}],"wp:featuredmedia":[{"embeddable":true,"href":"https:\/\/imagazine.it\/home_desk\/wp-json\/wp\/v2\/media\/30303"}],"wp:attachment":[{"href":"https:\/\/imagazine.it\/home_desk\/wp-json\/wp\/v2\/media?parent=30302"}],"wp:term":[{"taxonomy":"category","embeddable":true,"href":"https:\/\/imagazine.it\/home_desk\/wp-json\/wp\/v2\/categories?post=30302"},{"taxonomy":"post_tag","embeddable":true,"href":"https:\/\/imagazine.it\/home_desk\/wp-json\/wp\/v2\/tags?post=30302"}],"curies":[{"name":"wp","href":"https:\/\/api.w.org\/{rel}","templated":true}]}}