{"id":30294,"date":"2019-10-30T00:00:00","date_gmt":"2019-10-29T23:00:00","guid":{"rendered":"https:\/\/imagazine.it\/?p=30294"},"modified":"2019-10-30T00:00:00","modified_gmt":"2019-10-29T23:00:00","slug":"due-bisiachi-alla-conquista-di-new-york","status":"publish","type":"post","link":"https:\/\/imagazine.it\/home_desk\/due-bisiachi-alla-conquista-di-new-york\/","title":{"rendered":"Due bisiachi alla conquista di New York"},"content":{"rendered":"<p>Siamo ormai agli sgoccioli nel countdown per l\u2019evento sportivo pi\u00f9 atteso dell\u2019anno dai runners: la Maratona di New York. Domenica 3 novembre, il ponte di Verrazzano a Staten Island diventer\u00e0 un puzzle multicolor di pettorine e runners fluorescenti con oltre 50.000 partecipanti, in trepida attesa per dare inizio ai 42.195 metri che attraversano i cinque borghi della citt\u00e0.<\/p>\n<p>Anche due monfalconesi saranno presenti a questo evento \u201cmondiale\u201d e vestiranno due casacche prestigiose per la bisiacheria, quella del \u201cRunning Club 2 Monfalcone\u201d e dell&#39;associazione \u201cSettembre inVita\u201d.<\/p>\n<p><strong>Alessandro Bonini<\/strong>, che indosser\u00e0 la maglia di Settembre inVita, bisiaco purosangue classe &#39;72, da sempre appassionato di bodybuilding, nel 2007 ha partecipato al GranPrix di Vicenza A.I.N.B.B. arrivando terzo di categoria HP +177. Da qui inizia la sua passione per la corsa e nel 2011 si \u00e8 cimentato nella prima mezza maratona a Trieste in 2<sup>h<\/sup>:04&#39;:49\u201d. Nel 2014 ha iniziato la sua esperienza nel Running Club 2 Monfalcone, partecipando alle edizioni del Trofeo Provincia di Gorizia e a quasi tutte le edizioni delle Maratonine del Collio (Capriva), Gorizia, Unesco (Palmanova Aquileia), Trieste, Udine e Palmanova fino ad oggi. Nel marzo 2016 ha corso la sua prima Maratona, la Unesco City Marathon (da Cividale ad Aquileia) in 3<sup>h<\/sup>:51&#39;:39\u201d; sempre nel 2016 ha corso la Maratona di Venezia. A maggio di quest&#39;anno ha migliorato il suo personale sulla mezza maratona a Trieste in 1<sup>h<\/sup>:38&#39;:58\u201d.<\/p>\n<p>In tutta questa significativa attivit\u00e0 \u00e8 accompagnato e supportato dalla sua dolce met\u00e0 Monica.<\/p>\n<p><strong>Luca Egarese<\/strong> vestir\u00e0 la maglia del \u201cRunning Club 2 Monfalcone\u201d. Si \u00e8 avvicinato al podismo da una ventina d&#39;anni\u00a0 e solo per passione e per il mantenimento del fisico. Le sue gare fino a oggi sono state al massimo le mezze maratone: per la prima volta si approccia a correre una maratona.<\/p>\n<p><a href=\"http:\/\/imagazinevideotruck.it\/outlet\/relink.html\" target=\"_top\" rel=\"noopener\"><img loading=\"lazy\" decoding=\"async\" align=\"LEFT\" height=\"250\" src=\"http:\/\/imagazinevideotruck.it\/outlet\/outlet30.gif\" width=\"300\" alt=\"\" title=\"\"><\/a><\/p>\n<p>\u00a0<\/p>\n<p>\u00a0<\/p>\n<p>\u00a0<\/p>\n<p>\u00a0<\/p>\n<p>\u00a0<\/p>\n<p>\u00a0<\/p>\n<p>\u00a0<\/p>\n<p>\u00a0<\/p>\n<p>\u00a0<\/p>\n<p>Gioved\u00ec partenza per la Grande Mela: su <em>imagazine.it<\/em> i due atleti racconteranno al pubblico tutte le fasi che precedono la gara, nonch\u00e9 condivideranno le emozioni della maratona e il dopo gara.<\/p>\n<p>Per ora, in bocca al lupo!<\/p>\n","protected":false},"excerpt":{"rendered":"<p>Il racconto dell&#8217;evento podistico dell&#8217;anno<\/p>\n","protected":false},"author":22,"featured_media":30295,"comment_status":"closed","ping_status":"closed","sticky":false,"template":"","format":"standard","meta":{"dwc-title":[],"dwc-content":[],"footnotes":""},"categories":[38],"tags":[],"class_list":["post-30294","post","type-post","status-publish","format-standard","has-post-thumbnail","hentry","category-sport"],"rttpg_featured_image_url":{"full":["https:\/\/imagazine.it\/wp-content\/uploads\/2024\/01\/31522-1.webp",750,532,false],"landscape":["https:\/\/imagazine.it\/wp-content\/uploads\/2024\/01\/31522-1.webp",750,532,false],"portraits":["https:\/\/imagazine.it\/wp-content\/uploads\/2024\/01\/31522-1.webp",750,532,false],"thumbnail":["https:\/\/imagazine.it\/wp-content\/uploads\/2024\/01\/31522-1-150x150.webp",150,150,true],"medium":["https:\/\/imagazine.it\/wp-content\/uploads\/2024\/01\/31522-1-300x213.webp",300,213,true],"large":["https:\/\/imagazine.it\/wp-content\/uploads\/2024\/01\/31522-1.webp",640,454,false],"thumblist":["https:\/\/imagazine.it\/wp-content\/uploads\/2024\/01\/31522-1.webp",300,213,false],"thumbrelated":["https:\/\/imagazine.it\/wp-content\/uploads\/2024\/01\/31522-1.webp",500,355,false],"meccarouselthumb":["https:\/\/imagazine.it\/wp-content\/uploads\/2024\/01\/31522-1.webp",457,324,false],"gridsquare":["https:\/\/imagazine.it\/wp-content\/uploads\/2024\/01\/31522-1.webp",367,260,false],"tileview":["https:\/\/imagazine.it\/wp-content\/uploads\/2024\/01\/31522-1.webp",300,213,false],"1536x1536":["https:\/\/imagazine.it\/wp-content\/uploads\/2024\/01\/31522-1.webp",750,532,false],"2048x2048":["https:\/\/imagazine.it\/wp-content\/uploads\/2024\/01\/31522-1.webp",750,532,false],"newsup-slider-full":["https:\/\/imagazine.it\/wp-content\/uploads\/2024\/01\/31522-1.webp",750,532,false],"newsup-featured":["https:\/\/imagazine.it\/wp-content\/uploads\/2024\/01\/31522-1.webp",750,532,false],"newsup-medium":["https:\/\/imagazine.it\/wp-content\/uploads\/2024\/01\/31522-1-720x380.webp",720,380,true],"tptn_thumbnail":["https:\/\/imagazine.it\/wp-content\/uploads\/2024\/01\/31522-1.webp",250,177,false],"sow-carousel-default":["https:\/\/imagazine.it\/wp-content\/uploads\/2024\/01\/31522-1-272x182.webp",272,182,true]},"rttpg_author":{"display_name":"Livio Nonis","author_link":"https:\/\/imagazine.it\/home_desk\/author\/nonis\/"},"rttpg_comment":0,"rttpg_category":"<a href=\"https:\/\/imagazine.it\/home_desk\/category\/sport\/\" rel=\"category tag\">SPORT<\/a>","rttpg_excerpt":"Il racconto dell'evento podistico dell'anno","_links":{"self":[{"href":"https:\/\/imagazine.it\/home_desk\/wp-json\/wp\/v2\/posts\/30294","targetHints":{"allow":["GET"]}}],"collection":[{"href":"https:\/\/imagazine.it\/home_desk\/wp-json\/wp\/v2\/posts"}],"about":[{"href":"https:\/\/imagazine.it\/home_desk\/wp-json\/wp\/v2\/types\/post"}],"author":[{"embeddable":true,"href":"https:\/\/imagazine.it\/home_desk\/wp-json\/wp\/v2\/users\/22"}],"replies":[{"embeddable":true,"href":"https:\/\/imagazine.it\/home_desk\/wp-json\/wp\/v2\/comments?post=30294"}],"version-history":[{"count":0,"href":"https:\/\/imagazine.it\/home_desk\/wp-json\/wp\/v2\/posts\/30294\/revisions"}],"wp:featuredmedia":[{"embeddable":true,"href":"https:\/\/imagazine.it\/home_desk\/wp-json\/wp\/v2\/media\/30295"}],"wp:attachment":[{"href":"https:\/\/imagazine.it\/home_desk\/wp-json\/wp\/v2\/media?parent=30294"}],"wp:term":[{"taxonomy":"category","embeddable":true,"href":"https:\/\/imagazine.it\/home_desk\/wp-json\/wp\/v2\/categories?post=30294"},{"taxonomy":"post_tag","embeddable":true,"href":"https:\/\/imagazine.it\/home_desk\/wp-json\/wp\/v2\/tags?post=30294"}],"curies":[{"name":"wp","href":"https:\/\/api.w.org\/{rel}","templated":true}]}}