{"id":30280,"date":"2019-10-25T00:00:00","date_gmt":"2019-10-24T23:00:00","guid":{"rendered":"https:\/\/imagazine.it\/?p=30280"},"modified":"2019-10-25T00:00:00","modified_gmt":"2019-10-24T23:00:00","slug":"ruda-cittadini-insieme-per-creare-relazioni-daiuto","status":"publish","type":"post","link":"https:\/\/imagazine.it\/home_desk\/ruda-cittadini-insieme-per-creare-relazioni-daiuto\/","title":{"rendered":"Ruda, cittadini insieme per creare relazioni d&#8217;aiuto"},"content":{"rendered":"<p>Quattro tavoli di lavoro,\u00a0<strong>oltre 30 cittadini di Ruda pronti a discutere e progettare attivit\u00e0<\/strong>\u00a0dedicate alla propria comunit\u00e0. \u00c8 questa la fotografia della serata Promuovere Ruda, prima tappa del percorso di progettazione partecipata (il prossimo incontro \u00e8 previsto per mercoled\u00ec 30 ottobre alle 18) realizzato all\u2019interno di ViviRuda. Un percorso nato per migliorare la vita dei cittadini, aumentare le relazioni d&#39;aiuto e il dialogo tra cittadini e istituzioni.<\/p>\n<p>\u201cOra \u2013 afferma il sindaco <strong>Franco Lenarduzzi<\/strong> \u2013 il progetto \u00e8 in mano ai cittadini, \u00e8 giusto che siano loro i protagonisti. Valuteranno le migliori azioni per creare una comunit\u00e0 solidale e aiutare le persone pi\u00f9 isolate e in difficolt\u00e0. ViviRuda significa che un intero comune si mette assieme per andare avanti. Tanti sono i progetti messi in piedi e tanti quelli futuri.\u00a0L\u2019obiettivo deve essere quello di mettere in condivisione le esperienze, creare valore nella comunit\u00e0, migliorare la vita di tutti, senza lasciare nessuno indietro\u201d.<\/p>\n<p>\u201cQuesto \u2013 aggiunge <strong>Simona Berretti<\/strong>, assessore comunale con delega alle politiche sociali \u2013 \u00e8 un progetto che vogliamo prosegua. Daremo tutto il sostegno possibile ma deve continuare soprattutto grazie all\u2019impegno e alla volont\u00e0 dei cittadini, deve essere la comunit\u00e0 a ritenerlo utile e necessario, volerlo perch\u00e9 rende Ruda e le sue frazioni un luogo migliore dove vivere assieme. Metteremo a disposizione tutte le sedi e i mezzi disponibili\u201d.<\/p>\n<p>Dopo una prima parte di descrizione delle fasi del progetto, della ricerca tramite 264 questionari, focus group e interviste, fino all\u2019elaborazione e presentazione dei dati emersi, i partecipanti sono stati suddivisi in gruppi di lavoro per\u00a0<strong>analizzare temi<\/strong>\u00a0come la vita associativa, le attivit\u00e0 e gli eventi culturali, sociali e sportivi, i servizi dedicati alle persone e tutto ci\u00f2 che in qualche modo coinvolge le persone in momenti di socialit\u00e0.<\/p>\n<p>\u201cStiamo lavorando molto \u2013 spiega <strong>Marco Giordani<\/strong>, coordinatore del progetto e Presidente della Cooperativa Co.S.M.O. \u2013 per capire e comprendere le dinamiche sociali della comunit\u00e0, capire le modalit\u00e0 di isolamento e solitudine presenti. Ne esistono di diversi tipi e per ognuna di queste \u00e8 necessario attivare azioni specifiche. Esiste una solitudine non vista ma anche ricercata e positiva, una legata alle difficolt\u00e0 di reagire all&#39;assenza o perdita di persone significative, una connessa con il disagio, con la sofferenza psicologica e le difficolt\u00e0 relazionali o come sintomo di disagio generale della societ\u00e0\u201d.\u00a0\u00a0<\/p>\n<p><a href=\"http:\/\/imagazinevideotruck.it\/outlet\/relink.html\" target=\"_top\" rel=\"noopener\"><img loading=\"lazy\" decoding=\"async\" align=\"LEFT\" height=\"250\" src=\"http:\/\/imagazinevideotruck.it\/outlet\/outlet30.gif\" width=\"300\" alt=\"\" title=\"\"><\/a><\/p>\n<p>\u00a0<\/p>\n<p>\u00a0<\/p>\n<p>\u00a0<\/p>\n<p>\u00a0<\/p>\n<p>\u00a0<\/p>\n<p>\u00a0<\/p>\n<p>\u00a0<\/p>\n<p>\u00a0<\/p>\n<p>\u00a0<\/p>\n<p>Per\u00a0<strong>partecipare al progetto\u00a0<\/strong>\u00e8 sempre possibile contattare lo Sportello ViviRuda con sede presso il Comune di Ruda (via Alfonso Mosettig, 2 &#8211; Piano terra), luned\u00ec e venerd\u00ec dalle 10.30 alle 12.30 oppure da luned\u00ec a venerd\u00ec dalle 17.30 alle 19.30. In alternativa si pu\u00f2 telefonare o lasciare un messaggio al numero 327 2644885 o inviare una mail a\u00a0<a href=\"mailto:progettovvr@gmail.com\" target=\"_blank\" rel=\"noopener\">progettovvr@gmail.com<\/a>\u00a0(per info\u00a0<u><a data-saferedirecturl=\"https:\/\/www.google.com\/url?q=http:\/\/www.viviruda.com&#038;source=gmail&#038;ust=1572073134341000&#038;usg=AFQjCNESFA72wfWDFGhVIbZ64dEt0IErUA\" href=\"http:\/\/www.viviruda.com\/\" target=\"_blank\" rel=\"noopener\">www.viviruda.com<\/a><\/u>).<\/p>\n<p>\u00c8 infini ancora aperta\u00a0<strong>fino al 31 ottobre <\/strong>la raccolta di\u00a0<strong>foto che raccontino, negli anni, la comunit\u00e0 di Ruda:\u00a0<\/strong>una condivisione di luoghi, persone, memorie dei cittadini di Ruda\u00a0che poi diventeranno materiale per l\u2019allestimento della mostra \u201cRacContare\u201d. Possono essere consegnate direttamente allo sportello ViviRuda oppure condivise sulla pagina Facebook ViviRuda.<\/p>\n","protected":false},"excerpt":{"rendered":"<p>Partiti i tavoli di lavoro<\/p>\n","protected":false},"author":28,"featured_media":30281,"comment_status":"closed","ping_status":"closed","sticky":false,"template":"","format":"standard","meta":{"dwc-title":[],"dwc-content":[],"footnotes":""},"categories":[6],"tags":[],"class_list":["post-30280","post","type-post","status-publish","format-standard","has-post-thumbnail","hentry","category-societa"],"rttpg_featured_image_url":{"full":["https:\/\/imagazine.it\/wp-content\/uploads\/2024\/01\/31501-1.webp",595,400,false],"landscape":["https:\/\/imagazine.it\/wp-content\/uploads\/2024\/01\/31501-1.webp",595,400,false],"portraits":["https:\/\/imagazine.it\/wp-content\/uploads\/2024\/01\/31501-1.webp",595,400,false],"thumbnail":["https:\/\/imagazine.it\/wp-content\/uploads\/2024\/01\/31501-1-150x150.webp",150,150,true],"medium":["https:\/\/imagazine.it\/wp-content\/uploads\/2024\/01\/31501-1-300x202.webp",300,202,true],"large":["https:\/\/imagazine.it\/wp-content\/uploads\/2024\/01\/31501-1.webp",595,400,false],"thumblist":["https:\/\/imagazine.it\/wp-content\/uploads\/2024\/01\/31501-1.webp",300,202,false],"thumbrelated":["https:\/\/imagazine.it\/wp-content\/uploads\/2024\/01\/31501-1.webp",500,336,false],"meccarouselthumb":["https:\/\/imagazine.it\/wp-content\/uploads\/2024\/01\/31501-1.webp",474,319,false],"gridsquare":["https:\/\/imagazine.it\/wp-content\/uploads\/2024\/01\/31501-1.webp",387,260,false],"tileview":["https:\/\/imagazine.it\/wp-content\/uploads\/2024\/01\/31501-1.webp",300,202,false],"1536x1536":["https:\/\/imagazine.it\/wp-content\/uploads\/2024\/01\/31501-1.webp",595,400,false],"2048x2048":["https:\/\/imagazine.it\/wp-content\/uploads\/2024\/01\/31501-1.webp",595,400,false],"newsup-slider-full":["https:\/\/imagazine.it\/wp-content\/uploads\/2024\/01\/31501-1.webp",595,400,false],"newsup-featured":["https:\/\/imagazine.it\/wp-content\/uploads\/2024\/01\/31501-1.webp",595,400,false],"newsup-medium":["https:\/\/imagazine.it\/wp-content\/uploads\/2024\/01\/31501-1-595x380.webp",595,380,true],"tptn_thumbnail":["https:\/\/imagazine.it\/wp-content\/uploads\/2024\/01\/31501-1.webp",250,168,false],"sow-carousel-default":["https:\/\/imagazine.it\/wp-content\/uploads\/2024\/01\/31501-1-272x182.webp",272,182,true]},"rttpg_author":{"display_name":"redazione","author_link":"https:\/\/imagazine.it\/home_desk\/author\/redazione\/"},"rttpg_comment":0,"rttpg_category":"<a href=\"https:\/\/imagazine.it\/home_desk\/category\/societa\/\" rel=\"category tag\">SOCIET\u00c0<\/a>","rttpg_excerpt":"Partiti i tavoli di lavoro","_links":{"self":[{"href":"https:\/\/imagazine.it\/home_desk\/wp-json\/wp\/v2\/posts\/30280","targetHints":{"allow":["GET"]}}],"collection":[{"href":"https:\/\/imagazine.it\/home_desk\/wp-json\/wp\/v2\/posts"}],"about":[{"href":"https:\/\/imagazine.it\/home_desk\/wp-json\/wp\/v2\/types\/post"}],"author":[{"embeddable":true,"href":"https:\/\/imagazine.it\/home_desk\/wp-json\/wp\/v2\/users\/28"}],"replies":[{"embeddable":true,"href":"https:\/\/imagazine.it\/home_desk\/wp-json\/wp\/v2\/comments?post=30280"}],"version-history":[{"count":0,"href":"https:\/\/imagazine.it\/home_desk\/wp-json\/wp\/v2\/posts\/30280\/revisions"}],"wp:featuredmedia":[{"embeddable":true,"href":"https:\/\/imagazine.it\/home_desk\/wp-json\/wp\/v2\/media\/30281"}],"wp:attachment":[{"href":"https:\/\/imagazine.it\/home_desk\/wp-json\/wp\/v2\/media?parent=30280"}],"wp:term":[{"taxonomy":"category","embeddable":true,"href":"https:\/\/imagazine.it\/home_desk\/wp-json\/wp\/v2\/categories?post=30280"},{"taxonomy":"post_tag","embeddable":true,"href":"https:\/\/imagazine.it\/home_desk\/wp-json\/wp\/v2\/tags?post=30280"}],"curies":[{"name":"wp","href":"https:\/\/api.w.org\/{rel}","templated":true}]}}