{"id":30268,"date":"2019-10-23T00:00:00","date_gmt":"2019-10-22T23:00:00","guid":{"rendered":"https:\/\/imagazine.it\/?p=30268"},"modified":"2019-10-23T00:00:00","modified_gmt":"2019-10-22T23:00:00","slug":"il-collio-come-non-si-e-mai-visto","status":"publish","type":"post","link":"https:\/\/imagazine.it\/home_desk\/il-collio-come-non-si-e-mai-visto\/","title":{"rendered":"Il Collio come non si \u00e8 mai visto"},"content":{"rendered":"<p>Un intervento fondato sull\u2019innovazione tecnologica, nel segno della sostenibilit\u00e0 ambientale, che permetter\u00e0 una nuova modalit\u00e0 di fruizione del territorio, <strong>immersiva<\/strong> e di <strong>forte impatto emozionale<\/strong>, riservata ai visitatori del <strong>Collio<\/strong>.<\/p>\n<p>\u201c<strong>Collio: Laboratorio a cielo aperto dello Sviluppo Sostenibile<\/strong>\u201d \u00e8 infatti il secondo focus messo in campo dalla Fondazione Cassa di Risparmio di Gorizia che da<strong>l<\/strong>lo scorso anno \u2013 sotto la guida della presidente <strong>Roberta Demartin <\/strong>\u2013 ha avviato il programma triennale<strong> \u201cFondazione CariGO GREEN\u00b3<\/strong>\u201d, realizzato con il contributo di <strong>Intesa Sanpaolo<\/strong>, che delinea le linee strategiche dell\u2019azione della Fondazione per il triennio 2018-2020 per la valorizzazione del territorio isontino.<\/p>\n<p>Dopo la prima fase, con il riallestimento in chiave multimediale del Museo del<strong> Monte San Michele<\/strong>, questo nuovo progetto \u2013 realizzato con la collaborazione dei <strong>Comuni<\/strong> coinvolti e di soggetti privati locali \u2013 racconta il <strong>Collio <\/strong>attraverso i 17 obiettivi dello sviluppo sostenibile di AGENDA ONU 2030. Ancora ideato e realizzato dall\u2019impresa di Staranzano <strong>IKON digital farm<\/strong>, guidata da <strong>Enrico Degrassi<\/strong> e <strong>Manuela Tomadin<\/strong>, con il coordinamento paesaggistico dalla <strong>Land Italia<\/strong> di <strong>Andreas Kipar<\/strong> il progetto ridefinisce la conoscenza del territorio del Collio in una chiave <strong>esperienziale<\/strong> ed <strong>emozionale <\/strong>basato sulla peculiarit\u00e0 dell\u2019<strong>ascolto audio <\/strong>e dello \u201c<strong>storytelling<\/strong>\u201d.<\/p>\n<p>Un <strong>viaggio narrativo <\/strong>a cui ogni visitatore pu\u00f2 accedere con il proprio smartphone grazie alla <strong>nuova App<\/strong> realizzata da Ikon<strong>, \u201cCOLLIO XR &#8212; <\/strong><strong>Extended Reality<\/strong><strong>\u201d<\/strong>, basato sulla <strong>narrazione<\/strong> e sull\u2019<strong>ascolto audio <\/strong>di<strong> 8 diversi racconti per 7 percorsi narrativi<\/strong>, arricchito dalla visione di <strong>contenuti virtuali e aumentati<\/strong>, che si snodano sugli itinerari delle <strong>piste ciclabili<\/strong> gi\u00e0 presenti nell\u2019area del Collio.<\/p>\n<p>Scaricando<strong> l\u2019App CollioXR<\/strong> il visitatore potr\u00e0 adesso <strong>selezionare l\u2019esperienza desiderata<\/strong> e <strong>avviare il percorso prescelto<\/strong>: a disposizione <strong>8 racconti <\/strong>tra il fantasy e il reportage, la fantascienza e il genere storico o biografico fino al thriller e il racconto di guerra. Tutti gli itinerari \u2013 di diverse tipologie di chilometraggio e durata \u2013 potranno essere percorsi a piedi o in bicicletta, grazie ai tracciati ciclabili esistenti. I contenuti audio si attivano in corrispondenza dei luoghi previsti dalla narrazione mentre l\u2019utilizzo di un <strong>visore <em>cardboard<\/em><\/strong> permette di accedere ai contenuti di <strong>realt\u00e0 virtuale<\/strong> e visionare <strong>sequenze immersive<\/strong> legate ai racconti. Lungo i percorsi, inoltre, alcuni pannelli informativi forniscono contenuti in<strong> Realt\u00e0 Aumentata.<\/strong><\/p>\n<p><a href=\"http:\/\/imagazinevideotruck.it\/outlet\/relink.html\" target=\"_top\" rel=\"noopener\"><img loading=\"lazy\" decoding=\"async\" align=\"LEFT\" height=\"250\" src=\"http:\/\/imagazinevideotruck.it\/outlet\/outlet30.gif\" width=\"300\" alt=\"\" title=\"\"><\/a><\/p>\n<p>\u00a0<\/p>\n<p>\u00a0<\/p>\n<p>\u00a0<\/p>\n<p>\u00a0<\/p>\n<p>\u00a0<\/p>\n<p>\u00a0<\/p>\n<p>\u00a0<\/p>\n<p>\u00a0<\/p>\n<p>\u00a0<\/p>\n<p>Il progetto sar\u00e0 presentato <strong>venerd\u00ec 25 ottobre alle 15 <\/strong>al <strong>Museo Civico del Territorio di Corm\u00f2ns<\/strong>.\u00a0<\/p>\n","protected":false},"excerpt":{"rendered":"<p>Progetto &#8220;Extended Reality\u201d<\/p>\n","protected":false},"author":28,"featured_media":30269,"comment_status":"closed","ping_status":"closed","sticky":false,"template":"","format":"standard","meta":{"dwc-title":[],"dwc-content":[],"footnotes":""},"categories":[8],"tags":[],"class_list":["post-30268","post","type-post","status-publish","format-standard","has-post-thumbnail","hentry","category-turismo"],"rttpg_featured_image_url":{"full":["https:\/\/imagazine.it\/wp-content\/uploads\/2024\/01\/31469-1.webp",750,422,false],"landscape":["https:\/\/imagazine.it\/wp-content\/uploads\/2024\/01\/31469-1.webp",750,422,false],"portraits":["https:\/\/imagazine.it\/wp-content\/uploads\/2024\/01\/31469-1.webp",750,422,false],"thumbnail":["https:\/\/imagazine.it\/wp-content\/uploads\/2024\/01\/31469-1-150x150.webp",150,150,true],"medium":["https:\/\/imagazine.it\/wp-content\/uploads\/2024\/01\/31469-1-300x169.webp",300,169,true],"large":["https:\/\/imagazine.it\/wp-content\/uploads\/2024\/01\/31469-1.webp",640,360,false],"thumblist":["https:\/\/imagazine.it\/wp-content\/uploads\/2024\/01\/31469-1.webp",300,169,false],"thumbrelated":["https:\/\/imagazine.it\/wp-content\/uploads\/2024\/01\/31469-1.webp",500,281,false],"meccarouselthumb":["https:\/\/imagazine.it\/wp-content\/uploads\/2024\/01\/31469-1.webp",474,267,false],"gridsquare":["https:\/\/imagazine.it\/wp-content\/uploads\/2024\/01\/31469-1.webp",391,220,false],"tileview":["https:\/\/imagazine.it\/wp-content\/uploads\/2024\/01\/31469-1.webp",300,169,false],"1536x1536":["https:\/\/imagazine.it\/wp-content\/uploads\/2024\/01\/31469-1.webp",750,422,false],"2048x2048":["https:\/\/imagazine.it\/wp-content\/uploads\/2024\/01\/31469-1.webp",750,422,false],"newsup-slider-full":["https:\/\/imagazine.it\/wp-content\/uploads\/2024\/01\/31469-1.webp",750,422,false],"newsup-featured":["https:\/\/imagazine.it\/wp-content\/uploads\/2024\/01\/31469-1.webp",750,422,false],"newsup-medium":["https:\/\/imagazine.it\/wp-content\/uploads\/2024\/01\/31469-1-720x380.webp",720,380,true],"tptn_thumbnail":["https:\/\/imagazine.it\/wp-content\/uploads\/2024\/01\/31469-1.webp",250,141,false],"sow-carousel-default":["https:\/\/imagazine.it\/wp-content\/uploads\/2024\/01\/31469-1-272x182.webp",272,182,true]},"rttpg_author":{"display_name":"redazione","author_link":"https:\/\/imagazine.it\/home_desk\/author\/redazione\/"},"rttpg_comment":0,"rttpg_category":"<a href=\"https:\/\/imagazine.it\/home_desk\/category\/turismo\/\" rel=\"category tag\">TURISMO<\/a>","rttpg_excerpt":"Progetto \"Extended Reality\u201d","_links":{"self":[{"href":"https:\/\/imagazine.it\/home_desk\/wp-json\/wp\/v2\/posts\/30268","targetHints":{"allow":["GET"]}}],"collection":[{"href":"https:\/\/imagazine.it\/home_desk\/wp-json\/wp\/v2\/posts"}],"about":[{"href":"https:\/\/imagazine.it\/home_desk\/wp-json\/wp\/v2\/types\/post"}],"author":[{"embeddable":true,"href":"https:\/\/imagazine.it\/home_desk\/wp-json\/wp\/v2\/users\/28"}],"replies":[{"embeddable":true,"href":"https:\/\/imagazine.it\/home_desk\/wp-json\/wp\/v2\/comments?post=30268"}],"version-history":[{"count":0,"href":"https:\/\/imagazine.it\/home_desk\/wp-json\/wp\/v2\/posts\/30268\/revisions"}],"wp:featuredmedia":[{"embeddable":true,"href":"https:\/\/imagazine.it\/home_desk\/wp-json\/wp\/v2\/media\/30269"}],"wp:attachment":[{"href":"https:\/\/imagazine.it\/home_desk\/wp-json\/wp\/v2\/media?parent=30268"}],"wp:term":[{"taxonomy":"category","embeddable":true,"href":"https:\/\/imagazine.it\/home_desk\/wp-json\/wp\/v2\/categories?post=30268"},{"taxonomy":"post_tag","embeddable":true,"href":"https:\/\/imagazine.it\/home_desk\/wp-json\/wp\/v2\/tags?post=30268"}],"curies":[{"name":"wp","href":"https:\/\/api.w.org\/{rel}","templated":true}]}}