{"id":30256,"date":"2019-10-21T00:00:00","date_gmt":"2019-10-20T23:00:00","guid":{"rendered":"https:\/\/imagazine.it\/?p=30256"},"modified":"2019-10-21T00:00:00","modified_gmt":"2019-10-20T23:00:00","slug":"trieste-nuovo-strumento-per-la-diagnostica-oncologica","status":"publish","type":"post","link":"https:\/\/imagazine.it\/home_desk\/trieste-nuovo-strumento-per-la-diagnostica-oncologica\/","title":{"rendered":"Trieste, nuovo strumento per la diagnostica oncologica"},"content":{"rendered":"<p>Inaugurato stamane il macchinario per PET\/TC in dotazione alla Struttura Complessa di Medicina Nucleare dell\u2019Ospedale di Cattinara a Trieste<\/p>\n<p>Con Delibera della Giunta Regionale n. 1820 del 29.09.2017 erano state stanziate le risorse finanziarie in conto capitale per un sistema PET\/CT per l\u2019ASUI di Trieste. L\u2019apparecchiatura \u00e8 stata acquisita con gara Europea a procedura aperta per l\u2019affidamento della fornitura del tomografo PET\/CT, relativi accessori e oneri di installazione per ASUI di Udine e per ASUI di Trieste. L\u2019importo complessivo finale per ASUITs delle apparecchiature e opere strutturali \u00e8 di circa 1.830.000 euro.<\/p>\n<p>L\u2019apparecchiatura \u00e8 prodotta dalla ditta GE Medical Systems Italia SPA, il tomografo Discovery PET\/CT MIDR (componente CT a 64 strati) \u00e8 destinato prevalentemente alla diagnosi oncologica ed \u00e8 stata acquisita nella configurazione pi\u00f9 avanzata presente al momento in Italia. Oltre la PET\/CT \u00e8 stata installata nella camera calda PET la Cella di manipolazione dei radiofarmaci.<\/p>\n<p>La PET\/CT \u00e8 stata installata nel reparto di Medicina Nucleare dell\u2019ospedale di Cattinara in un locale di 42 metri quadri appositamente predisposto ed entrer\u00e0 in funzione nelle prossime settimane. L\u2019installazione delle nuove apparecchiature di medicina nucleare distinte nel sistema PET\/CT e nella cella di manipolazione ha comportato la\u00a0 riqualificazione di locali gi\u00e0 predisposti nella nuova sede della medicina nucleare a Cattinara; gli adeguamenti strutturali, durati circa 3 mesi e attualmente in fase conclusiva, hanno compreso il rivestimento in piombo delle pareti con scopo radioprotettivo, il rinnovamento impiantistico elettrico e informatico e l\u2019installazione di nuove porte automatiche con effetto schermante.<\/p>\n<p>Sono stati inoltre preparati e arredati i locali per la somministrazione dei radiofarmaci PET e la sala d\u2019attesa nella quale i pazienti radioattivi attenderanno l\u2019esecuzione dell\u2019indagine diagnostica.<\/p>\n<p>Un team costituito da personale del comparto e dirigente medico ha frequentato nell\u2019arco del 2019 i centri PET\/CT di Udine, Trento e Reggio Emilia, in modo da poter disporre di personale gi\u00e0 adeguatamente preparato nella gestione della prestazione PET\/TC al momento dell\u2019installazione della nuova apparecchiatura e sviluppando cos\u00ec le competenze di tutta l\u2019equipe della medicina nucleare. Per assicurare efficienza operativa e qualit\u00e0 gestionale e clinica sono state acquisite risorse umane aggiuntive: un dirigente medico nucleare, due tecnici sanitari di radiologia medica e un Infermiere. E\u2019 in via d\u2019acquisizione tramite bando di concorso pubblico un ulteriore incarico a tempo indeterminato di un dirigente medico nucleare.<\/p>\n<p>Il 18 ottobre si sono concluse le attivit\u00e0 propedeutiche per l\u2019attivazione dell\u2019attivit\u00e0 PET\/CT nella struttura Complessa Medicina Nucleare di Trieste. Dal 22 ottobre inizier\u00e0 l\u2019attivit\u00e0 diagnostica assistenziale per l\u2019Utenza Giuliano-Isontina.<\/p>\n<p>L\u2019attivazione dell\u2019attivit\u00e0 PET\/TC \u00e8 strategica per l\u2019intera Azienda Ospedaliero Universitaria e per tutta l\u2019area Isontina. La Tomografia a emissione di positroni \u00e8 una tecnica diagnostica di medicina nucleare in grado di visualizzare i processi metabolici e funzionali presenti all\u2019interno del corpo. Attraverso la somministrazione di radiofarmaci per via endovenosa, la PET permette di individuare la presenza di tumori o metastasi e definire la localizzazione e il comportamento metabolico e funzionale. La componente Tomografia Computerizzata a 64 strati fornisce dettagliate informazioni morfologiche utili a migliorare l\u2019accuratezza diagnostica dell\u2019esame. Le altre applicazioni riguardano l\u2019ambito neurologico, reumatologico e cardiologico. La dose di radiazioni somministrata \u00e8 molto bassa e non ha conseguenze rilevanti per il paziente che si sottopone all\u2019esame.<\/p>\n<p><a href=\"http:\/\/imagazinevideotruck.it\/outlet\/relink.html\" target=\"_top\" rel=\"noopener\"><img loading=\"lazy\" decoding=\"async\" align=\"LEFT\" height=\"250\" src=\"http:\/\/imagazinevideotruck.it\/outlet\/outlet30.gif\" width=\"300\" alt=\"\" title=\"\"><\/a><\/p>\n<p>\u00a0<\/p>\n<p>\u00a0<\/p>\n<p>\u00a0<\/p>\n<p>\u00a0<\/p>\n<p>\u00a0<\/p>\n<p>\u00a0<\/p>\n<p>\u00a0<\/p>\n<p>\u00a0<\/p>\n<p>\u00a0<\/p>\n<p>La tecnologia PET\/TC non si pone in alternativa ad altre indagini di diagnostica per immagini (TC e\/o RM) ma \u00e8 una metodica complementare e integrativa; il valore aggiunto \u00e8 dato dal fornire uno studio funzionale di organi e strutture biologiche sulla base dell\u2019impiego di radio-traccianti specifici che permettono di valutare distrettualmente il metabolismo (glucidico, lipidico e proteico), la perfusione, la distribuzione e densit\u00e0 recettoriale di molteplici siti e, nello stesso tempo, di accertare e localizzare la presenza di patologie focali di varia natura (tumori, flogosi o simili).<\/p>\n<p>Alla cerimonia sono intervenuti <strong>Antonio Poggiana<\/strong>, Commissario Straordinario ASUITs, <strong>Roberto Di Lenarda<\/strong>, Rettore dell\u2019Universit\u00e0 degli Studi di Trieste, <strong>Franca Dore<\/strong>, Direttore SC Medicina Nucleare ASUITs, <strong>Carlo Grilli<\/strong>,\u00a0assessore alle politiche sociali del Comune di Trieste, <strong>Riccardo Riccardi<\/strong>,\u00a0assessore alla salute del FVG e <strong>Massimiliano Fedriga<\/strong>, presidente della Regione FVG.<\/p>\n","protected":false},"excerpt":{"rendered":"<p>Inaugurata la PET\/TC<\/p>\n","protected":false},"author":28,"featured_media":30257,"comment_status":"closed","ping_status":"closed","sticky":false,"template":"","format":"standard","meta":{"dwc-title":[],"dwc-content":[],"footnotes":""},"categories":[5],"tags":[],"class_list":["post-30256","post","type-post","status-publish","format-standard","has-post-thumbnail","hentry","category-attualita"],"rttpg_featured_image_url":{"full":["https:\/\/imagazine.it\/wp-content\/uploads\/2024\/01\/31433-1.webp",750,481,false],"landscape":["https:\/\/imagazine.it\/wp-content\/uploads\/2024\/01\/31433-1.webp",750,481,false],"portraits":["https:\/\/imagazine.it\/wp-content\/uploads\/2024\/01\/31433-1.webp",750,481,false],"thumbnail":["https:\/\/imagazine.it\/wp-content\/uploads\/2024\/01\/31433-1-150x150.webp",150,150,true],"medium":["https:\/\/imagazine.it\/wp-content\/uploads\/2024\/01\/31433-1-300x192.webp",300,192,true],"large":["https:\/\/imagazine.it\/wp-content\/uploads\/2024\/01\/31433-1.webp",640,410,false],"thumblist":["https:\/\/imagazine.it\/wp-content\/uploads\/2024\/01\/31433-1.webp",300,192,false],"thumbrelated":["https:\/\/imagazine.it\/wp-content\/uploads\/2024\/01\/31433-1.webp",500,321,false],"meccarouselthumb":["https:\/\/imagazine.it\/wp-content\/uploads\/2024\/01\/31433-1.webp",474,304,false],"gridsquare":["https:\/\/imagazine.it\/wp-content\/uploads\/2024\/01\/31433-1.webp",391,251,false],"tileview":["https:\/\/imagazine.it\/wp-content\/uploads\/2024\/01\/31433-1.webp",300,192,false],"1536x1536":["https:\/\/imagazine.it\/wp-content\/uploads\/2024\/01\/31433-1.webp",750,481,false],"2048x2048":["https:\/\/imagazine.it\/wp-content\/uploads\/2024\/01\/31433-1.webp",750,481,false],"newsup-slider-full":["https:\/\/imagazine.it\/wp-content\/uploads\/2024\/01\/31433-1.webp",750,481,false],"newsup-featured":["https:\/\/imagazine.it\/wp-content\/uploads\/2024\/01\/31433-1.webp",750,481,false],"newsup-medium":["https:\/\/imagazine.it\/wp-content\/uploads\/2024\/01\/31433-1-720x380.webp",720,380,true],"tptn_thumbnail":["https:\/\/imagazine.it\/wp-content\/uploads\/2024\/01\/31433-1.webp",250,160,false],"sow-carousel-default":["https:\/\/imagazine.it\/wp-content\/uploads\/2024\/01\/31433-1-272x182.webp",272,182,true]},"rttpg_author":{"display_name":"redazione","author_link":"https:\/\/imagazine.it\/home_desk\/author\/redazione\/"},"rttpg_comment":0,"rttpg_category":"<a href=\"https:\/\/imagazine.it\/home_desk\/category\/attualita\/\" rel=\"category tag\">ATTUALIT\u00c0<\/a>","rttpg_excerpt":"Inaugurata la PET\/TC","_links":{"self":[{"href":"https:\/\/imagazine.it\/home_desk\/wp-json\/wp\/v2\/posts\/30256","targetHints":{"allow":["GET"]}}],"collection":[{"href":"https:\/\/imagazine.it\/home_desk\/wp-json\/wp\/v2\/posts"}],"about":[{"href":"https:\/\/imagazine.it\/home_desk\/wp-json\/wp\/v2\/types\/post"}],"author":[{"embeddable":true,"href":"https:\/\/imagazine.it\/home_desk\/wp-json\/wp\/v2\/users\/28"}],"replies":[{"embeddable":true,"href":"https:\/\/imagazine.it\/home_desk\/wp-json\/wp\/v2\/comments?post=30256"}],"version-history":[{"count":0,"href":"https:\/\/imagazine.it\/home_desk\/wp-json\/wp\/v2\/posts\/30256\/revisions"}],"wp:featuredmedia":[{"embeddable":true,"href":"https:\/\/imagazine.it\/home_desk\/wp-json\/wp\/v2\/media\/30257"}],"wp:attachment":[{"href":"https:\/\/imagazine.it\/home_desk\/wp-json\/wp\/v2\/media?parent=30256"}],"wp:term":[{"taxonomy":"category","embeddable":true,"href":"https:\/\/imagazine.it\/home_desk\/wp-json\/wp\/v2\/categories?post=30256"},{"taxonomy":"post_tag","embeddable":true,"href":"https:\/\/imagazine.it\/home_desk\/wp-json\/wp\/v2\/tags?post=30256"}],"curies":[{"name":"wp","href":"https:\/\/api.w.org\/{rel}","templated":true}]}}