{"id":30254,"date":"2019-10-21T00:00:00","date_gmt":"2019-10-20T23:00:00","guid":{"rendered":"https:\/\/imagazine.it\/?p=30254"},"modified":"2019-10-21T00:00:00","modified_gmt":"2019-10-20T23:00:00","slug":"liberta-di-stampa-e-di-espressione-giornata-evento-a-ronchi","status":"publish","type":"post","link":"https:\/\/imagazine.it\/home_desk\/liberta-di-stampa-e-di-espressione-giornata-evento-a-ronchi\/","title":{"rendered":"Libert\u00e0 di stampa e di espressione, giornata evento a Ronchi"},"content":{"rendered":"<p>Un\u2019intera giornata dedicata alla libert\u00e0 di stampa e di espressione. \u00c8 quella che, promossa dall\u2019Associazione Culturale Leali delle Notizie con il patrocinio dell\u2019amministrazione comunale, si svolger\u00e0 <strong>sabato 26 ottobre a Ronchi dei Legionari<\/strong>.<\/p>\n<p>Una giornata che si articoler\u00e0 in diversi momenti, con numerosi \u00a0appuntamenti e punti di riflessione per sottolineare l\u2019esigenza di rendere vivo, attuale ed efficace l\u2019articolo 21 della Costituzione Italiana.<\/p>\n<p>\u201cUn articolo \u2013 afferma il presidente dell\u2019associazione, <strong>Luca Perrino<\/strong> \u2013 che si ritiene fondamentale per la vita di ognuno di noi e per il nostro futuro. Una giornata dedicata a tutti, non solo agli operatori del settore, ma anche alle famiglie, ai cittadini e alle forze sociali, affinch\u00e9 tutti si stringano intorno a coloro i quali, proprio per cercare la verit\u00e0, hanno perso la loro libert\u00e0 e la loro vita. Una giornata che, partendo dall\u2019articolo 21 della Carta costituzionale italiana, vuole parlare anche delle negate libert\u00e0 di stampa che, purtroppo, insanguinano tutto il mondo\u201d.<\/p>\n<p>La giornata inizier\u00e0 <strong>alle 11.30, nella sala del consiglio del palazzo municipale<\/strong>, dove si svolger\u00e0 la\u00a0<strong>\u00a0cerimonia\u00a0di conferimento della cittadinanza onoraria\u00a0di Ronchi dei Legionari<\/strong>, da parte dell\u2019amministrazione comunale,\u00a0al giornalista<strong> Matthew Caruana Galizia<\/strong>, vincitore del Premio Pulitzer 2017 \u00a0e figlio di Daphne Caruana Galizia, la giornalista maltese uccisa in un attentato nel 2017 alla quale, con il consenso della famiglia e l&#39;Alto patrocinio del Parlamento Europeo, l\u2019associazione Leali delle Notizie ha dedicato un premio, che nel 2020 giunger\u00e0 alla sua terza edizione.\u00a0\u00a0<\/p>\n<p>\u201cPensiamo sia un giusto riconoscimento \u2013 spiega il sindaco di Ronchi, <strong>Livio Vecchiet<\/strong> \u2013 all\u2019impegno che Matthew Caruana Galizia dedica alla ricerca della verit\u00e0 sulla morte della madre, divenuta esempio del giornalismo d\u2019inchiesta, ma anche del servizio reso nel valorizzare e dare visibilit\u00e0 al nostro Comune, visto che ha accolto e sostenuto la proposta di indire il premio dedicato a Daphne Caruana Galizia nell\u2019ambito del Festival del Giornalismo\u201d.<\/p>\n<p>A seguire, sempre nell\u2019aula del Consiglio, ci sar\u00e0 <strong>la firma di condivisione del progetto regionale \u201cBill Biblioteca della Legalit\u00e0\u201d da parte del comune di Ronchi dei Legionari e dell\u2019associazione Leali delle Notizie<\/strong>. E, ancora, in piazza dell\u2019Unit\u00e0 d\u2019Italia, <strong>l\u2019inaugurazione della Panchina della Libert\u00e0 di Stampa<\/strong>, realizzata con la collaborazione dell\u2019artista <strong>Franco Ciot<\/strong>.<\/p>\n<p><a href=\"http:\/\/imagazinevideotruck.it\/outlet\/relink.html\" target=\"_top\" rel=\"noopener\"><img loading=\"lazy\" decoding=\"async\" align=\"LEFT\" height=\"250\" src=\"http:\/\/imagazinevideotruck.it\/outlet\/outlet30.gif\" width=\"300\" alt=\"\" title=\"\"><\/a><\/p>\n<p>\u00a0<\/p>\n<p>\u00a0<\/p>\n<p>\u00a0<\/p>\n<p>\u00a0<\/p>\n<p>\u00a0<\/p>\n<p>\u00a0<\/p>\n<p>\u00a0<\/p>\n<p>\u00a0<\/p>\n<p>\u00a0<\/p>\n<p>Nel pomeriggio,<strong> alle 16.30<\/strong>, sar\u00e0 l\u2019<strong>auditorium comunale<\/strong>\u00a0a ospitare il \u00a0convegno <strong>\u201cQuando la verit\u00e0 non \u00e8 libera, la verit\u00e0 non \u00e8 vera (J.Prevet) La forza dell\u2019articolo 21 delle Costituzione Italiana\u201d<\/strong>, focalizzato sul valore della ricerca della verit\u00e0 nell\u2019informazione,\u00a0ma dedicato anche al valore dei giornalisti che perseguono la verit\u00e0 pur a scapito della loro sicurezza. Coordinato dalla giornalista <strong>Emanuela Bonchino<\/strong>, all\u2019incontro porteranno i loro contributi lo stesso <strong>Matthew Caruana Galizia<\/strong>, il giornalista maltese <strong>Emanuel Delia<\/strong>, il vicedirettore dell\u2019Agi, <strong>Paolo Borrometi<\/strong>, la giornalista e scrittrice <strong>Tiziana Ciavardini<\/strong>, la giornalista dell\u2019Espresso <strong>Floriana Bulfon<\/strong>, il segretario della Fnsi del Trentino Alto Adige, <strong>Rocco Cerone<\/strong>, <strong>Roberta De Maddi<\/strong> del Sindacato unitario dei giornalisti della Campania, <strong>Maria Teresa Ciancio<\/strong> presidente della Fondazione Giuseppe Fava, il giornalista <strong>Valerio Lo Muzio<\/strong>, il giornalista <strong>Roberto Rinaldi<\/strong>, anche in rappresentanza di Articolo 21 del Trentino Alto Adige, <strong>Daniela Luchetta<\/strong>, presidente della Fondazione Luchetta, Ota, D\u2019Angelo, Hrovatin, la giornalista <strong>Marilena Natale<\/strong>, il presidente nazionale della FNSI <strong>Beppe Giulietti<\/strong>, il giornalista <strong>Sandro Ruotolo<\/strong>, il presidente dell\u2019Ordine regionale dei Giornalisti\u00a0<strong>Cristiano Degano<\/strong> e \u00a0<strong>Carlo Muscatello<\/strong> presidente di Assostampa Fvg.<\/p>\n<p>La giornata si concluder\u00e0 alle 20.30, all\u2019auditorium comunale di via Cau De Mezo, con la lettura scenica affidata alla voce dell\u2019attrice <strong>Sara Alzetta<\/strong> (accompagnamento musicale di <strong>Paolo Cervi<\/strong>) e con la presentazione del libro di <strong>Luigi Grimaldi<\/strong> e <strong>Luciano Scalettari<\/strong> \u201cIlaria Alpi e Miran Hrovatin \u2013 Depistaggi e verit\u00e0 nascoste a 25 anni dalla morte\u201d. Sar\u00e0 presente <strong>Luigi Grimaldi<\/strong> che dialogher\u00e0 con la giornalista <strong>Barbara Schiavulli.<\/strong><\/p>\n","protected":false},"excerpt":{"rendered":"<p>Presentato l&#8217;evento del 26 ottobre<\/p>\n","protected":false},"author":28,"featured_media":30255,"comment_status":"closed","ping_status":"closed","sticky":false,"template":"","format":"standard","meta":{"dwc-title":[],"dwc-content":[],"footnotes":""},"categories":[5],"tags":[],"class_list":["post-30254","post","type-post","status-publish","format-standard","has-post-thumbnail","hentry","category-attualita"],"rttpg_featured_image_url":{"full":["https:\/\/imagazine.it\/wp-content\/uploads\/2024\/01\/31431-1.webp",750,498,false],"landscape":["https:\/\/imagazine.it\/wp-content\/uploads\/2024\/01\/31431-1.webp",750,498,false],"portraits":["https:\/\/imagazine.it\/wp-content\/uploads\/2024\/01\/31431-1.webp",750,498,false],"thumbnail":["https:\/\/imagazine.it\/wp-content\/uploads\/2024\/01\/31431-1-150x150.webp",150,150,true],"medium":["https:\/\/imagazine.it\/wp-content\/uploads\/2024\/01\/31431-1-300x199.webp",300,199,true],"large":["https:\/\/imagazine.it\/wp-content\/uploads\/2024\/01\/31431-1.webp",640,425,false],"thumblist":["https:\/\/imagazine.it\/wp-content\/uploads\/2024\/01\/31431-1.webp",300,199,false],"thumbrelated":["https:\/\/imagazine.it\/wp-content\/uploads\/2024\/01\/31431-1.webp",500,332,false],"meccarouselthumb":["https:\/\/imagazine.it\/wp-content\/uploads\/2024\/01\/31431-1.webp",474,315,false],"gridsquare":["https:\/\/imagazine.it\/wp-content\/uploads\/2024\/01\/31431-1.webp",391,260,false],"tileview":["https:\/\/imagazine.it\/wp-content\/uploads\/2024\/01\/31431-1.webp",300,199,false],"1536x1536":["https:\/\/imagazine.it\/wp-content\/uploads\/2024\/01\/31431-1.webp",750,498,false],"2048x2048":["https:\/\/imagazine.it\/wp-content\/uploads\/2024\/01\/31431-1.webp",750,498,false],"newsup-slider-full":["https:\/\/imagazine.it\/wp-content\/uploads\/2024\/01\/31431-1.webp",750,498,false],"newsup-featured":["https:\/\/imagazine.it\/wp-content\/uploads\/2024\/01\/31431-1.webp",750,498,false],"newsup-medium":["https:\/\/imagazine.it\/wp-content\/uploads\/2024\/01\/31431-1-720x380.webp",720,380,true],"tptn_thumbnail":["https:\/\/imagazine.it\/wp-content\/uploads\/2024\/01\/31431-1.webp",250,166,false],"sow-carousel-default":["https:\/\/imagazine.it\/wp-content\/uploads\/2024\/01\/31431-1-272x182.webp",272,182,true]},"rttpg_author":{"display_name":"redazione","author_link":"https:\/\/imagazine.it\/home_desk\/author\/redazione\/"},"rttpg_comment":0,"rttpg_category":"<a href=\"https:\/\/imagazine.it\/home_desk\/category\/attualita\/\" rel=\"category tag\">ATTUALIT\u00c0<\/a>","rttpg_excerpt":"Presentato l'evento del 26 ottobre","_links":{"self":[{"href":"https:\/\/imagazine.it\/home_desk\/wp-json\/wp\/v2\/posts\/30254","targetHints":{"allow":["GET"]}}],"collection":[{"href":"https:\/\/imagazine.it\/home_desk\/wp-json\/wp\/v2\/posts"}],"about":[{"href":"https:\/\/imagazine.it\/home_desk\/wp-json\/wp\/v2\/types\/post"}],"author":[{"embeddable":true,"href":"https:\/\/imagazine.it\/home_desk\/wp-json\/wp\/v2\/users\/28"}],"replies":[{"embeddable":true,"href":"https:\/\/imagazine.it\/home_desk\/wp-json\/wp\/v2\/comments?post=30254"}],"version-history":[{"count":0,"href":"https:\/\/imagazine.it\/home_desk\/wp-json\/wp\/v2\/posts\/30254\/revisions"}],"wp:featuredmedia":[{"embeddable":true,"href":"https:\/\/imagazine.it\/home_desk\/wp-json\/wp\/v2\/media\/30255"}],"wp:attachment":[{"href":"https:\/\/imagazine.it\/home_desk\/wp-json\/wp\/v2\/media?parent=30254"}],"wp:term":[{"taxonomy":"category","embeddable":true,"href":"https:\/\/imagazine.it\/home_desk\/wp-json\/wp\/v2\/categories?post=30254"},{"taxonomy":"post_tag","embeddable":true,"href":"https:\/\/imagazine.it\/home_desk\/wp-json\/wp\/v2\/tags?post=30254"}],"curies":[{"name":"wp","href":"https:\/\/api.w.org\/{rel}","templated":true}]}}