{"id":30236,"date":"2019-10-18T00:00:00","date_gmt":"2019-10-17T23:00:00","guid":{"rendered":"https:\/\/imagazine.it\/?p=30236"},"modified":"2019-10-18T00:00:00","modified_gmt":"2019-10-17T23:00:00","slug":"cinema-e-new-media-si-incrociano-a-cervignano","status":"publish","type":"post","link":"https:\/\/imagazine.it\/home_desk\/cinema-e-new-media-si-incrociano-a-cervignano\/","title":{"rendered":"Cinema e new media si incrociano a Cervignano"},"content":{"rendered":"<p>In arrivo la settima edizione del <strong>CervignanoFilmFestival \u2013 Il cinema del confine e del limite<\/strong> in programma da <strong>mercoled\u00ec 23 a domenica 27 ottobre<\/strong>, dedicata quest\u2019anno al tema &#8220;<strong>Cinema e new media<\/strong>&#8220;, con un focus sulla post-esperienza generata da una fruizione interattiva del medium cinematografico.<\/p>\n<p>Intento degli organizzatori \u00e8 coprire storicamente i vari tentativi di imprimere al cinema una qualche forma di interattivit\u00e0, spaziando dalle scelte multiple per lo sviluppo della storia, secondo una struttura ad albero, fino all&#39;analisi del punto di vista del cinema d&#39;autore degli anni Settanta, alla spinta pop del videogame nel decennio successivo, alla complessit\u00e0 dell&#39;odierna realt\u00e0 virtuale. Partendo dalle prime forme d&#39;interazione con un&#39;opera filmica si arriver\u00e0 allo stato dell&#39;arte attuale, gettando uno sguardo ai suoi possibili sviluppi.<\/p>\n<p>Tra gli ospiti anche <strong>Luca Vendruscolo<\/strong>, regista della serie-culto <em>Boris<\/em>, e l&#39;attore e regista friulano <strong>Matteo Oleotto<\/strong>, a breve su Rai2 con la fiction &#8220;Volevo fare la Rockstar&#8221;.<\/p>\n<p><strong>IL CONCORSO.<\/strong> Quattro le<strong> sezioni di concorso: documentari e cortometraggi internazionali, cinema VR, cortometraggi delle scuole italiane <\/strong>e, infine,<strong> finestra sul cinema FVG.<\/strong> Le opere del concorso principale e della sezione FVG saranno proiettate (nel secondo caso alla presenza dei registi) in serate dedicate. La mattinata di sabato 26 ottobre verr\u00e0 riservata ai finalisti del concorso scuole: le classi presenteranno al pubblico i rispettivi lavori e quelle che non avranno modo di partecipare potranno seguire l&#39;evento in diretta streaming e intervenire tramite collegamenti Skype. Per la nuova sezione del cinema VR sar\u00e0 allestita un&#39;apposita sala alla Casa della Musica, dove si potr\u00e0 fruire dei contenuti interattivi in modalit\u00e0 virtuale; ospite d&#39;eccezione al concorso sar\u00e0 uno dei trionfatori all&#39;ultimo Festival del Cinema di Venezia, &#8220;<strong>Daughters of Chibok<\/strong>&#8220;.<\/p>\n<p>Due serate, quelle del 24 e 25 ottobre, saranno riservate ai 19 cortometraggi internazionali pervenuti, alcuni inediti e forti di partecipazioni d&#39;eccellenza, come nel caso di Maria Grazia Cucinotta,\u00a0Mingo De Pasquale, Aniello Arena e\u00a0Giuseppe Battiston. Le premiazioni di tutte le categorie di concorso si terranno domenica 27, alle 20.30, in Sala Aurora, alla presenza di varie autorit\u00e0: ospite musicale sar\u00e0 il gruppo Acid Folk <strong>Villandorme<\/strong>, composto da <strong>Lino Straulino, Alessia Valle e Alvise Nodale<\/strong>.<\/p>\n<p>Spicca, nel cartellone del CFF 2019, la proiezione (alle 21.30 di mercoled\u00ec 23 ottobre, in Sala Aurora) del <strong>primo film interattivo in assoluto, <em>Kinoautomat<\/em><\/strong> (1967), ideato da <strong>Rad\u00faz \u010cin\u010dera<\/strong> per il padiglione cecoslovacco all&#39;Expo &#39;67 a Montreal: in nove punti, nel corso della narrazione filmica, l&#39;azione si ferma e un moderatore appare sul palco per chiedere al pubblico di optare fra due scene. Dopo il voto degli spettatori, la proiezione prosegue in linea con la scelta. Si tratta di una black-comedy, una satira della democrazia attraverso l&#39;interazione in un percorso solitamente lineare quale \u00e8 il cinema. <strong>Sar\u00e0 presente la figlia del regista, Alena Cincerova<\/strong>, curatrice della serata.<\/p>\n<p><a href=\"http:\/\/imagazinevideotruck.it\/outlet\/relink.html\" target=\"_top\" rel=\"noopener\"><img loading=\"lazy\" decoding=\"async\" align=\"LEFT\" height=\"250\" src=\"http:\/\/imagazinevideotruck.it\/outlet\/outlet30.gif\" width=\"300\" alt=\"\" title=\"\"><\/a><\/p>\n<p>\u00a0<\/p>\n<p>\u00a0<\/p>\n<p>\u00a0<\/p>\n<p>\u00a0<\/p>\n<p>\u00a0<\/p>\n<p>\u00a0<\/p>\n<p>\u00a0<\/p>\n<p>\u00a0<\/p>\n<p>\u00a0<\/p>\n<p>Gioved\u00ec 24, alle 17, in Sala Aurora verr\u00e0 invece proposto il film per la tv &#8220;<strong>Welt am draht<\/strong>&#8221; di Fassbinder, la cui figura sar\u00e0 al centro di una giornata di studi. Realizzata nel 1973, la visionaria pellicola (che si potr\u00e0 ammirare nella versione restaurata) esplora, per la prima volta, il tema dei mondi paralleli, presentato di recente al Festival di Berlino. L&#39;introduzione sar\u00e0 a cura del <strong>professor Leonardo Quaresima<\/strong>, massimo esperto di cinema tedesco; lo affiancheranno <strong>Andrea Marian<\/strong><strong>i<\/strong>, con un focus sui New Media, e <strong>Mattia Filigoi<\/strong>, che si addentrer\u00e0 nelle forme narrative legate all&#39;esplorazione nei mondi virtuali videoludici.<\/p>\n<p>Nella giornata di sabato 26, dedicata al Friuli Venezia Giulia, patrocinata da Turismo FVG, verr\u00e0 inoltre proiettata la docufiction <strong><em>Die<\/em><\/strong><strong><em>\u00e7<\/em><\/strong> di <strong>Thomas Turolo<\/strong>, che ricostruisce la storia della mostra internazionale d&#39;arte di Illegio; prevista poi una conferenza sul tema della commedia all&#39;italiana con <strong>Luca Vendruscolo<\/strong> e <strong>Matteo Oleotto<\/strong>. Si potr\u00e0 inoltre assistere al documentario &#8220;<strong>Ossi Cz\u00ednner&#8221; (Tomaselli, 2019)<\/strong>, in collaborazione con <strong>Cervignano Nostra<\/strong>.<\/p>\n<p>Per i ragazzi verr\u00e0 attivato (a cura di <strong>Antonio Giacomin<\/strong>) un laboratorio sulle tecniche di produzione VR, mentre le mattinate riservate alle scuole proporranno i film <em>Matin\u00e9e<\/em> (del regista statunitense Joe Dante, 1993), omaggio al cinema fantascientifico degli anni Cinquanta e Sessanta, con un focus sul tema della Guerra Fredda, e <em>Wargames &#8211; Giochi di guerra<\/em> (1983), interessante analisi sul mondo dei computer, sulla loro incapacit\u00e0 di discernere tra finzione e realt\u00e0.<\/p>\n<p><strong>LE PROPOSTE COLLATERALI.<\/strong> La mostra &#8220;<strong>Alle origini del film interattivo<\/strong>&#8220;, inoltre, permetter\u00e0 di scoprire come il mondo dei videogiochi degli anni Ottanta cerc\u00f2 di ibridare il linguaggio cinematografico con quello videoludico. <strong>Cabinati storici e console<\/strong> rievocheranno (a cura della neo associazione ESP, presso la Stone Gallery di Via Roma, nei locali dell\u2019Associazione Espansione) l&#39;atmosfera dell&#39;epoca. Prevista inoltre una <strong>sezione espositiva dedicata all&#39;artista Steinar Lund<\/strong>, che sar\u00e0 ospite della manifestazione e terr\u00e0 un workshop sulle tecniche di realizzazione dei suoi lavori pi\u00f9 importanti, quali la box-art del videogioco The last ninja (1987): appuntamento, nel caso, all&#39;Atelier d&#39;Arte <strong>Lucio Comar<\/strong>. E domenica 27 si terr\u00e0 pure un <strong>torneo eSport<\/strong>, organizzato da Gamers Arena: ospite sar\u00e0 lo <strong>youtuber federic95ita<\/strong>. Saranno inoltre presenti\u00a0 i <strong>cabinati d\u2019epoca<\/strong> di <strong>Coinop Project<\/strong>.<\/p>\n<p>Il Cervignano Film Festival \u00e8 organizzato dal Ricreatorio San Michele di Cervignano del Friuli in partenariato con il Comune di Cervignano e con il contributo del Comune stesso e della Regione Friuli Venezia Giulia.<\/p>\n","protected":false},"excerpt":{"rendered":"<p>In arrivo il Film Festival<\/p>\n","protected":false},"author":28,"featured_media":30237,"comment_status":"closed","ping_status":"closed","sticky":false,"template":"","format":"standard","meta":{"dwc-title":[],"dwc-content":[],"footnotes":""},"categories":[37],"tags":[],"class_list":["post-30236","post","type-post","status-publish","format-standard","has-post-thumbnail","hentry","category-cultura-e-spettacolo"],"rttpg_featured_image_url":{"full":["https:\/\/imagazine.it\/wp-content\/uploads\/2024\/01\/31410-1.webp",750,500,false],"landscape":["https:\/\/imagazine.it\/wp-content\/uploads\/2024\/01\/31410-1.webp",750,500,false],"portraits":["https:\/\/imagazine.it\/wp-content\/uploads\/2024\/01\/31410-1.webp",750,500,false],"thumbnail":["https:\/\/imagazine.it\/wp-content\/uploads\/2024\/01\/31410-1-150x150.webp",150,150,true],"medium":["https:\/\/imagazine.it\/wp-content\/uploads\/2024\/01\/31410-1-300x200.webp",300,200,true],"large":["https:\/\/imagazine.it\/wp-content\/uploads\/2024\/01\/31410-1.webp",640,427,false],"thumblist":["https:\/\/imagazine.it\/wp-content\/uploads\/2024\/01\/31410-1.webp",300,200,false],"thumbrelated":["https:\/\/imagazine.it\/wp-content\/uploads\/2024\/01\/31410-1.webp",500,333,false],"meccarouselthumb":["https:\/\/imagazine.it\/wp-content\/uploads\/2024\/01\/31410-1.webp",474,316,false],"gridsquare":["https:\/\/imagazine.it\/wp-content\/uploads\/2024\/01\/31410-1.webp",391,260,false],"tileview":["https:\/\/imagazine.it\/wp-content\/uploads\/2024\/01\/31410-1.webp",300,200,false],"1536x1536":["https:\/\/imagazine.it\/wp-content\/uploads\/2024\/01\/31410-1.webp",750,500,false],"2048x2048":["https:\/\/imagazine.it\/wp-content\/uploads\/2024\/01\/31410-1.webp",750,500,false],"newsup-slider-full":["https:\/\/imagazine.it\/wp-content\/uploads\/2024\/01\/31410-1.webp",750,500,false],"newsup-featured":["https:\/\/imagazine.it\/wp-content\/uploads\/2024\/01\/31410-1.webp",750,500,false],"newsup-medium":["https:\/\/imagazine.it\/wp-content\/uploads\/2024\/01\/31410-1-720x380.webp",720,380,true],"tptn_thumbnail":["https:\/\/imagazine.it\/wp-content\/uploads\/2024\/01\/31410-1.webp",250,167,false],"sow-carousel-default":["https:\/\/imagazine.it\/wp-content\/uploads\/2024\/01\/31410-1-272x182.webp",272,182,true]},"rttpg_author":{"display_name":"redazione","author_link":"https:\/\/imagazine.it\/home_desk\/author\/redazione\/"},"rttpg_comment":0,"rttpg_category":"<a href=\"https:\/\/imagazine.it\/home_desk\/category\/cultura-e-spettacolo\/\" rel=\"category tag\">CULTURA&amp;SPETTACOLO<\/a>","rttpg_excerpt":"In arrivo il Film Festival","_links":{"self":[{"href":"https:\/\/imagazine.it\/home_desk\/wp-json\/wp\/v2\/posts\/30236","targetHints":{"allow":["GET"]}}],"collection":[{"href":"https:\/\/imagazine.it\/home_desk\/wp-json\/wp\/v2\/posts"}],"about":[{"href":"https:\/\/imagazine.it\/home_desk\/wp-json\/wp\/v2\/types\/post"}],"author":[{"embeddable":true,"href":"https:\/\/imagazine.it\/home_desk\/wp-json\/wp\/v2\/users\/28"}],"replies":[{"embeddable":true,"href":"https:\/\/imagazine.it\/home_desk\/wp-json\/wp\/v2\/comments?post=30236"}],"version-history":[{"count":0,"href":"https:\/\/imagazine.it\/home_desk\/wp-json\/wp\/v2\/posts\/30236\/revisions"}],"wp:featuredmedia":[{"embeddable":true,"href":"https:\/\/imagazine.it\/home_desk\/wp-json\/wp\/v2\/media\/30237"}],"wp:attachment":[{"href":"https:\/\/imagazine.it\/home_desk\/wp-json\/wp\/v2\/media?parent=30236"}],"wp:term":[{"taxonomy":"category","embeddable":true,"href":"https:\/\/imagazine.it\/home_desk\/wp-json\/wp\/v2\/categories?post=30236"},{"taxonomy":"post_tag","embeddable":true,"href":"https:\/\/imagazine.it\/home_desk\/wp-json\/wp\/v2\/tags?post=30236"}],"curies":[{"name":"wp","href":"https:\/\/api.w.org\/{rel}","templated":true}]}}