{"id":30228,"date":"2019-10-17T00:00:00","date_gmt":"2019-10-16T23:00:00","guid":{"rendered":"https:\/\/imagazine.it\/?p=30228"},"modified":"2019-10-17T00:00:00","modified_gmt":"2019-10-16T23:00:00","slug":"amaro-si-amplia-lo-stabilimento-della-modulblok","status":"publish","type":"post","link":"https:\/\/imagazine.it\/home_desk\/amaro-si-amplia-lo-stabilimento-della-modulblok\/","title":{"rendered":"Amaro, si amplia lo stabilimento della Modulblok"},"content":{"rendered":"<p>Cresce lo stabilimento di Amaro della <strong>Modulblok<\/strong>. L&#39;azienda friulana, impegnata <strong>nella progettazione e realizzazione di scaffalature industriali per impianti logistici<\/strong>, ha ampliato il suo presidio produttivo sul territorio &#8211; l&#39;altro, storico, si trova nella di Pagnacco &#8211; incrementando lo spazio di <strong>ulteriori 4.000 metri quadrati<\/strong>. Qui trovano posto <strong>una nuova linea di verniciatura e un&#39;area attrezzata con robot per la saldatura<\/strong>. Lo stabilimento \u00e8 stato dotato <strong>anche di un impianto fotovoltaico da 500 Kilowatt <\/strong>per la produzione di energia elettrica. \u00abSoltanto grazie agli investimenti, un&#39;azienda pu\u00f2 crescere e rimanere competitiva sul mercato\u00bb ha evidenziato <strong>Mauro Savio<\/strong>, amministratore unico di Modulblok.<\/p>\n<p>L&#39;investimento sul presidio di Amaro \u00e8 stato celebrato con un taglio del nastro che ha visto il coinvolgimento del territorio, con la partecipazione di alcune Pro loco che hanno cucinato piatti tipici per gli ospiti. \u00abAbbiamo scelto le Pro loco per far scoprire realt\u00e0 fatte di eccellenza, attaccamento al territorio: non \u00e8 stato proposto solo cibo, ma tradizione, cultura, ingredienti e piatti antichi, nel segno della solidariet\u00e0 e della collaborazione\u00bb conclude Savio.<\/p>\n<p>Presente all&#39;inaugurazione anche il presidente del Carnia Industrial Park, <strong>Mario Gollino<\/strong>, accompagnato dal direttore <strong>Danilo Farinelli<\/strong>: \u00abCi piace spesso dire \u201ccrescono le aziende cresce il Parco Industriale\u201d e l\u2019inaugurazione del doppio ampliamento della sede produttiva di Modulblok ad Amaro \u00e8 un evento esemplare da questo punto di vista &#8211; ha sottolineato il presidente -. Questa \u00e8 un\u2019azienda tecnologicamente all\u2019avanguardia, capace di applicare concretamente le logiche dell\u2019Industria 4.0, che ha concentrato la sua attivit\u00e0 produttiva nel nostro Parco Industriale ampliando lo stabilimento esistente, con importanti investimenti non solo nella parte immobiliare, ma anche nell\u2019automazione degli impianti e nell\u2019efficientamento energetico. Le ricadute occupazionali sul territorio sono gi\u00e0 importanti e riteniamo possano ulteriormente crescere\u00bb.<\/p>\n<p><a href=\"http:\/\/imagazinevideotruck.it\/outlet\/relink.html\" target=\"_top\" rel=\"noopener\"><img loading=\"lazy\" decoding=\"async\" align=\"LEFT\" height=\"250\" src=\"http:\/\/imagazinevideotruck.it\/outlet\/outlet30.gif\" width=\"300\" alt=\"\" title=\"\"><\/a><\/p>\n<p>Modulblok, fra gli stabilimenti di Amaro e Pagnacco, conta su uno staff di 150 addetti.<\/p>\n","protected":false},"excerpt":{"rendered":"<p>Dotato di impianto fotovoltaico da 500 Kilowatt<\/p>\n","protected":false},"author":28,"featured_media":30229,"comment_status":"closed","ping_status":"closed","sticky":false,"template":"","format":"standard","meta":{"dwc-title":[],"dwc-content":[],"footnotes":""},"categories":[5],"tags":[],"class_list":["post-30228","post","type-post","status-publish","format-standard","has-post-thumbnail","hentry","category-attualita"],"rttpg_featured_image_url":{"full":["https:\/\/imagazine.it\/wp-content\/uploads\/2024\/01\/31399-1.webp",750,535,false],"landscape":["https:\/\/imagazine.it\/wp-content\/uploads\/2024\/01\/31399-1.webp",750,535,false],"portraits":["https:\/\/imagazine.it\/wp-content\/uploads\/2024\/01\/31399-1.webp",750,535,false],"thumbnail":["https:\/\/imagazine.it\/wp-content\/uploads\/2024\/01\/31399-1-150x150.webp",150,150,true],"medium":["https:\/\/imagazine.it\/wp-content\/uploads\/2024\/01\/31399-1-300x214.webp",300,214,true],"large":["https:\/\/imagazine.it\/wp-content\/uploads\/2024\/01\/31399-1.webp",640,457,false],"thumblist":["https:\/\/imagazine.it\/wp-content\/uploads\/2024\/01\/31399-1.webp",300,214,false],"thumbrelated":["https:\/\/imagazine.it\/wp-content\/uploads\/2024\/01\/31399-1.webp",500,357,false],"meccarouselthumb":["https:\/\/imagazine.it\/wp-content\/uploads\/2024\/01\/31399-1.webp",454,324,false],"gridsquare":["https:\/\/imagazine.it\/wp-content\/uploads\/2024\/01\/31399-1.webp",364,260,false],"tileview":["https:\/\/imagazine.it\/wp-content\/uploads\/2024\/01\/31399-1.webp",300,214,false],"1536x1536":["https:\/\/imagazine.it\/wp-content\/uploads\/2024\/01\/31399-1.webp",750,535,false],"2048x2048":["https:\/\/imagazine.it\/wp-content\/uploads\/2024\/01\/31399-1.webp",750,535,false],"newsup-slider-full":["https:\/\/imagazine.it\/wp-content\/uploads\/2024\/01\/31399-1.webp",750,535,false],"newsup-featured":["https:\/\/imagazine.it\/wp-content\/uploads\/2024\/01\/31399-1.webp",750,535,false],"newsup-medium":["https:\/\/imagazine.it\/wp-content\/uploads\/2024\/01\/31399-1-720x380.webp",720,380,true],"tptn_thumbnail":["https:\/\/imagazine.it\/wp-content\/uploads\/2024\/01\/31399-1.webp",250,178,false],"sow-carousel-default":["https:\/\/imagazine.it\/wp-content\/uploads\/2024\/01\/31399-1-272x182.webp",272,182,true]},"rttpg_author":{"display_name":"redazione","author_link":"https:\/\/imagazine.it\/home_desk\/author\/redazione\/"},"rttpg_comment":0,"rttpg_category":"<a href=\"https:\/\/imagazine.it\/home_desk\/category\/attualita\/\" rel=\"category tag\">ATTUALIT\u00c0<\/a>","rttpg_excerpt":"Dotato di impianto fotovoltaico da 500 Kilowatt","_links":{"self":[{"href":"https:\/\/imagazine.it\/home_desk\/wp-json\/wp\/v2\/posts\/30228","targetHints":{"allow":["GET"]}}],"collection":[{"href":"https:\/\/imagazine.it\/home_desk\/wp-json\/wp\/v2\/posts"}],"about":[{"href":"https:\/\/imagazine.it\/home_desk\/wp-json\/wp\/v2\/types\/post"}],"author":[{"embeddable":true,"href":"https:\/\/imagazine.it\/home_desk\/wp-json\/wp\/v2\/users\/28"}],"replies":[{"embeddable":true,"href":"https:\/\/imagazine.it\/home_desk\/wp-json\/wp\/v2\/comments?post=30228"}],"version-history":[{"count":0,"href":"https:\/\/imagazine.it\/home_desk\/wp-json\/wp\/v2\/posts\/30228\/revisions"}],"wp:featuredmedia":[{"embeddable":true,"href":"https:\/\/imagazine.it\/home_desk\/wp-json\/wp\/v2\/media\/30229"}],"wp:attachment":[{"href":"https:\/\/imagazine.it\/home_desk\/wp-json\/wp\/v2\/media?parent=30228"}],"wp:term":[{"taxonomy":"category","embeddable":true,"href":"https:\/\/imagazine.it\/home_desk\/wp-json\/wp\/v2\/categories?post=30228"},{"taxonomy":"post_tag","embeddable":true,"href":"https:\/\/imagazine.it\/home_desk\/wp-json\/wp\/v2\/tags?post=30228"}],"curies":[{"name":"wp","href":"https:\/\/api.w.org\/{rel}","templated":true}]}}