{"id":30218,"date":"2019-10-14T00:00:00","date_gmt":"2019-10-13T23:00:00","guid":{"rendered":"https:\/\/imagazine.it\/?p=30218"},"modified":"2019-10-14T00:00:00","modified_gmt":"2019-10-13T23:00:00","slug":"ruda-mille-lumini-per-la-lucciolata","status":"publish","type":"post","link":"https:\/\/imagazine.it\/home_desk\/ruda-mille-lumini-per-la-lucciolata\/","title":{"rendered":"Ruda, mille lumini per la Lucciolata"},"content":{"rendered":"<p>Sabato 12 ottobre si \u00e8 svolta a Ruda la ventisettesima edizione della Lucciolata, manifestazione il cui ricavato \u00e8 destinato alla gestione della Casa Via di Natale Franco Gallini\u00a0di Aviano che ha lo scopo di aiutare gli ammalati a curarsi, a guarire e anche a morire con dignit\u00e0.<\/p>\n<p>Alcune particolarit\u00e0 hanno contraddistinto quest&#39;anno il \u201cpre-camminata\u201d e la passeggiata notturna. Nel programma della giornata c\u2019erano anche le bancarelle di ciclamini a: Ruda, in Piazza Libert\u00e0; San Nicol\u00f2, piazzale ricevitoria; Perteole, piazzale della chiesa e via Mazzini; Saciletto e Mortesins di fronte alla chiesa. Sono stati messi in vendita quasi 500 vasi di ciclamini e violette e gi\u00e0 alle 11.30 era tutto sold-out. Anche il coro Multifariam si \u00e8 dato da fare: nel reparto culinario ha gestito il chiosco di dolci, grazie al contributo fattivo delle famiglie coinvolte.\u00a0<\/p>\n<p>Alle ore 19 \u00e8 partito il servizio di navetta dalle piazze di Perteole, Mortesins, San Nicol\u00f2 e Saciletto, da dove i \u201ccamminatori\u201d sono stati portati a Ruda. La partenza \u00e8 stata data alle 20, con la novit\u00e0 di 1.000 lumini disposti lungo i tre chilometri del percorso, da Piazza Libert\u00e0 a Ruda al prefabbricato presso l\u2019area sportiva in via Volontari della Libert\u00e0 a Perteole. Mille lumini che non sono acquistati, bens\u00ec riciclati dai volontari dell&#39;<u><a href=\"http:\/\/www.imagazine.it\/notizie-trieste-gorizia-udine-friuli\/7264\" target=\"_blank\" rel=\"noopener\">Associazione \u201cChei dai Taps\u201d<\/a><\/u> che hanno sistemato un contenitore nei pressi di ogni cimitero di Ruda (Ruda paese, Perteole e Saciletto) dove i lumini esauriti sono stati depositati e quindi sono stati ripuliti, risistemati, tagliati e inserita la cialda, per poi illuminare tutto il percorso.<\/p>\n<p>Un percorso monitorato dalla locale Protezione Civile mentre il Gruppo Alpini di Ruda, dopo i discorsi delle autorit\u00e0, ha distribuito il \u201crancio\u201d per tutti.<\/p>\n<p>A questo momento solidale hanno collaborato anche l&#39;A.D.O, l&#39;A.F.D.S.\u00a0e tutte le Associazioni della localit\u00e0 e moltissimi privati cittadini. Tutto il ricavato\u00a0verr\u00e0 devoluto all\u2019associazione Via di Natale.<\/p>\n","protected":false},"excerpt":{"rendered":"<p>Ventisettesima edizione dell&#8217;evento benefico<\/p>\n","protected":false},"author":22,"featured_media":30219,"comment_status":"closed","ping_status":"closed","sticky":false,"template":"","format":"standard","meta":{"dwc-title":[],"dwc-content":[],"footnotes":""},"categories":[5],"tags":[],"class_list":["post-30218","post","type-post","status-publish","format-standard","has-post-thumbnail","hentry","category-attualita"],"rttpg_featured_image_url":{"full":["https:\/\/imagazine.it\/wp-content\/uploads\/2024\/01\/31372-1.webp",750,487,false],"landscape":["https:\/\/imagazine.it\/wp-content\/uploads\/2024\/01\/31372-1.webp",750,487,false],"portraits":["https:\/\/imagazine.it\/wp-content\/uploads\/2024\/01\/31372-1.webp",750,487,false],"thumbnail":["https:\/\/imagazine.it\/wp-content\/uploads\/2024\/01\/31372-1-150x150.webp",150,150,true],"medium":["https:\/\/imagazine.it\/wp-content\/uploads\/2024\/01\/31372-1-300x195.webp",300,195,true],"large":["https:\/\/imagazine.it\/wp-content\/uploads\/2024\/01\/31372-1.webp",640,416,false],"thumblist":["https:\/\/imagazine.it\/wp-content\/uploads\/2024\/01\/31372-1.webp",300,195,false],"thumbrelated":["https:\/\/imagazine.it\/wp-content\/uploads\/2024\/01\/31372-1.webp",500,325,false],"meccarouselthumb":["https:\/\/imagazine.it\/wp-content\/uploads\/2024\/01\/31372-1.webp",474,308,false],"gridsquare":["https:\/\/imagazine.it\/wp-content\/uploads\/2024\/01\/31372-1.webp",391,254,false],"tileview":["https:\/\/imagazine.it\/wp-content\/uploads\/2024\/01\/31372-1.webp",300,195,false],"1536x1536":["https:\/\/imagazine.it\/wp-content\/uploads\/2024\/01\/31372-1.webp",750,487,false],"2048x2048":["https:\/\/imagazine.it\/wp-content\/uploads\/2024\/01\/31372-1.webp",750,487,false],"newsup-slider-full":["https:\/\/imagazine.it\/wp-content\/uploads\/2024\/01\/31372-1.webp",750,487,false],"newsup-featured":["https:\/\/imagazine.it\/wp-content\/uploads\/2024\/01\/31372-1.webp",750,487,false],"newsup-medium":["https:\/\/imagazine.it\/wp-content\/uploads\/2024\/01\/31372-1-720x380.webp",720,380,true],"tptn_thumbnail":["https:\/\/imagazine.it\/wp-content\/uploads\/2024\/01\/31372-1.webp",250,162,false],"sow-carousel-default":["https:\/\/imagazine.it\/wp-content\/uploads\/2024\/01\/31372-1-272x182.webp",272,182,true]},"rttpg_author":{"display_name":"Livio Nonis","author_link":"https:\/\/imagazine.it\/home_desk\/author\/nonis\/"},"rttpg_comment":0,"rttpg_category":"<a href=\"https:\/\/imagazine.it\/home_desk\/category\/attualita\/\" rel=\"category tag\">ATTUALIT\u00c0<\/a>","rttpg_excerpt":"Ventisettesima edizione dell'evento benefico","_links":{"self":[{"href":"https:\/\/imagazine.it\/home_desk\/wp-json\/wp\/v2\/posts\/30218","targetHints":{"allow":["GET"]}}],"collection":[{"href":"https:\/\/imagazine.it\/home_desk\/wp-json\/wp\/v2\/posts"}],"about":[{"href":"https:\/\/imagazine.it\/home_desk\/wp-json\/wp\/v2\/types\/post"}],"author":[{"embeddable":true,"href":"https:\/\/imagazine.it\/home_desk\/wp-json\/wp\/v2\/users\/22"}],"replies":[{"embeddable":true,"href":"https:\/\/imagazine.it\/home_desk\/wp-json\/wp\/v2\/comments?post=30218"}],"version-history":[{"count":0,"href":"https:\/\/imagazine.it\/home_desk\/wp-json\/wp\/v2\/posts\/30218\/revisions"}],"wp:featuredmedia":[{"embeddable":true,"href":"https:\/\/imagazine.it\/home_desk\/wp-json\/wp\/v2\/media\/30219"}],"wp:attachment":[{"href":"https:\/\/imagazine.it\/home_desk\/wp-json\/wp\/v2\/media?parent=30218"}],"wp:term":[{"taxonomy":"category","embeddable":true,"href":"https:\/\/imagazine.it\/home_desk\/wp-json\/wp\/v2\/categories?post=30218"},{"taxonomy":"post_tag","embeddable":true,"href":"https:\/\/imagazine.it\/home_desk\/wp-json\/wp\/v2\/tags?post=30218"}],"curies":[{"name":"wp","href":"https:\/\/api.w.org\/{rel}","templated":true}]}}