{"id":30210,"date":"2019-10-10T00:00:00","date_gmt":"2019-10-09T23:00:00","guid":{"rendered":"https:\/\/imagazine.it\/?p=30210"},"modified":"2019-10-10T00:00:00","modified_gmt":"2019-10-09T23:00:00","slug":"lincantesimo-che-ferma-il-collio","status":"publish","type":"post","link":"https:\/\/imagazine.it\/home_desk\/lincantesimo-che-ferma-il-collio\/","title":{"rendered":"L&#8217;incantesimo che ferma il Collio"},"content":{"rendered":"<p>Ritorna sul Collio <strong>dal 23 al 27 ottobre Jazz &#038; Wine of Peace<\/strong>, edizione numero 22 del festival ideato dal <strong>Circolo Controtempo<\/strong> di Corm\u00f2ns.<\/p>\n<p><strong>29 gli appuntamenti in cartellone, tre anteprime<\/strong> e molti i nomi di spicco in arrivo, fra i quali il chitarrista <strong>Bill Frisell<\/strong> (23 ottobre), la cantante <strong>Dianne Reeves<\/strong> (26 ottobre), il guru della chitarra <strong>John McLaughlin &#038; the 4th dimension<\/strong> (24 ottobre), il <strong>Cross Current Trio<\/strong> (26 ottobre) che annovera tra i suoi membri il bassista <strong>Dave Holland<\/strong>, il brasiliano <strong>Renato Borghetti<\/strong> (24 ottobre). Diverse le proposte provenienti da oltre la Manica, a testimonianza del vivace periodo musicale che sta vivendo la scena jazzistica inglese: fra i vari nomi la sassofonista <strong>Nubya Garcia<\/strong> (25 ottobre) e il trio <strong>The Comet is Coming<\/strong> (25 ottobre).<\/p>\n<p>I concerti si svolgeranno in luoghi diversi: dal <strong>Teatro di Corm\u00f2ns<\/strong>, cuore pulsante del festival, alle cantine vinicole, aziende agricole, dimore storiche del Friuli Venezia Giulia e della Slovenia.<\/p>\n<p>Ecco il programma completo:<\/p>\n<p><strong>Anteprime festival<\/strong><\/p>\n<p>Gioved\u00ec 10 Ottobre<\/p>\n<p>Ore 20.30<\/p>\n<p><strong>Vienna<\/strong>, Porgy &#038; Bess Jazz &#038; Music Club, Riemergasse 11<\/p>\n<p><strong>Sheila Jordan &#038; Melanie Bong &#39;Native Voices&#39; (USA\/D)<\/strong><\/p>\n<p><strong>Sheila Jordan:<\/strong> vocals<strong> &#8211; Melanie Bong: <\/strong>vocals<strong> &#8211; Renato Chicco: <\/strong>piano<strong> &#8211; Dusan Simovic: <\/strong>bass<\/p>\n<p>\u00a0<\/p>\n<p><a href=\"http:\/\/imagazinevideotruck.it\/outlet\/relink.html\" target=\"_top\" rel=\"noopener\"><img loading=\"lazy\" decoding=\"async\" align=\"LEFT\" height=\"250\" src=\"http:\/\/imagazinevideotruck.it\/outlet\/outlet30.gif\" width=\"300\" alt=\"\" title=\"\"><\/a><\/p>\n<p>\u00a0<\/p>\n<p>\u00a0<\/p>\n<p>\u00a0<\/p>\n<p>\u00a0<\/p>\n<p>\u00a0<\/p>\n<p>\u00a0<\/p>\n<p>\u00a0<\/p>\n<p>\u00a0<\/p>\n<p>\u00a0<\/p>\n<p>Sabato 19 ottobre<\/p>\n<p>ore 18.00<\/p>\n<p>Corm\u00f2ns Sala Civica: <strong>THE MUTES THIEVES<\/strong><\/p>\n<p>\u00a0<\/p>\n<p>Domenica 20 ottobre<\/p>\n<p>Ore 18.00<\/p>\n<p>Az. Agricola Castello di Rubbia &#8211; Gornji Vrh 54 &#8211; San Michele del Carso (Gorizia)<\/p>\n<p><strong>QUARTZITE 4ET<\/strong> (Slovenia, Netherlands, Italy)<\/p>\n<p style=\"margin-left:35.4pt;\"><strong>Marko Jugovic<\/strong>: vibes &#8211; <strong>Wietse Voermans<\/strong>: alto sax &#8211; <strong>Alessio Bruno<\/strong>: double bass &#8211; <strong>Elvis Homan<\/strong>: drums<\/p>\n<p><em>IN COLLABORAZIONE CON Circolo\u00a0KUD Morgan e Kulturni Dom Gorizia<\/em><\/p>\n<p>FUORI ABBONAMENTO<\/p>\n<p>\u00a0<\/p>\n<p><strong>Mercoled\u00ec 23 ottobre<\/strong><\/p>\n<p>ore 21.00<\/p>\n<p>Corm\u00f2ns, Teatro Comunale<\/p>\n<p><strong>BILL FRISELL HARMONY<\/strong> (USA)<\/p>\n<p><strong>Bill Frisell<\/strong>: electric guitar &#8211; <strong>Petra Haden<\/strong>: voice &#8211; <strong>Hank Roberts<\/strong>: cello, vocals &#8211; <strong>Luke Bergman<\/strong>: vocals, baritone guitar<\/p>\n<p>\u00a0<\/p>\n<p>ore 23:30 RM<\/p>\n<p>Enoteca di Corm\u00f2ns (Corm\u00f2ns, piazza XXIV Maggio)<strong> MARGHERITA BAGGI \u2013 PIERCARLO FAVRO Duo<\/strong><\/p>\n<p><strong>Margherita Baggi<\/strong>: vocals &#8211; <strong>Piercarlo Favro<\/strong>: guitar<\/p>\n<p>\u00a0<\/p>\n<p><strong>Gioved\u00ec 24 ottobre<\/strong><\/p>\n<p>Ore 11.00<\/p>\n<p>Cantina Jermann di Ruttars, Localit\u00e0 Trussio 11, Dolegna del Collio<\/p>\n<p><strong>ULTRAMARINE &#8220;Il canto degli uccelli&#8221;<\/strong> (Italy)<\/p>\n<p><strong>Daniele D&#39;Agaro<\/strong>: clarinets &#8211; <strong>Denis Biason<\/strong>: guitars, banjo &#8211; <strong>Luigi Vitale<\/strong>: marimba, percussions &#8211; <strong>Camillo Prosdocimo<\/strong>: imitation of birdsong<\/p>\n<p>\u00a0<\/p>\n<p>ore 11.00<\/p>\n<p>Castello di Spessa, via Spessa 1, Capriva del Friuli<\/p>\n<p><strong>LISA HOFMANINGER &#038; JUDITH SCHWARZ<\/strong> (Austria)<\/p>\n<p><strong>Lisa Hofmaninger<\/strong>: soprano saxophone, bass clarinet &#8211; <strong>Judith Schwarz<\/strong>: drums<\/p>\n<p>\u00a0<\/p>\n<p><strong>JAZZ&#038;TASTE<\/strong><\/p>\n<p>ore 13.00<\/p>\n<p><strong>Azienda Ronc\u00f9s<\/strong>, via Mazzini 26, Capriva del Friuli<\/p>\n<p>Evento a numero chiuso e su prenotazione<\/p>\n<p>ORESTE SABADIN \u2013 CLARINETTO<br \/> \u00a0<\/p>\n<p>Ore 15.30<\/p>\n<p>Villa Attems Cernozza de Postcastro &#8211; Via Giulio Cesare 36, Lucinico (Gorizia)<\/p>\n<p><strong>RENATO BORGHETTI Quarteto<\/strong> (Brazil)<\/p>\n<p><strong>Renato Borghetti<\/strong>: diatonic button accordion &#8211; <strong>Pedro Figueiredo<\/strong>: flute, soprano saxophone &#8211; <strong>Daniel S\u00e1<\/strong>: guitar &#8211; <strong>Vitor Peixoto<\/strong>: piano<\/p>\n<p>\u00a0<\/p>\n<p>Ore 18.00<\/p>\n<p>Villa Nachini Cabassi, Piazza XXVII Maggio, Corno di Rosazzo (UD)<\/p>\n<p><strong>TH\u00c9O CECCALDI &#038; EDWARD PERRAUD<\/strong> (France)<\/p>\n<p><strong>Th\u00e9oCeccaldi<\/strong>: violin &#8211; <strong>Edward Perraud<\/strong>: drums, percussion<\/p>\n<p>\u00a0<\/p>\n<p>ore 21.30<\/p>\n<p>Corm\u00f2ns, Teatro Comunale<\/p>\n<p><strong>JOHN MCLAUGHLIN &#038; THE 4TH Dimension <\/strong>(UK, Cameroon, India)<\/p>\n<p><strong>John McLaughlin<\/strong>: guitar &#8211; <strong>Gary Husband<\/strong>: keyboards- <strong>Etienne Mbapp\u00e9<\/strong>: electric bass &#8211; <strong>Ranjit Barot<\/strong>: drums<\/p>\n<p>\u00a0<\/p>\n<p><strong>Venerd\u00ec 25 ottobre<\/strong><\/p>\n<p>ore 11.00<\/p>\n<p>Abbazia di Rosazzo, Piazza Abbazia 5, Manzano &#8211; Loc. Rosazzo (Udine)<\/p>\n<p><strong>FRODE HALTLI AVANT FOLK<\/strong> (Norway)<\/p>\n<p><strong>Frode Haltli<\/strong>: accordion &#8211; <strong>Erlend Apneseth<\/strong>: Hardanger fiddles &#8211; <strong>Hans P. Kjorstad<\/strong>: violin &#8211; <strong>Rolf-Erik Nystr\u00f8m<\/strong>: saxophones &#8211; <strong>Hildegunn \u00d8iseth<\/strong>: trumpet, goat horn, vocals \u2013 <strong>St\u00e5le Storl\u00f8kken<\/strong>: harmonium, synthesizers &#8211; <strong>Juhani Silvola<\/strong>: guitars and electronics &#8211; <strong>Oddrun Lilja Jonsdottir<\/strong>: guitar and vocals<\/p>\n<p>ore 13.00<\/p>\n<p><strong>Azienda Agricola Gradis\u2019ciutta<\/strong>, Loc. Giasbana, 32\/a , 34070 S.Floriano del Collio (GO)<\/p>\n<p><strong>Presentazione Guida Slow Food \u201cOsterie d\u2019Italia 2019\u201d<\/strong><\/p>\n<p><strong>Marco Starri <\/strong><\/p>\n<p><em>Dj set vinili 45 giri<\/em><\/p>\n<p>\u00a0<\/p>\n<p><strong>JAZZ&#038;TASTE<\/strong><\/p>\n<p>ore 13.00<\/p>\n<p><strong>Azienda Agricola Borgo San Daniele<\/strong>, via San Daniele 38, Corm\u00f2ns<\/p>\n<p>Evento a numero chiuso e su prenotazione<\/p>\n<p>\u00a0<\/p>\n<p>ore 15.30<\/p>\n<p>Azienda Agricola Gradis\u2019ciutta, Loc. Giasbana, 32\/a , 34070 S.Floriano del Collio (GO)<\/p>\n<p><strong>BINKER GOLDING\u2019S BAND<\/strong> (UK)<\/p>\n<p><strong>Binker Golding<\/strong>: tenor saxophone &#8211; <strong>Sarah Tandy<\/strong>: piano \u2013 <strong>Dan Casimir<\/strong>: bass \u2013 <strong>Sam Jones<\/strong>: drums<\/p>\n<p>\u00a0<\/p>\n<p>ore 16.00<\/p>\n<p>Tenuta di Angoris, Localit\u00e0 Angoris 7, Corm\u00f2ns<\/p>\n<p><strong>LOCOMOTIVE DUO<\/strong> (Italy)<\/p>\n<p><strong>Clarissa Durizzotto<\/strong>: alto sax, clarinet &#8211; <strong>Giorgio Pacorig<\/strong>: Fender Rhodes<\/p>\n<p>\u00a0<\/p>\n<p>ore 18.00<\/p>\n<p>Cantina Produttori Corm\u00f2ns, via Vino della Pace 31, Corm\u00f2ns<\/p>\n<p><strong>NUBYA GARCIA<\/strong> (UK)<\/p>\n<p><strong>Nubya Garcia<\/strong>: tenor saxophone &#8211; Rest of lineup t.b.a.<\/p>\n<p style=\"margin-left:35.4pt;\">\u00a0<\/p>\n<p><strong>JAZZ&#038;TASTE<\/strong><\/p>\n<p>ore 19.00<\/p>\n<p><strong>Azienda Russiz Superiore S.S., <\/strong>via Russiz, 7, Capriva del Friuli<\/p>\n<p>Evento a numero chiuso e su prenotazione<\/p>\n<p>ANGELO COMISSO- SOLO PIANO<br \/> \u00a0<\/p>\n<p>Claudine (Corm\u00f2ns, via Friuli 60) RM<\/p>\n<p><strong>ARTROBIUS<\/strong><\/p>\n<p><strong>Graziano Kodermaz<\/strong>: saxophones &#8211; <strong>Paolo Visintin<\/strong>: trombone &#8211; <strong>Simone Kodermaz<\/strong>: violin &#8211; <strong>Marco Gregorig<\/strong>: keyboards &#8211; <strong>Marco Blasig<\/strong>: bass &#8211; <strong>Claudio Cappelli<\/strong>: drums &#8211; <strong>Massimo Kodermaz<\/strong>: bass &#8211; <strong>Max Gregorig<\/strong>: drums<\/p>\n<p>\u00a0<\/p>\n<p>ore 21.30<\/p>\n<p>Corm\u00f2ns, Teatro Comunale<\/p>\n<p><strong>THE COMET IS COMING<\/strong> (UK)<\/p>\n<p><strong>Shabaka Hutchings<\/strong>: tenor saxophone &#8211; <strong>Dan Leavers<\/strong>:\u00a0 keyboards &#8211; <strong>Max Hallet<\/strong>: drums<\/p>\n<p>\u00a0<\/p>\n<p>***************************************************************<\/p>\n<p><strong>Sabato 26 ottobre<\/strong><\/p>\n<p>\u00a0<\/p>\n<p>Nova Gorica (SLO), Kulturni Dom<\/p>\n<p>ore 11.00<\/p>\n<p><strong>AREA OPEN PROJECT<\/strong> (Italy)<\/p>\n<p><strong>Patrizio Fariselli<\/strong>: piano, keyboards &#8211; <strong>Marco Micheli<\/strong>: electric bass &#8211; <strong>Walter Paoli<\/strong>: drums &#8211; <strong>Claudia Tellini<\/strong>: vocals<\/p>\n<p style=\"margin-left:35.4pt;\">\u00a0<\/p>\n<p><strong>JAZZ&#038;TASTE<\/strong><\/p>\n<p>ore 12<\/p>\n<p><strong>POLJE,<\/strong> localit\u00e0 Novali 11, Corm\u00f2ns<\/p>\n<p>Evento a numero chiuso e su prenotazione<\/p>\n<p>EDUARDO CONTIZANETTI \u2013 GUITAR<\/p>\n<p>\u00a0<\/p>\n<p>ore 13:15<\/p>\n<p>Azienda Agricola Ca&#39; Ronesca, loc. Lonzano, Dolegna del Collio<\/p>\n<p><strong>DIETER GLAWISCHNIG &#038; TANJA FEICHTMAIR<\/strong> (Austria)<\/p>\n<p><strong>Dieter Glawischnig<\/strong>: piano &#8211; <strong>Tanja Feichtmair<\/strong>: alto sax<\/p>\n<p>\u00a0<\/p>\n<p>ore 16.00<\/p>\n<p>VIPOL\u017dE (SLO), Vila Vipol\u017ee, Vipol\u017ee 29<\/p>\n<p><strong>MURRAY \/ H\u00c5KER FLATEN \/ NILSSEN-LOVE<\/strong> (USA, Norway)<\/p>\n<p><strong>David Murray: <\/strong>tenor sax, bass clarinet \u2013 <strong>Ingebrigt H\u00e5ker Flaten: <\/strong>bass &#8211; <strong>Paal Nilssen-Love: <\/strong>drums<\/p>\n<p>\u00a0<\/p>\n<p>ore 18.00<\/p>\n<p>Gorizia, Teatro Comunale Giuseppe Verdi<\/p>\n<p><strong>DIANNE REEVES<\/strong> (USA, Brazil)<\/p>\n<p><strong>Dianne Reeves<\/strong>: vocals &#8211; <strong>Peter Martin<\/strong>: piano &#8211; <strong>Romero Lubambo<\/strong>: guitar &#8211; <strong>Reginald Veal<\/strong>: bass &#8211; <strong>Terreon Gully<\/strong>: drums<\/p>\n<p>\u00a0<\/p>\n<p>ore 21.30<\/p>\n<p><u>Corm\u00f2ns, Teatro Comunale<\/u><\/p>\n<p><strong>CROSS CURRENTS TRIO featuring Dave Holland, Zakir Hussain and Chris Potter<\/strong> (UK, India, USA)<\/p>\n<p><strong>Chris Potter<\/strong>: tenor and soprano saxophones &#8211; <strong>Dave Holland<\/strong>: double bass &#8211; <strong>Zakir Hussain<\/strong>: tablas<\/p>\n<p style=\"margin-left:35.4pt;\">\u00a0<\/p>\n<p>*******************************************************<\/p>\n<p>\u00a0<\/p>\n<p><strong>Domenica 27 ottobre<\/strong><\/p>\n<p>ore 11.00<\/p>\n<p>Tenuta Villanova, via Contessa Beretta 29, loc. Villanova, Farra d\u2019Isonzo<\/p>\n<p><strong>BALLISTER<\/strong> (USA, Norway)<\/p>\n<p><strong>Dave Rempis<\/strong>: alto, tenor &#038; baritone saxophones &#8211; <strong>Fred Lonberg-Holm<\/strong>: cello and electronics &#8211; <strong>Paal Nilssen-Love<\/strong>: drums<\/p>\n<p>\u00a0<\/p>\n<p>ore 11.00<\/p>\n<p>Azienda Agricola Magnas &#8211; Via Corona 47, Corm\u00f2ns<\/p>\n<p><strong>FILIPPO OREFICE MALAIKA TRIO<\/strong> (Italy)<\/p>\n<p><strong>Filippo Orefice<\/strong>: tenor sax, clarinet &#8211; <strong>Fabrizio Puglisi<\/strong>: piano &#8211; <strong>Marco D&#39;Orlando<\/strong>: drums<\/p>\n<p>\u00a0<\/p>\n<p>ore 13.00<\/p>\n<p>Villa Codelli, via Codelli 15, Mossa (GO)<\/p>\n<p><strong>FRANCESCO DIODATI YELLOW SQUEEDS<\/strong> (Italy)<\/p>\n<p><strong>Francesco Diodati<\/strong>: guitars &#8211; <strong>Francesco Lento<\/strong>: trumpet &#8211; <strong>Enrico Zanisi<\/strong>: Fender Rhodes, synths &#8211; <strong>Glauco Benedetti<\/strong>: tuba, valve trombone &#8211; <strong>Enrico Morello<\/strong>: drums, gongs<\/p>\n<p>\u00a0<\/p>\n<p>ore 15.30<\/p>\n<p>Cantina Produttori Corm\u00f2ns, via Vino della Pace 31, Corm\u00f2ns<\/p>\n<p><strong>ALY KEITA &#038; HAMID DRAKE Duo<\/strong> (Ivory Coast, USA)<\/p>\n<p><strong>Aly Keita<\/strong>: balafon &#8211; <strong>Hamid Drake<\/strong>: drums, percussion<\/p>\n<p>\u00a0<\/p>\n<p>ore 18.00<\/p>\n<p>Borgo Conventi, Strada della Colombara 13, Farra d\u2019Isonzo<\/p>\n<p><strong>THEON CROSS FYAH<\/strong> (UK)<\/p>\n<p><em><strong>Theon Cross<\/strong><\/em><em>: tuba\u00a0&#8211; <\/em><strong>Chelsea Carmichael<\/strong>: tenor sax<em> &#8211; <\/em><strong>Benjamin Appiah<\/strong><em>: drums\u00a0\u2013 tba: guitar<\/em><\/p>\n","protected":false},"excerpt":{"rendered":"<p>Dal 23 al 27 ottobre<\/p>\n","protected":false},"author":28,"featured_media":30211,"comment_status":"closed","ping_status":"closed","sticky":false,"template":"","format":"standard","meta":{"dwc-title":[],"dwc-content":[],"footnotes":""},"categories":[37],"tags":[],"class_list":["post-30210","post","type-post","status-publish","format-standard","has-post-thumbnail","hentry","category-cultura-e-spettacolo"],"rttpg_featured_image_url":{"full":["https:\/\/imagazine.it\/wp-content\/uploads\/2024\/01\/31344-1.webp",750,500,false],"landscape":["https:\/\/imagazine.it\/wp-content\/uploads\/2024\/01\/31344-1.webp",750,500,false],"portraits":["https:\/\/imagazine.it\/wp-content\/uploads\/2024\/01\/31344-1.webp",750,500,false],"thumbnail":["https:\/\/imagazine.it\/wp-content\/uploads\/2024\/01\/31344-1-150x150.webp",150,150,true],"medium":["https:\/\/imagazine.it\/wp-content\/uploads\/2024\/01\/31344-1-300x200.webp",300,200,true],"large":["https:\/\/imagazine.it\/wp-content\/uploads\/2024\/01\/31344-1.webp",640,427,false],"thumblist":["https:\/\/imagazine.it\/wp-content\/uploads\/2024\/01\/31344-1.webp",300,200,false],"thumbrelated":["https:\/\/imagazine.it\/wp-content\/uploads\/2024\/01\/31344-1.webp",500,333,false],"meccarouselthumb":["https:\/\/imagazine.it\/wp-content\/uploads\/2024\/01\/31344-1.webp",474,316,false],"gridsquare":["https:\/\/imagazine.it\/wp-content\/uploads\/2024\/01\/31344-1.webp",391,260,false],"tileview":["https:\/\/imagazine.it\/wp-content\/uploads\/2024\/01\/31344-1.webp",300,200,false],"1536x1536":["https:\/\/imagazine.it\/wp-content\/uploads\/2024\/01\/31344-1.webp",750,500,false],"2048x2048":["https:\/\/imagazine.it\/wp-content\/uploads\/2024\/01\/31344-1.webp",750,500,false],"newsup-slider-full":["https:\/\/imagazine.it\/wp-content\/uploads\/2024\/01\/31344-1.webp",750,500,false],"newsup-featured":["https:\/\/imagazine.it\/wp-content\/uploads\/2024\/01\/31344-1.webp",750,500,false],"newsup-medium":["https:\/\/imagazine.it\/wp-content\/uploads\/2024\/01\/31344-1-720x380.webp",720,380,true],"tptn_thumbnail":["https:\/\/imagazine.it\/wp-content\/uploads\/2024\/01\/31344-1.webp",250,167,false],"sow-carousel-default":["https:\/\/imagazine.it\/wp-content\/uploads\/2024\/01\/31344-1-272x182.webp",272,182,true]},"rttpg_author":{"display_name":"redazione","author_link":"https:\/\/imagazine.it\/home_desk\/author\/redazione\/"},"rttpg_comment":0,"rttpg_category":"<a href=\"https:\/\/imagazine.it\/home_desk\/category\/cultura-e-spettacolo\/\" rel=\"category tag\">CULTURA&amp;SPETTACOLO<\/a>","rttpg_excerpt":"Dal 23 al 27 ottobre","_links":{"self":[{"href":"https:\/\/imagazine.it\/home_desk\/wp-json\/wp\/v2\/posts\/30210","targetHints":{"allow":["GET"]}}],"collection":[{"href":"https:\/\/imagazine.it\/home_desk\/wp-json\/wp\/v2\/posts"}],"about":[{"href":"https:\/\/imagazine.it\/home_desk\/wp-json\/wp\/v2\/types\/post"}],"author":[{"embeddable":true,"href":"https:\/\/imagazine.it\/home_desk\/wp-json\/wp\/v2\/users\/28"}],"replies":[{"embeddable":true,"href":"https:\/\/imagazine.it\/home_desk\/wp-json\/wp\/v2\/comments?post=30210"}],"version-history":[{"count":0,"href":"https:\/\/imagazine.it\/home_desk\/wp-json\/wp\/v2\/posts\/30210\/revisions"}],"wp:featuredmedia":[{"embeddable":true,"href":"https:\/\/imagazine.it\/home_desk\/wp-json\/wp\/v2\/media\/30211"}],"wp:attachment":[{"href":"https:\/\/imagazine.it\/home_desk\/wp-json\/wp\/v2\/media?parent=30210"}],"wp:term":[{"taxonomy":"category","embeddable":true,"href":"https:\/\/imagazine.it\/home_desk\/wp-json\/wp\/v2\/categories?post=30210"},{"taxonomy":"post_tag","embeddable":true,"href":"https:\/\/imagazine.it\/home_desk\/wp-json\/wp\/v2\/tags?post=30210"}],"curies":[{"name":"wp","href":"https:\/\/api.w.org\/{rel}","templated":true}]}}