{"id":30206,"date":"2019-10-09T00:00:00","date_gmt":"2019-10-08T23:00:00","guid":{"rendered":"https:\/\/imagazine.it\/?p=30206"},"modified":"2019-10-09T00:00:00","modified_gmt":"2019-10-08T23:00:00","slug":"mara-navarria-un-bronzo-per-ripartire","status":"publish","type":"post","link":"https:\/\/imagazine.it\/home_desk\/mara-navarria-un-bronzo-per-ripartire\/","title":{"rendered":"Mara Navarria, un bronzo per ripartire"},"content":{"rendered":"<p>La stagione 2019\/2020 di\u00a0<strong>Mara Navarria si apre con un bronzo<\/strong>: nella tappa svizzera di Ginevra Satellite World Cup l&#39;azzurra ottiene il terzo posto finale dopo un match molto combattuto contro la polacca Knapic, perso alla priorit\u00e0 per una sola stoccata. Il suo \u00e8 stato un percorso netto nella fase a gironi con 5 vittorie su 5 incontri disputati mentre nelle dirette \u00e8 uscita vittoriosa contro Luna (SUI), Signani (ITA), Briasco (ITA) e Makkinnon (CAN).<\/p>\n<p>\u201c<em>Oggi \u2013 <\/em><em>ha dichiarato Navarria<\/em><em> \u2013 \u00e8 la prima gara dell\u2019anno e sono contenta: mi sono ritrovata in pedana, volevo sperimentare e mettermi alla prova su alcune azioni specifiche. L\u2019obiettivo era di portare a casa degli assalti importanti e sono soddisfatta del risultato ottenuto, oltre il podio<\/em>\u201d.<\/p>\n<p>Mara torner\u00e0 in pedana a Spalato sabato 12 ottobre e poi alla Prima Prova Nazionale di Bastia Umbra, in programma dal 18 al 20 ottobre.<\/p>\n","protected":false},"excerpt":{"rendered":"<p>Sul podio a Ginevra<\/p>\n","protected":false},"author":28,"featured_media":30207,"comment_status":"closed","ping_status":"closed","sticky":false,"template":"","format":"standard","meta":{"dwc-title":[],"dwc-content":[],"footnotes":""},"categories":[38],"tags":[],"class_list":["post-30206","post","type-post","status-publish","format-standard","has-post-thumbnail","hentry","category-sport"],"rttpg_featured_image_url":{"full":["https:\/\/imagazine.it\/wp-content\/uploads\/2024\/01\/31311-1.webp",750,349,false],"landscape":["https:\/\/imagazine.it\/wp-content\/uploads\/2024\/01\/31311-1.webp",750,349,false],"portraits":["https:\/\/imagazine.it\/wp-content\/uploads\/2024\/01\/31311-1.webp",750,349,false],"thumbnail":["https:\/\/imagazine.it\/wp-content\/uploads\/2024\/01\/31311-1-150x150.webp",150,150,true],"medium":["https:\/\/imagazine.it\/wp-content\/uploads\/2024\/01\/31311-1-300x140.webp",300,140,true],"large":["https:\/\/imagazine.it\/wp-content\/uploads\/2024\/01\/31311-1.webp",640,298,false],"thumblist":["https:\/\/imagazine.it\/wp-content\/uploads\/2024\/01\/31311-1.webp",300,140,false],"thumbrelated":["https:\/\/imagazine.it\/wp-content\/uploads\/2024\/01\/31311-1.webp",500,233,false],"meccarouselthumb":["https:\/\/imagazine.it\/wp-content\/uploads\/2024\/01\/31311-1.webp",474,221,false],"gridsquare":["https:\/\/imagazine.it\/wp-content\/uploads\/2024\/01\/31311-1.webp",391,182,false],"tileview":["https:\/\/imagazine.it\/wp-content\/uploads\/2024\/01\/31311-1.webp",300,140,false],"1536x1536":["https:\/\/imagazine.it\/wp-content\/uploads\/2024\/01\/31311-1.webp",750,349,false],"2048x2048":["https:\/\/imagazine.it\/wp-content\/uploads\/2024\/01\/31311-1.webp",750,349,false],"newsup-slider-full":["https:\/\/imagazine.it\/wp-content\/uploads\/2024\/01\/31311-1.webp",750,349,false],"newsup-featured":["https:\/\/imagazine.it\/wp-content\/uploads\/2024\/01\/31311-1.webp",750,349,false],"newsup-medium":["https:\/\/imagazine.it\/wp-content\/uploads\/2024\/01\/31311-1-720x349.webp",720,349,true],"tptn_thumbnail":["https:\/\/imagazine.it\/wp-content\/uploads\/2024\/01\/31311-1.webp",250,116,false],"sow-carousel-default":["https:\/\/imagazine.it\/wp-content\/uploads\/2024\/01\/31311-1-272x182.webp",272,182,true]},"rttpg_author":{"display_name":"redazione","author_link":"https:\/\/imagazine.it\/home_desk\/author\/redazione\/"},"rttpg_comment":0,"rttpg_category":"<a href=\"https:\/\/imagazine.it\/home_desk\/category\/sport\/\" rel=\"category tag\">SPORT<\/a>","rttpg_excerpt":"Sul podio a Ginevra","_links":{"self":[{"href":"https:\/\/imagazine.it\/home_desk\/wp-json\/wp\/v2\/posts\/30206","targetHints":{"allow":["GET"]}}],"collection":[{"href":"https:\/\/imagazine.it\/home_desk\/wp-json\/wp\/v2\/posts"}],"about":[{"href":"https:\/\/imagazine.it\/home_desk\/wp-json\/wp\/v2\/types\/post"}],"author":[{"embeddable":true,"href":"https:\/\/imagazine.it\/home_desk\/wp-json\/wp\/v2\/users\/28"}],"replies":[{"embeddable":true,"href":"https:\/\/imagazine.it\/home_desk\/wp-json\/wp\/v2\/comments?post=30206"}],"version-history":[{"count":0,"href":"https:\/\/imagazine.it\/home_desk\/wp-json\/wp\/v2\/posts\/30206\/revisions"}],"wp:featuredmedia":[{"embeddable":true,"href":"https:\/\/imagazine.it\/home_desk\/wp-json\/wp\/v2\/media\/30207"}],"wp:attachment":[{"href":"https:\/\/imagazine.it\/home_desk\/wp-json\/wp\/v2\/media?parent=30206"}],"wp:term":[{"taxonomy":"category","embeddable":true,"href":"https:\/\/imagazine.it\/home_desk\/wp-json\/wp\/v2\/categories?post=30206"},{"taxonomy":"post_tag","embeddable":true,"href":"https:\/\/imagazine.it\/home_desk\/wp-json\/wp\/v2\/tags?post=30206"}],"curies":[{"name":"wp","href":"https:\/\/api.w.org\/{rel}","templated":true}]}}