{"id":30200,"date":"2019-10-08T00:00:00","date_gmt":"2019-10-07T23:00:00","guid":{"rendered":"https:\/\/imagazine.it\/?p=30200"},"modified":"2019-10-08T00:00:00","modified_gmt":"2019-10-07T23:00:00","slug":"barcolana-in-arrivo-un-week-end-da-record","status":"publish","type":"post","link":"https:\/\/imagazine.it\/home_desk\/barcolana-in-arrivo-un-week-end-da-record\/","title":{"rendered":"Barcolana, in arrivo un week end da record"},"content":{"rendered":"<p>Entra nel vivo Barcolana 51. Domani tutta l\u2019area espositiva del Villaggio, comprese le \u201cali\u201d laterali, saranno aperte al pubblico.<br \/> Nel frattempo il Comitato organizzatore, d&#39;intesa con il Comune di Trieste, in conseguenza al tragico fatto avvenuto venerd\u00ec scorso, nel rispetto delle vittime, delle loro famiglie e delle forze dell&#39;ordine, ha deciso di annullare lo spettacolo pirotecnico in programma la sera di sabato 12 ottobre. Gli organizzatori della Barcolana hanno anche ricevuto da parte di Guardia di Finanza, Carabinieri e Polizia l&#39;informazione che, sempre in segno di rispetto, le forze dell\u2019ordine non saranno presenti nel Villaggio Barcolana.<\/p>\n<p><strong>ISCRIZIONI &#8211;<\/strong>\u00a0Proseguono le iscrizioni in Societ\u00e0 Velica di Barcola e Grignano con 1.358 iscritti alle 17 di oggi, che al momento contano la partecipazione di 5 mega yacht, 6 super maxi e 22 maxi.<\/p>\n<p><strong>SANTI LANGE E IL 69F &#8211;<\/strong>\u00a0Dieci minuti per coprire il primo lato. Questo il tempo teorico di percorrenza del 69F con l\u2019oro olimpico in Nacra 17 <strong>Santi Lange<\/strong> della prima posizione del percorso della Barcolana. Il campione argentino stamani \u00e8 sceso in acqua alle 7.30 per utilizzare la Bora calante sul quadrilatero di 13 miglia della Barcolana. Nei primi bordi di allenamento il 69F sotto le mani di Lange ha corso fino a 30 nodi di velocit\u00e0, arrivando non lontano dal record dei giorni scorsi, ma essendo sottoposto a una maggiore pressione di vento. Le condizioni non erano ottimali per concludere il percorso, perch\u00e9 la bora, quando il sole ha iniziato a scaldare, \u00e8 diminuita. Resta negli annali comunque un tempo di percorrenza di dieci minuti per il primo lato, per una velocit\u00e0\u00a0 di punta di 25,43 nodi che sottolinea ancora una volta la grande performance del piccolo monotipo.\u00a0<\/p>\n<p><a href=\"http:\/\/imagazinevideotruck.it\/outlet\/relink.html\" target=\"_top\" rel=\"noopener\"><img loading=\"lazy\" decoding=\"async\" align=\"LEFT\" height=\"250\" src=\"http:\/\/imagazinevideotruck.it\/outlet\/outlet30.gif\" width=\"300\" alt=\"\" title=\"\"><\/a><\/p>\n<p>\u00a0<\/p>\n<p>\u00a0<\/p>\n<p>\u00a0<\/p>\n<p>\u00a0<\/p>\n<p>\u00a0<\/p>\n<p>\u00a0<\/p>\n<p>\u00a0<\/p>\n<p>\u00a0<\/p>\n<p>\u00a0<\/p>\n<p><strong>LOGISTICA &#8211;<\/strong>\u00a0Regione FVG, Barcolana, Comune di Trieste, Trenitalia, Trieste Trasporti, APT, Trieste Airport, Ferrovie Udine-Cividale e Autovie Venete: tutti assieme per offrire un servizio coordinato alle persone che nei prossimi giorni arriveranno a Trieste per vivere e seguire la regata. La \u201cmacchina organizzativa\u201d coordinata dall\u2019Assessorato ai Trasporti della Regione FVG ha messo a punto una serie di misure che hanno l\u2019obiettivo di rendere migliore il viaggio di chi raggiunger\u00e0 Trieste, con l\u2019obiettivo di far arrivare meno automobili in centro ed evitare ingorghi.<\/p>\n<p>Si parte dai treni: in questi giorni Trenitalia ha potenziato il servizio di trasporto regionale ferroviario, inserendo nella rete un totale di 46 treni regionali straordinari, di cui 22 saranno operativi nella sola giornata di domenica 13 ottobre, ben 13 in pi\u00f9 di quanti erano in servizio l\u2019anno scorso la domenica di Barcolana. In pi\u00f9, i collegamenti ferroviari consentiranno di raggiungere agevolmente Barcolana 51 anche da fuori regione, potendo contare oltre che sui maggiori collegamenti da\/per Venezia via Portogruaro o via Udine\/Gorizia anche sui collegamenti da\/verso Lubiana e dal collegamento da\/verso l&#39;Austria assicurato dai treni Mi.Co.Tra.\u00a0<\/p>\n<p>Chi intende arrivare in automobile a Trieste, a partire da venerd\u00ec 11 ottobre alle 13, pu\u00f2 lasciare a un costo promozionale di 3 euro a giornata l\u2019auto in parcheggio a Trieste Airport (sono 1.000 i posti a disposizione nell\u2019ambito della convenzione), e avere pronto, alla fermata dell\u2019aeroporto &#8211; grazie al potenziamento del servizio &#8211; un treno o un autobus che lo conduca in centro a Trieste, in tempi rapidi e senza quindi avere problemi di parcheggio, partendo direttamente dalla nuova fermata treno e bus di Trieste Airport. Sia i treni sia gli autobus di APT Gorizia saranno potenziati nel fine settimana, e si potr\u00e0 viaggiare con lo stesso biglietto indifferentemente\u00a0 in treno o in bus all\u2019andata e al ritorno.<br \/> Anche chi viaggia in camper pu\u00f2 utilizzare lo stesso sistema: Trieste Airport mette a disposizione da venerd\u00ec alle 13 e fino a domenica ben 50 posti parcheggio per camper a un costo giornaliero di 10 euro. Lasciato in sicurezza il camper al parcheggio dell\u2019aeroporto, i camperesti potranno raggiungere Trieste con treno e autobus, potenziati negli orari e utilizzando il biglietto \u201cintercambiabile\u201d, indifferentemente per utilizzare il bus o il treno.<br \/> Grazie a un accordo tra Trenitalia e APT Gorizia sar\u00e0 possibile non solo utilizzare indifferentemente il biglietto tra treni e autobus APT, ma anche scambiare durante il viaggio: tutti i treni che partono da Trieste, infatti, condurranno o direttamente (quelli direzione Venezia) o con scambio treno-bus alla stazione di Monfalcone (quelli direzione Udine) a Trieste Airport. Come dire che al rientro da Trieste per raggiungere il parcheggio andr\u00e0 bene prendere qualsiasi treno in partenza dalla Stazione Centrale: se si salir\u00e0 su un mezzo direzione Venezia baster\u00e0 scendere direttamente a Trieste Airport, se si salir\u00e0 su un mezzo direzione Udine bisogner\u00e0 scendere alla Stazione di Monfalcone e scambiare con una navetta ad hoc, coordinata con gli orari dei treni, che condurr\u00e0 direttamente al parcheggio di Trieste Airport.<br \/> Chi invece raggiunger\u00e0 Trieste in automobile, oltre a essere informato dai pannelli a messaggio variabile presenti in autostrada di eventuali code o problemi di viabilit\u00e0, trover\u00e0 attivo un sistema di interscambio automobile-autobus urbano: grazie all\u2019intervento di Trieste Trasporti, saranno attivi 6 parcheggi periferici dove lasciare l\u2019automobile e scambiare con l\u2019autobus urbano, pagando un biglietto unico (per altro con grafica personalizzata, praticamente da collezione!) di 1 euro a persona al giorno. I parcheggi di scambio in cui sar\u00e0 attivo il servizio sono quelli situati a Barcola-Bovedo, Barcola-Piazzale 11 settembre, Quadrivio Opicina, Chiarbola (via Carnaro) e Montedoro. Una volta parcheggiata l\u2019automobile, si potr\u00e0 acquistare dal personale Trieste Trasporti presente in loco il biglietto giornaliero\u00a0 &#8211; venerd\u00ec 11 ottobre dalle 15 alle 20, sabato 12 ottobre dalle 10 alle 20 e domenica dalle 8.30 alle 20 &#8211;\u00a0 al costo di un euro a persona che consentir\u00e0 di raggiungere il centro citt\u00e0 in bus. Il parcheggio con maggiore capienza \u00e8 quello di Montedoro: l\u2019autobus navetta per Barcolana, la numero 20, impiega 20 minuti per raggiungere il centro citt\u00e0.<br \/> In occasione della Barcolana, e per favorire tutte le persone che dal centro citt\u00e0 raggiungono la sede della SVBG per andare a iscriversi alla regata, Trieste Trasporti attiver\u00e0 da venerd\u00ec 11 a domenica 13 ottobre degli autobus-navetta elettrici che collegheranno piazza Tommaseo con piazzale 11 settembre a Barcola transitando anche per il parcheggio di Bovedo.<\/p>\n<p><strong>VIABILIT\u00c0 &#8211;<\/strong>\u00a0Con Ordinanza Temporanea in linea di Viabilit\u00e0 797\/2019 dalle ore 14 di venerd\u00ec alle ore 17 di domenica, e comunque fino a cessate necessit\u00e0, \u00e8 stato istituito il divieto di transito per i tutti i veicoli in riva Del Mandracchio, riva Caduti Per l&#39;Italianit\u00e0 e riva Tre Novembre, nel tratto compreso tra l\u2019intersezione con via Mercato Vecchio e l\u2019intersezione con piazza Nicol\u00f2 Tommaseo.<\/p>\n<p><strong>VESPUCCI A TRIESTE PER LA BARCOLANA &#8211;<\/strong>\u00a0La nave sar\u00e0 aperta alle visite della popolazione nei giorni: gioved\u00ec dalle 17.30 alle 20.30; venerd\u00ec dalle 10 alle 12.30 e dalle 14 alle ore 18, sabato dalle 14 alle 18, domenica dalle 9.30 alle 13.<\/p>\n","protected":false},"excerpt":{"rendered":"<p>Apre l&#8217;intera area espositiva del villaggio<\/p>\n","protected":false},"author":28,"featured_media":30201,"comment_status":"closed","ping_status":"closed","sticky":false,"template":"","format":"standard","meta":{"dwc-title":[],"dwc-content":[],"footnotes":""},"categories":[5],"tags":[],"class_list":["post-30200","post","type-post","status-publish","format-standard","has-post-thumbnail","hentry","category-attualita"],"rttpg_featured_image_url":{"full":["https:\/\/imagazine.it\/wp-content\/uploads\/2024\/01\/31301-1.webp",750,450,false],"landscape":["https:\/\/imagazine.it\/wp-content\/uploads\/2024\/01\/31301-1.webp",750,450,false],"portraits":["https:\/\/imagazine.it\/wp-content\/uploads\/2024\/01\/31301-1.webp",750,450,false],"thumbnail":["https:\/\/imagazine.it\/wp-content\/uploads\/2024\/01\/31301-1-150x150.webp",150,150,true],"medium":["https:\/\/imagazine.it\/wp-content\/uploads\/2024\/01\/31301-1-300x180.webp",300,180,true],"large":["https:\/\/imagazine.it\/wp-content\/uploads\/2024\/01\/31301-1.webp",640,384,false],"thumblist":["https:\/\/imagazine.it\/wp-content\/uploads\/2024\/01\/31301-1.webp",300,180,false],"thumbrelated":["https:\/\/imagazine.it\/wp-content\/uploads\/2024\/01\/31301-1.webp",500,300,false],"meccarouselthumb":["https:\/\/imagazine.it\/wp-content\/uploads\/2024\/01\/31301-1.webp",474,284,false],"gridsquare":["https:\/\/imagazine.it\/wp-content\/uploads\/2024\/01\/31301-1.webp",391,235,false],"tileview":["https:\/\/imagazine.it\/wp-content\/uploads\/2024\/01\/31301-1.webp",300,180,false],"1536x1536":["https:\/\/imagazine.it\/wp-content\/uploads\/2024\/01\/31301-1.webp",750,450,false],"2048x2048":["https:\/\/imagazine.it\/wp-content\/uploads\/2024\/01\/31301-1.webp",750,450,false],"newsup-slider-full":["https:\/\/imagazine.it\/wp-content\/uploads\/2024\/01\/31301-1.webp",750,450,false],"newsup-featured":["https:\/\/imagazine.it\/wp-content\/uploads\/2024\/01\/31301-1.webp",750,450,false],"newsup-medium":["https:\/\/imagazine.it\/wp-content\/uploads\/2024\/01\/31301-1-720x380.webp",720,380,true],"tptn_thumbnail":["https:\/\/imagazine.it\/wp-content\/uploads\/2024\/01\/31301-1.webp",250,150,false],"sow-carousel-default":["https:\/\/imagazine.it\/wp-content\/uploads\/2024\/01\/31301-1-272x182.webp",272,182,true]},"rttpg_author":{"display_name":"redazione","author_link":"https:\/\/imagazine.it\/home_desk\/author\/redazione\/"},"rttpg_comment":0,"rttpg_category":"<a href=\"https:\/\/imagazine.it\/home_desk\/category\/attualita\/\" rel=\"category tag\">ATTUALIT\u00c0<\/a>","rttpg_excerpt":"Apre l'intera area espositiva del villaggio","_links":{"self":[{"href":"https:\/\/imagazine.it\/home_desk\/wp-json\/wp\/v2\/posts\/30200","targetHints":{"allow":["GET"]}}],"collection":[{"href":"https:\/\/imagazine.it\/home_desk\/wp-json\/wp\/v2\/posts"}],"about":[{"href":"https:\/\/imagazine.it\/home_desk\/wp-json\/wp\/v2\/types\/post"}],"author":[{"embeddable":true,"href":"https:\/\/imagazine.it\/home_desk\/wp-json\/wp\/v2\/users\/28"}],"replies":[{"embeddable":true,"href":"https:\/\/imagazine.it\/home_desk\/wp-json\/wp\/v2\/comments?post=30200"}],"version-history":[{"count":0,"href":"https:\/\/imagazine.it\/home_desk\/wp-json\/wp\/v2\/posts\/30200\/revisions"}],"wp:featuredmedia":[{"embeddable":true,"href":"https:\/\/imagazine.it\/home_desk\/wp-json\/wp\/v2\/media\/30201"}],"wp:attachment":[{"href":"https:\/\/imagazine.it\/home_desk\/wp-json\/wp\/v2\/media?parent=30200"}],"wp:term":[{"taxonomy":"category","embeddable":true,"href":"https:\/\/imagazine.it\/home_desk\/wp-json\/wp\/v2\/categories?post=30200"},{"taxonomy":"post_tag","embeddable":true,"href":"https:\/\/imagazine.it\/home_desk\/wp-json\/wp\/v2\/tags?post=30200"}],"curies":[{"name":"wp","href":"https:\/\/api.w.org\/{rel}","templated":true}]}}