{"id":30192,"date":"2019-10-07T00:00:00","date_gmt":"2019-10-06T23:00:00","guid":{"rendered":"https:\/\/imagazine.it\/?p=30192"},"modified":"2019-10-07T00:00:00","modified_gmt":"2019-10-06T23:00:00","slug":"cooperative-friulane-franco-baiutti-nuovo-presidente","status":"publish","type":"post","link":"https:\/\/imagazine.it\/home_desk\/cooperative-friulane-franco-baiutti-nuovo-presidente\/","title":{"rendered":"Cooperative Friulane, Franco Baiutti nuovo presidente"},"content":{"rendered":"<p><strong>Franco Baiutti<\/strong>, imprenditore agricolo e, dal 2006, presidente della Cooperativa agricola di Fiumicello, \u00e8 il nuovo presidente dell\u2019Associazione Cooperative Friulane che riunisce 278 cooperative della provincia di Udine di tutti i settori: 82 sono le cooperative agricole e della pesca, 62 quelle di produzione e lavoro, 38 le cooperative nel turismo e nella cultura, 64 le cooperative sociali, 26 le cooperative di distribuzione, utenza e consumo, 4 le Bcc, 1 cooperativa sanitaria e 1 di garanzia fidi.<\/p>\n<p>Baiutti succede a Flavio Sialino, presidente del sodalizio dal 2012: \u00abRafforzare la coesione del sistema delle imprese cooperative friulane sar\u00e0 l\u2019imperativo del mio mandato \u2013 afferma Baiutti \u2013 con l\u2019obiettivo di coinvolgere sempre di pi\u00f9 le imprese cooperative, da quelle pi\u00f9 grandi e strutturate a quelle pi\u00f9 piccole e territorialmente radicate, confermando quel ruolo di pilastro della crescita economica e sociale che la cooperazione friulana rappresenta. Importante, inoltre, far crescere la cooperazione anche nella capacit\u00e0 di essere presenti nei mercati globali. A Flavio Sialino, che per sette anni ha guidato l\u2019Associazione, il ringraziamento mio personale e di tutti i cooperatori friulani per l\u2019impegno profuso in questi anni\u00bb.<\/p>\n<p><a href=\"http:\/\/imagazinevideotruck.it\/outlet\/relink.html\" target=\"_top\" rel=\"noopener\"><img loading=\"lazy\" decoding=\"async\" align=\"LEFT\" height=\"250\" src=\"http:\/\/imagazinevideotruck.it\/outlet\/outlet30.gif\" width=\"300\" alt=\"\" title=\"\"><\/a><\/p>\n<p>\u00a0<\/p>\n<p>\u00a0<\/p>\n<p>\u00a0<\/p>\n<p>\u00a0<\/p>\n<p>\u00a0<\/p>\n<p>\u00a0<\/p>\n<p>\u00a0<\/p>\n<p>\u00a0<\/p>\n<p>\u00a0<\/p>\n<p>Ad affiancare Baiutti alla presidenza sar\u00e0, in qualit\u00e0 di vicepresidente, <strong>Teresa Bertolano<\/strong>, attualmente presidente della cooperativa PU.MA. di Tavagnacco.<\/p>\n<p>Baiutti assume la presidenza dell\u2019Associazione Cooperative Friulane dopo aver gi\u00e0 ricoperto, fino a ieri, il ruolo di vicepresidente dell\u2019Associazione. Ha, inoltre, ricoperto un ruolo anche all\u2019interno della Consulta nazionale di Fedagri Grandi colture e Servizi. Ricopre, infine, il ruolo di consigliere all\u2019interno della Cassa Rurale Fvg e di presidente del Consorzio produttori del radicchio \u201cRosa dell\u2019Isonzo\u201d.<\/p>\n","protected":false},"excerpt":{"rendered":"<p>Succede a Flavio Sialino<\/p>\n","protected":false},"author":28,"featured_media":30193,"comment_status":"closed","ping_status":"closed","sticky":false,"template":"","format":"standard","meta":{"dwc-title":[],"dwc-content":[],"footnotes":""},"categories":[5],"tags":[],"class_list":["post-30192","post","type-post","status-publish","format-standard","has-post-thumbnail","hentry","category-attualita"],"rttpg_featured_image_url":{"full":["https:\/\/imagazine.it\/wp-content\/uploads\/2024\/01\/31285-1.webp",750,499,false],"landscape":["https:\/\/imagazine.it\/wp-content\/uploads\/2024\/01\/31285-1.webp",750,499,false],"portraits":["https:\/\/imagazine.it\/wp-content\/uploads\/2024\/01\/31285-1.webp",750,499,false],"thumbnail":["https:\/\/imagazine.it\/wp-content\/uploads\/2024\/01\/31285-1-150x150.webp",150,150,true],"medium":["https:\/\/imagazine.it\/wp-content\/uploads\/2024\/01\/31285-1-300x200.webp",300,200,true],"large":["https:\/\/imagazine.it\/wp-content\/uploads\/2024\/01\/31285-1.webp",640,426,false],"thumblist":["https:\/\/imagazine.it\/wp-content\/uploads\/2024\/01\/31285-1.webp",300,200,false],"thumbrelated":["https:\/\/imagazine.it\/wp-content\/uploads\/2024\/01\/31285-1.webp",500,333,false],"meccarouselthumb":["https:\/\/imagazine.it\/wp-content\/uploads\/2024\/01\/31285-1.webp",474,315,false],"gridsquare":["https:\/\/imagazine.it\/wp-content\/uploads\/2024\/01\/31285-1.webp",391,260,false],"tileview":["https:\/\/imagazine.it\/wp-content\/uploads\/2024\/01\/31285-1.webp",300,200,false],"1536x1536":["https:\/\/imagazine.it\/wp-content\/uploads\/2024\/01\/31285-1.webp",750,499,false],"2048x2048":["https:\/\/imagazine.it\/wp-content\/uploads\/2024\/01\/31285-1.webp",750,499,false],"newsup-slider-full":["https:\/\/imagazine.it\/wp-content\/uploads\/2024\/01\/31285-1.webp",750,499,false],"newsup-featured":["https:\/\/imagazine.it\/wp-content\/uploads\/2024\/01\/31285-1.webp",750,499,false],"newsup-medium":["https:\/\/imagazine.it\/wp-content\/uploads\/2024\/01\/31285-1-720x380.webp",720,380,true],"tptn_thumbnail":["https:\/\/imagazine.it\/wp-content\/uploads\/2024\/01\/31285-1.webp",250,166,false],"sow-carousel-default":["https:\/\/imagazine.it\/wp-content\/uploads\/2024\/01\/31285-1-272x182.webp",272,182,true]},"rttpg_author":{"display_name":"redazione","author_link":"https:\/\/imagazine.it\/home_desk\/author\/redazione\/"},"rttpg_comment":0,"rttpg_category":"<a href=\"https:\/\/imagazine.it\/home_desk\/category\/attualita\/\" rel=\"category tag\">ATTUALIT\u00c0<\/a>","rttpg_excerpt":"Succede a Flavio Sialino","_links":{"self":[{"href":"https:\/\/imagazine.it\/home_desk\/wp-json\/wp\/v2\/posts\/30192","targetHints":{"allow":["GET"]}}],"collection":[{"href":"https:\/\/imagazine.it\/home_desk\/wp-json\/wp\/v2\/posts"}],"about":[{"href":"https:\/\/imagazine.it\/home_desk\/wp-json\/wp\/v2\/types\/post"}],"author":[{"embeddable":true,"href":"https:\/\/imagazine.it\/home_desk\/wp-json\/wp\/v2\/users\/28"}],"replies":[{"embeddable":true,"href":"https:\/\/imagazine.it\/home_desk\/wp-json\/wp\/v2\/comments?post=30192"}],"version-history":[{"count":0,"href":"https:\/\/imagazine.it\/home_desk\/wp-json\/wp\/v2\/posts\/30192\/revisions"}],"wp:featuredmedia":[{"embeddable":true,"href":"https:\/\/imagazine.it\/home_desk\/wp-json\/wp\/v2\/media\/30193"}],"wp:attachment":[{"href":"https:\/\/imagazine.it\/home_desk\/wp-json\/wp\/v2\/media?parent=30192"}],"wp:term":[{"taxonomy":"category","embeddable":true,"href":"https:\/\/imagazine.it\/home_desk\/wp-json\/wp\/v2\/categories?post=30192"},{"taxonomy":"post_tag","embeddable":true,"href":"https:\/\/imagazine.it\/home_desk\/wp-json\/wp\/v2\/tags?post=30192"}],"curies":[{"name":"wp","href":"https:\/\/api.w.org\/{rel}","templated":true}]}}