{"id":30182,"date":"2019-10-07T00:00:00","date_gmt":"2019-10-06T23:00:00","guid":{"rendered":"https:\/\/imagazine.it\/?p=30182"},"modified":"2019-10-07T00:00:00","modified_gmt":"2019-10-06T23:00:00","slug":"a-trieste-le-storie-di-sogni-possibili","status":"publish","type":"post","link":"https:\/\/imagazine.it\/home_desk\/a-trieste-le-storie-di-sogni-possibili\/","title":{"rendered":"A Trieste le storie di sogni possibili"},"content":{"rendered":"<p>Le \u201c<strong>Storie di sogni possibili\u201d<\/strong> saranno il filo conduttore dell\u2019edizione 2019 di <strong>Triestebookfest<\/strong>, il festival del libro e della lettura in programma <strong>da venerd\u00ec 18 a domenica 20 ottobre.<\/strong><\/p>\n<p>La manifestazione, che si terr\u00e0 in varie sedi cittadine &#8211; musei, caff\u00e8 letterari, librerie &#8211; quest\u2019anno racconter\u00e0, insieme a ospiti e libri, le storie di chi ha inseguito un sogno, superando gli ostacoli che la vita gli ha messo di fronte, di chi non si \u00e8 arreso davanti al dolore e alla fatica, di chi ha perso tutto ma \u00e8 riuscito comunque a ritrovarsi, di chi aveva un progetto e lo ha realizzato. \u201cSaranno storie di donne che hanno cambiato mondi prevalentemente maschili, come quello della scienza o dell\u2019arte, di chi si \u00e8 fatto promotore di cambiamenti sociali che sembravano impossibili, di chi ha aperto strade del sapere sconosciute, di chi \u00e8 riuscito a superare i propri limiti\u201d spiegano le organizzatrici della manifestazione <strong>Loriana Ursich, Daniela Derossi e Angela Del Prete<\/strong>.<\/p>\n<p>Sulla scia dei \u201csogni possibili\u201d Triestebookfest si rivolge agli amanti della lettura di ogni et\u00e0 e proporr\u00e0 non soltanto le classiche <strong>presentazioni di libri<\/strong>, ma anche<strong> reading teatrali e poetici<\/strong>, un <strong>concert<\/strong><strong>o jazz<\/strong> e <strong>due eventi speciali<\/strong>: uno dedicato a <strong>Gianni Rodari<\/strong>, di cui nel 2020 si celebrer\u00e0 il centesimo anniversario dalla nascita, e uno dedicato al <strong>mondo del teatro<\/strong> e organizzato in collaborazione con <strong>Il Rossetti<\/strong>.<\/p>\n<p>Ad aprire il festival, venerd\u00ec 18 alle 10.30 all\u2019<strong>Auditorium del Museo Revoltella<\/strong>, sar\u00e0 la storia di <strong>Federico Faggin<\/strong>, fisico vicentino trapiantato a Palo Alto,\u00a0 in California, definito lo Steve Jobs italiano per aver sviluppato, tra la fine degli anni \u201960 e i primi anni \u201970, la tecnologia fondamentale per la nascita del microchip. Partendo dalla sua autobiografia recentemente pubblicata da Mondadori (\u201cSilicio\u201d, 2019), Faggin ripercorrer\u00e0, in dialogo con il giornalista scientifico <strong>Nico Pitrelli<\/strong>, le principali tappe della sua vita professionale.<\/p>\n<p>Di tutt\u2019altro genere sar\u00e0 la storia narrata da <strong>Mario Calabresi<\/strong>, giornalista ex direttore di Repubblica, che in \u201cLa mattina dopo\u201d (Mondadori, 2019) parte da un sogno ricorrente per arrivare a una lezione importante: non si pu\u00f2 cambiare ci\u00f2 che \u00e8 successo, bisogna fare pace con il passato perch\u00e9 la rabbia non serve a nulla (venerd\u00ec 18 alle 18 nell\u2019Auditorium del Revoltella, con il giornalista <strong>Cristiano Degano<\/strong>).<\/p>\n<p>E sar\u00e0 una sorta di tuffo nel passato, con uno sguardo al futuro, anche l\u2019incontro che avr\u00e0 per protagonista <strong>Simonetta Agnello Hornby<\/strong> e il suo ultimo libro, \u201cSiamo Palermo\u201d (Mondadori, 2019), una rievocazione dei luoghi dell\u2019infanzia scritta a quattro mani con Mimmo Cuticchio. Si parler\u00e0 invece di amore che \u201cnon completa ma comincia\u201d, con lo scrittore e fumettista <strong>Matteo Bussola<\/strong> e il suo \u201cLa vita fino a te\u201d (Einaudi Stile Libero, 2018). Con <strong>Corrado Premuda <\/strong>invece ci si immerger\u00e0 nell\u2019universo della letteratura per ragazzi, ripercorrendo, attraverso il suo \u201cIl vaso di Pandora\u201d (Liscianigiochi, 2019) e con un incontro-laboratorio per bambini dai 7 anni, la storia della prima donna entrata nel mito greco. Sempre a proposito di donne, con <strong>Elisabetta Rasy <\/strong>e il suo \u201cLe disobbedienti\u201d (Mondadori, 2019) si viagger\u00e0 tra le biografie di artiste che hanno combattuto con audacia e vinto la dura battaglia per affermarsi, cambiando per sempre l\u2019immagine della donna nel mondo dell\u2019arte; a intervistarla ci sar\u00e0 <strong>Luisa Antoni<\/strong>.<\/p>\n<p><a href=\"http:\/\/imagazinevideotruck.it\/outlet\/relink.html\" target=\"_top\" rel=\"noopener\"><img loading=\"lazy\" decoding=\"async\" align=\"LEFT\" height=\"250\" src=\"http:\/\/imagazinevideotruck.it\/outlet\/outlet30.gif\" width=\"300\" alt=\"\" title=\"\"><\/a><\/p>\n<p>\u00a0<\/p>\n<p>\u00a0<\/p>\n<p>\u00a0<\/p>\n<p>\u00a0<\/p>\n<p>\u00a0<\/p>\n<p>\u00a0<\/p>\n<p>\u00a0<\/p>\n<p>\u00a0<\/p>\n<p>\u00a0<\/p>\n<p>Si proseguir\u00e0 il discorso nell\u2019ambito del giornalismo, con la presentazione moderata dal giornalista <strong>Giovanni Tomasin<\/strong> della graphic novel \u201cNellie Bly\u201d (Tunu\u00e9, 2019) di <strong>Laura Cimino<\/strong> e <strong>Sergio Algozzino<\/strong>, dedicata alla\u00a0 storia\u00a0 vera della prima donna cronista. Ma anche la scienza ha avuto le proprie pioniere, che hanno fatto da apripista alle altre donne in un pianeta apertamente ostile, fatto di soli uomini. Sar\u00e0 questo uno dei temi che emergeranno nel reading teatrale di <strong>Gabriella Greison <\/strong>\u201cLa leggendaria storia di Heisenberg e dei fisici di Farm Hall\u201d. Spazio alle invenzioni in campo musicale invece con l\u2019incontro, seguito da concerto, che avr\u00e0 come protagonista <strong>Claudio Sessa, <\/strong>con cui si ricorder\u00e0 l\u2019opera di un personaggio chiave nella storia del jazz, il pianista Jelly Roll Morton: Sessa \u00e8 il curatore del volume \u201cMister Jelly Roll. Vita, fortune e disavventure di Jelly Roll Morton\u201d (Quodlibet Chorus, 2019).<\/p>\n<p>In programma un omaggio a <strong>Gianni Rodari<\/strong>, che sar\u00e0 ricordato con un evento speciale, \u201cRodari rima con fantasia. Sogni (im)possibili e sassi fantastici\u201d, curato e moderato dall\u2019esperto di letteratura per l\u2019infanzia <strong>Piero Guglielmino<\/strong>, che unir\u00e0 all\u2019insegna dell\u2019illustrazione, della narrazione ludica e dei giochi di parole il vignettista e illustratore <strong>Fabio Magnasciutti, <\/strong>lo scrittore, giornalista e ludologo <strong>Beniamino Sidoti <\/strong>e l\u2019editore di Edizioni EL <strong>Gaia Stock <\/strong>(domenica 20 alle 11 al Revoltella).<\/p>\n<p>Un altro appuntamento speciale sar\u00e0 dedicato, in collaborazione con il Rossetti di Trieste, al teatro e ai suoi protagonisti: saranno infatti ospiti di Triestebookfest, introdotti dal professor <strong>Paolo Quazzolo<\/strong> al Revoltella, gli attori <strong>Elena Radonicich<\/strong> e <strong>Peppino Mazzotta<\/strong>. Ci sar\u00e0 inoltre un reading con il poeta e libraio <strong>Alessandro Barbaglia <\/strong>(\u201cHo sognato di sognare. Storia di un bi-sogno\u201d), introdotto dalla giornalista <strong>Sarah Del Sal<\/strong>, una riflessione sul viaggio e sui confini con <strong>Paolo Rumiz<\/strong> e <strong>Donatella Ferrario<\/strong>, a partire dall\u2019ultimo libro dell\u2019autrice, \u201cSconfinare\u201d (Edizioni San Paolo, 2018), un incontro con <strong>Wlodek Goldkorn<\/strong>, autore del recente \u201cL\u2019asino del Messia\u201d (Feltrinelli, 2019). E ancora la presentazione, all\u2019interno del supermercato Coop di Largo Barriera, del libro \u201cLibero libera tutti\u201d (Bora.La, 2019), di <strong>Francesca Sarocchi<\/strong>, in dialogo con <strong>Chiara Gily e Diego Manna<\/strong>, e un doppio appuntamento alla libreria Minerva: con <strong>Paolo Iannacone <\/strong>e il suo \u201cVoci di umanit\u00e0 in tempo di barbarie\u201d (Cittadella editrice, 2019), e con la casa editrice <strong>Vita Activa<\/strong>, che si presenter\u00e0 al pubblico del Triestebookfest. Completeranno il calendario il laboratorio per bambini <strong>Incontriamoci a bassa voce, Speciale Rodari<\/strong> a cura del Servizio musei e biblioteche del Comune, la passeggiata letteraria a cura di <strong>Luca Bellocchi, \u201c<\/strong>Un caff\u00e8 con Svevo &#038; co.\u201d (info e prenotazioni al 3395219806), e le cene e i brunch con gli autori, momenti conviviali per avvicinare attraverso il dialogo scrittori e lettori.<\/p>\n<p>Un incontro-anteprima del festival, sempre sul filo conduttore dei sogni possibili, sar\u00e0 proposto anche nell\u2019ambito della Barcolana: sabato 12 ottobre alle 12 al Caff\u00e8 San Marco appuntamento con l\u2019attore e conduttore radiofonico <strong>Matteo Caccia<\/strong>. Seguendo il format delle sue trasmissioni radiofoniche, Caccia racconter\u00e0 storie di sogni che si sono realizzati, che Triestebookfest raccoglier\u00e0 nelle giornate precedenti l\u2019evento attraverso i suoi canali social. Chiunque pu\u00f2 partecipare all\u2019iniziativa proponendo la propria storia: ne saranno selezionate una manciata che diventeranno le protagoniste dell\u2019incontro.<\/p>\n<p>Tutti gli incontri, tranne la passeggiata per cui \u00e8 previsto un piccolo contributo, sono a ingresso libero. Il programma completo \u00e8 su <u><a href=\"http:\/\/www.triestebookfest.it\/\" target=\"_blank\" rel=\"noopener\">www.triestebookfest.it<\/a><\/u>.\u00a0<\/p>\n","protected":false},"excerpt":{"rendered":"<p>Presentato il Triestebookfest<\/p>\n","protected":false},"author":28,"featured_media":30183,"comment_status":"closed","ping_status":"closed","sticky":false,"template":"","format":"standard","meta":{"dwc-title":[],"dwc-content":[],"footnotes":""},"categories":[37],"tags":[],"class_list":["post-30182","post","type-post","status-publish","format-standard","has-post-thumbnail","hentry","category-cultura-e-spettacolo"],"rttpg_featured_image_url":{"full":["https:\/\/imagazine.it\/wp-content\/uploads\/2024\/01\/31272-1.webp",750,537,false],"landscape":["https:\/\/imagazine.it\/wp-content\/uploads\/2024\/01\/31272-1.webp",750,537,false],"portraits":["https:\/\/imagazine.it\/wp-content\/uploads\/2024\/01\/31272-1.webp",750,537,false],"thumbnail":["https:\/\/imagazine.it\/wp-content\/uploads\/2024\/01\/31272-1-150x150.webp",150,150,true],"medium":["https:\/\/imagazine.it\/wp-content\/uploads\/2024\/01\/31272-1-300x215.webp",300,215,true],"large":["https:\/\/imagazine.it\/wp-content\/uploads\/2024\/01\/31272-1.webp",640,458,false],"thumblist":["https:\/\/imagazine.it\/wp-content\/uploads\/2024\/01\/31272-1.webp",300,215,false],"thumbrelated":["https:\/\/imagazine.it\/wp-content\/uploads\/2024\/01\/31272-1.webp",500,358,false],"meccarouselthumb":["https:\/\/imagazine.it\/wp-content\/uploads\/2024\/01\/31272-1.webp",453,324,false],"gridsquare":["https:\/\/imagazine.it\/wp-content\/uploads\/2024\/01\/31272-1.webp",363,260,false],"tileview":["https:\/\/imagazine.it\/wp-content\/uploads\/2024\/01\/31272-1.webp",300,215,false],"1536x1536":["https:\/\/imagazine.it\/wp-content\/uploads\/2024\/01\/31272-1.webp",750,537,false],"2048x2048":["https:\/\/imagazine.it\/wp-content\/uploads\/2024\/01\/31272-1.webp",750,537,false],"newsup-slider-full":["https:\/\/imagazine.it\/wp-content\/uploads\/2024\/01\/31272-1.webp",750,537,false],"newsup-featured":["https:\/\/imagazine.it\/wp-content\/uploads\/2024\/01\/31272-1.webp",750,537,false],"newsup-medium":["https:\/\/imagazine.it\/wp-content\/uploads\/2024\/01\/31272-1-720x380.webp",720,380,true],"tptn_thumbnail":["https:\/\/imagazine.it\/wp-content\/uploads\/2024\/01\/31272-1.webp",250,179,false],"sow-carousel-default":["https:\/\/imagazine.it\/wp-content\/uploads\/2024\/01\/31272-1-272x182.webp",272,182,true]},"rttpg_author":{"display_name":"redazione","author_link":"https:\/\/imagazine.it\/home_desk\/author\/redazione\/"},"rttpg_comment":0,"rttpg_category":"<a href=\"https:\/\/imagazine.it\/home_desk\/category\/cultura-e-spettacolo\/\" rel=\"category tag\">CULTURA&amp;SPETTACOLO<\/a>","rttpg_excerpt":"Presentato il Triestebookfest","_links":{"self":[{"href":"https:\/\/imagazine.it\/home_desk\/wp-json\/wp\/v2\/posts\/30182","targetHints":{"allow":["GET"]}}],"collection":[{"href":"https:\/\/imagazine.it\/home_desk\/wp-json\/wp\/v2\/posts"}],"about":[{"href":"https:\/\/imagazine.it\/home_desk\/wp-json\/wp\/v2\/types\/post"}],"author":[{"embeddable":true,"href":"https:\/\/imagazine.it\/home_desk\/wp-json\/wp\/v2\/users\/28"}],"replies":[{"embeddable":true,"href":"https:\/\/imagazine.it\/home_desk\/wp-json\/wp\/v2\/comments?post=30182"}],"version-history":[{"count":0,"href":"https:\/\/imagazine.it\/home_desk\/wp-json\/wp\/v2\/posts\/30182\/revisions"}],"wp:featuredmedia":[{"embeddable":true,"href":"https:\/\/imagazine.it\/home_desk\/wp-json\/wp\/v2\/media\/30183"}],"wp:attachment":[{"href":"https:\/\/imagazine.it\/home_desk\/wp-json\/wp\/v2\/media?parent=30182"}],"wp:term":[{"taxonomy":"category","embeddable":true,"href":"https:\/\/imagazine.it\/home_desk\/wp-json\/wp\/v2\/categories?post=30182"},{"taxonomy":"post_tag","embeddable":true,"href":"https:\/\/imagazine.it\/home_desk\/wp-json\/wp\/v2\/tags?post=30182"}],"curies":[{"name":"wp","href":"https:\/\/api.w.org\/{rel}","templated":true}]}}