{"id":30176,"date":"2019-10-04T00:00:00","date_gmt":"2019-10-03T23:00:00","guid":{"rendered":"https:\/\/imagazine.it\/?p=30176"},"modified":"2019-10-04T00:00:00","modified_gmt":"2019-10-03T23:00:00","slug":"trieste-airport-nuovi-collegamenti-per-malta-e-cagliari","status":"publish","type":"post","link":"https:\/\/imagazine.it\/home_desk\/trieste-airport-nuovi-collegamenti-per-malta-e-cagliari\/","title":{"rendered":"Trieste Airport, nuovi collegamenti per Malta e Cagliari"},"content":{"rendered":"<p>Nel nuovo\u00a0network estivo 2020, Ryanair operer\u00e0 con due nuove rotte da Trieste Airport.<\/p>\n<p>Diventeranno sei le destinazioni proposte per lo scalo del Friuli Venezia Giulia: oltre alle rotte per Bari, Catania, Londra Stansted e Valencia, si conferma il collegamento per Malta, mentre torna, dopo alcuni anni, il volo sul capoluogo sardo.<\/p>\n<p>Il volo Trieste-Malta partir\u00e0 il 27 ottobre con due frequenze settimanali il mercoled\u00ec e la domenica e proseguir\u00e0 nell\u2019estate 2020 con partenza da Trieste Airport il gioved\u00ec alle 17.35 e la domenica alle 17.25. Il volo per Cagliari operer\u00e0 dal 2 aprile 2020 con due frequenze settimanali in partenza il gioved\u00ec alle 20.05 e la domenica alle 17.40.<\/p>\n<p>I biglietti per entrambe le destinazioni sono prenotabili sul sito della compagnia aerea <u><a href=\"http:\/\/www.ryanair.com\" target=\"_blank\" rel=\"noopener\">www.ryanair.com<\/a><\/u>.<\/p>\n<p><a href=\"http:\/\/imagazinevideotruck.it\/outlet\/relink.html\" target=\"_top\" rel=\"noopener\"><img loading=\"lazy\" decoding=\"async\" align=\"LEFT\" height=\"250\" src=\"http:\/\/imagazinevideotruck.it\/outlet\/outlet30.gif\" width=\"300\" alt=\"\" title=\"\"><\/a><\/p>\n<p>\u00a0<\/p>\n<p>\u00a0<\/p>\n<p>\u00a0<\/p>\n<p>\u00a0<\/p>\n<p>\u00a0<\/p>\n<p>\u00a0<\/p>\n<p>\u00a0<\/p>\n<p>\u00a0<\/p>\n<p>\u00a0<\/p>\n<p><em>\u201cSiamo lieti \u2013 <\/em>ha dichiarato <strong>Chiara Ravara<\/strong>, responsabile marketing di Ryanair <em>\u2013<\/em> <em>di lanciare la nostra programmazione da Trieste per l\u2019estate 2020, che include 6 rotte in totale, 16 frequenze settimanali e 2 nuove rotte: Malta, in estensione dalla stagione invernale, e Cagliari; entrambi i collegamenti saranno operati con 2 voli a settimana\u201d.<\/em><\/p>\n<p><em>\u201cSiamo soddisfatti della crescita di Ryanair con le due nuove destinazioni Cagliari e Malta e confidiamo \u2013 <\/em>ha affermato <strong>Marco Consalvo<\/strong>, amministratore delegato di Trieste Airport<em> \u2013 in ulteriori sviluppi della stessa compagnia sul nostro scalo\u201d.<\/em><\/p>\n","protected":false},"excerpt":{"rendered":"<p>Effettuati da Ryanair<\/p>\n","protected":false},"author":28,"featured_media":30177,"comment_status":"closed","ping_status":"closed","sticky":false,"template":"","format":"standard","meta":{"dwc-title":[],"dwc-content":[],"footnotes":""},"categories":[8],"tags":[],"class_list":["post-30176","post","type-post","status-publish","format-standard","has-post-thumbnail","hentry","category-turismo"],"rttpg_featured_image_url":{"full":["https:\/\/imagazine.it\/wp-content\/uploads\/2024\/01\/31250-1.webp",750,422,false],"landscape":["https:\/\/imagazine.it\/wp-content\/uploads\/2024\/01\/31250-1.webp",750,422,false],"portraits":["https:\/\/imagazine.it\/wp-content\/uploads\/2024\/01\/31250-1.webp",750,422,false],"thumbnail":["https:\/\/imagazine.it\/wp-content\/uploads\/2024\/01\/31250-1-150x150.webp",150,150,true],"medium":["https:\/\/imagazine.it\/wp-content\/uploads\/2024\/01\/31250-1-300x169.webp",300,169,true],"large":["https:\/\/imagazine.it\/wp-content\/uploads\/2024\/01\/31250-1.webp",640,360,false],"thumblist":["https:\/\/imagazine.it\/wp-content\/uploads\/2024\/01\/31250-1.webp",300,169,false],"thumbrelated":["https:\/\/imagazine.it\/wp-content\/uploads\/2024\/01\/31250-1.webp",500,281,false],"meccarouselthumb":["https:\/\/imagazine.it\/wp-content\/uploads\/2024\/01\/31250-1.webp",474,267,false],"gridsquare":["https:\/\/imagazine.it\/wp-content\/uploads\/2024\/01\/31250-1.webp",391,220,false],"tileview":["https:\/\/imagazine.it\/wp-content\/uploads\/2024\/01\/31250-1.webp",300,169,false],"1536x1536":["https:\/\/imagazine.it\/wp-content\/uploads\/2024\/01\/31250-1.webp",750,422,false],"2048x2048":["https:\/\/imagazine.it\/wp-content\/uploads\/2024\/01\/31250-1.webp",750,422,false],"newsup-slider-full":["https:\/\/imagazine.it\/wp-content\/uploads\/2024\/01\/31250-1.webp",750,422,false],"newsup-featured":["https:\/\/imagazine.it\/wp-content\/uploads\/2024\/01\/31250-1.webp",750,422,false],"newsup-medium":["https:\/\/imagazine.it\/wp-content\/uploads\/2024\/01\/31250-1-720x380.webp",720,380,true],"tptn_thumbnail":["https:\/\/imagazine.it\/wp-content\/uploads\/2024\/01\/31250-1.webp",250,141,false],"sow-carousel-default":["https:\/\/imagazine.it\/wp-content\/uploads\/2024\/01\/31250-1-272x182.webp",272,182,true]},"rttpg_author":{"display_name":"redazione","author_link":"https:\/\/imagazine.it\/home_desk\/author\/redazione\/"},"rttpg_comment":0,"rttpg_category":"<a href=\"https:\/\/imagazine.it\/home_desk\/category\/turismo\/\" rel=\"category tag\">TURISMO<\/a>","rttpg_excerpt":"Effettuati da Ryanair","_links":{"self":[{"href":"https:\/\/imagazine.it\/home_desk\/wp-json\/wp\/v2\/posts\/30176","targetHints":{"allow":["GET"]}}],"collection":[{"href":"https:\/\/imagazine.it\/home_desk\/wp-json\/wp\/v2\/posts"}],"about":[{"href":"https:\/\/imagazine.it\/home_desk\/wp-json\/wp\/v2\/types\/post"}],"author":[{"embeddable":true,"href":"https:\/\/imagazine.it\/home_desk\/wp-json\/wp\/v2\/users\/28"}],"replies":[{"embeddable":true,"href":"https:\/\/imagazine.it\/home_desk\/wp-json\/wp\/v2\/comments?post=30176"}],"version-history":[{"count":0,"href":"https:\/\/imagazine.it\/home_desk\/wp-json\/wp\/v2\/posts\/30176\/revisions"}],"wp:featuredmedia":[{"embeddable":true,"href":"https:\/\/imagazine.it\/home_desk\/wp-json\/wp\/v2\/media\/30177"}],"wp:attachment":[{"href":"https:\/\/imagazine.it\/home_desk\/wp-json\/wp\/v2\/media?parent=30176"}],"wp:term":[{"taxonomy":"category","embeddable":true,"href":"https:\/\/imagazine.it\/home_desk\/wp-json\/wp\/v2\/categories?post=30176"},{"taxonomy":"post_tag","embeddable":true,"href":"https:\/\/imagazine.it\/home_desk\/wp-json\/wp\/v2\/tags?post=30176"}],"curies":[{"name":"wp","href":"https:\/\/api.w.org\/{rel}","templated":true}]}}