{"id":30156,"date":"2019-10-01T00:00:00","date_gmt":"2019-09-30T23:00:00","guid":{"rendered":"https:\/\/imagazine.it\/?p=30156"},"modified":"2019-10-01T00:00:00","modified_gmt":"2019-09-30T23:00:00","slug":"una-visione-lunga-ventanni","status":"publish","type":"post","link":"https:\/\/imagazine.it\/home_desk\/una-visione-lunga-ventanni\/","title":{"rendered":"Una visione lunga vent&#8217;anni"},"content":{"rendered":"<p align=\"JUSTIFY\">Presentata la ventesima edizione del Festival cinematografico transfrontaliero <em><strong>Omaggio a una visione<\/strong><\/em>, organizzato dal <strong>Kinoatelje<\/strong>. La manifestazione, in programma <strong>dal 13 al 20 ottobre 2019<\/strong>, collegher\u00e0 sette citt\u00e0 tra Italia e Slovenia: <strong>Gorizia, Nova Gorica, Udine, San Pietro al Natisone, Trieste, Lubiana e Isola d\u2019Istria<\/strong>.<\/p>\n<p align=\"JUSTIFY\">L&#39;inaugurazione del festival avr\u00e0 luogo <strong>domenica 13 ottobre<\/strong> alle 15 in Piazza Transalpina\/Evrope Trg, tra Gorizia e Nova Gorica, con l&#39;apertura dell&#39;installazione <strong>Camera Obscura<\/strong>, caratterizzata dall&#39;idea simbolica di creare uno spazio transfrontaliero comune, facendo sperimentare nel contempo le leggi della fotografia. In questo modo, gli organizzatori hanno voluto avvicinarsi alla visione del fondatore del Kinoatelje, il sociologo, politico e critico cinematografico Darko Bratina (1942-1997) che credeva che il film fosse il mezzo migliore per comprendere la societ\u00e0, la storia e la cultura. Il premio a lui intitolato verr\u00e0 consegnato quest\u2019anno alla regista britannica <strong>Kim Longinotto<\/strong> con la seguente <strong>motivazione<\/strong>: <em>Kim Longinotto \u00e8 considerata una delle pi\u00f9 importanti documentariste degli ultimi trent&#39;anni: ha diretto, girato e prodotto pi\u00f9 di venti film che hanno vinto premi nei pi\u00f9 importanti festival cinematografici internazionali. Nelle sue opere l\u2019autrice sottolinea il ruolo della donna nella societ\u00e0 contemporanea in modo diretto e discreto, con uno sguardo compassionevole ma allo stesso tempo politicamente consapevole.<\/em><\/p>\n<p align=\"LEFT\">La cerimonia di premiazione si terr\u00e0 <strong>mercoled\u00ec 16 ottobre <\/strong>al Palazzo del cinema di Gorizia. Il Festival, pi\u00f9 in generale, sar\u00e0 un percorso monografico tra i documentari della regista britannica, di cui saranno trasmessi <em>Runaway<\/em>, (2001), <em>Dreamcatcher<\/em> (2015), <em>Rough Aunties<\/em> (2010), <em>Shinjuku Boys<\/em> (1995), <em>A Day I Will Never Forget<\/em> (2002), <em>Pink Sari<\/em> ( 2010) e altri.<\/p>\n<p align=\"LEFT\">L&#39;accento sar\u00e0 posto sul suo ultimo documentario, <em><strong>Shooting the Mafia<\/strong><\/em> (2019), un ritratto sulla vita e il lavoro della <u><a href=\"http:\/\/www.imagazine.it\/notizie-trieste-gorizia-udine-friuli\/2335\" target=\"_blank\" rel=\"noopener\">fotografa e attivista politica <strong>Letizia Battaglia<\/strong><\/a><\/u>, e di coloro che raccontano le cronache dei crimini compiuti dalla mafia. Il film sar\u00e0 presentato in anteprima alla cerimonia di premiazione a Gorizia e poi nelle tappe di Trieste e Lubiana.<\/p>\n<p align=\"LEFT\">Un altro premio verr\u00e0 assegnato anche agli autori dei migliori film della nuova sezione del Festival, <strong>Primi voli<\/strong>, inaugurata lo scorso anno. Un\u2019iniziativa che vuole supportare i giovani nella ricerca di un proprio stile personale, sperimentando nuovi linguaggi cinematografici. Un modo anche per ampliare la manifestazione a diversi periodi dell\u2019anno, senza circoscriverla nella sola settimana del festival. I cortometraggi selezionati verranno mostrati durante la rassegna insieme a un programma d\u2019appoggio. <strong>Domenica 13 ottobre<\/strong> a Nova Gorica ci sar\u00e0 la tavola rotonda sul tema &#8220;Political vs. individuo&#8221; con ospiti <strong>Roisin Tapponi<\/strong>, portavoce di Habibi Collective, e <strong>Pia Hellenthal<\/strong>, direttore di Searching Eva.<\/p>\n<p align=\"LEFT\"><strong>Marted\u00ec 15 ottobre<\/strong> a Nova Gorica si terr\u00e0 un\u2019altra <strong>tavola rotonda<\/strong> in mattinata per discutere del potenziale del film nell&#39;integrazione transfrontaliera e delle opportunit\u00e0 offerte da questo mezzo nello sviluppo del turismo culturale. A seguire, alle 13 con partenza da Piazza Bevk (Bevk Trg), passeggiata cinematografica in giro per la citt\u00e0 fino in via Rastello a Gorizia, per scoprire i luoghi dove sono stati girati vari film.<br \/> <strong>Mercoled\u00ec 16 ottobre <\/strong>al Palazzo del cinema di Gorizia appuntamento con il tradizionale <strong>masterclass <\/strong>di un&#39;intera giornata con la regista premiata, durante la quale si discuteranno e vedranno vari estratti dei suoi film. Alle 16 ci sar\u00e0 una <strong>tavola rotonda<\/strong> sui film di Kim Longinotto che trattano la liberazione delle donne. Ospiti speciali <strong>Mojca Pajnik<\/strong>, consigliere scientifico all&#39;Istituto per la pace e docente alla Facolt\u00e0 di Scienze sociali.<br \/> La giornata si concluder\u00e0 con la cerimonia di consegna del Premio Darko Bratina a Kim Longinotto, al termine della quale \u00e8 prevista una proiezione di film selezionati del programma Primi voli oltre che del pluripremiato <em><strong>Shooting the Mafia<\/strong><\/em>.<\/p>\n<p><a href=\"http:\/\/imagazinevideotruck.it\/outlet\/relink.html\" target=\"_top\" rel=\"noopener\"><img loading=\"lazy\" decoding=\"async\" align=\"LEFT\" height=\"250\" src=\"http:\/\/imagazinevideotruck.it\/outlet\/outlet30.gif\" width=\"300\" alt=\"\" title=\"\"><\/a><\/p>\n<p align=\"LEFT\">\u00a0<\/p>\n<p align=\"LEFT\">\u00a0<\/p>\n<p align=\"LEFT\">\u00a0<\/p>\n<p align=\"LEFT\">\u00a0<\/p>\n<p align=\"LEFT\">\u00a0<\/p>\n<p align=\"LEFT\">\u00a0<\/p>\n<p align=\"LEFT\">\u00a0<\/p>\n<p align=\"LEFT\">\u00a0<\/p>\n<p align=\"LEFT\">\u00a0<\/p>\n<p align=\"LEFT\">Il festival sar\u00e0 a Lubiana <strong>gioved\u00ec 17 ottobre<\/strong>. Alle 16.30 alla Galerija fotografija si potr\u00e0 scoprire la mostra <em>Mafia, Pain, Love &#8211; Shooting the Mafia<\/em> alla presenza di <strong>Letizia Battaglia<\/strong>. In serata, proiezioni di estratti selezionati del pluripremiato <em>Love is Everything <\/em>e di <em>Shooting the mafia<\/em>. <strong>Venerd\u00ec 18 ottobre<\/strong>, a Udine al Teatro San Giorgio, proiezione de <em>I ragazzi di Shinjuku<\/em>, preceduta dal documentario <em>Viaggiare con Peter Mettler<\/em>, lavoro sulla presenza del regista Premio Bratina 2018 lo scorso anno durante il Festival.<\/p>\n<p align=\"LEFT\"><strong>Letizia Battaglia<\/strong> sar\u00e0 poi l\u2019ospite d\u2019onore all\u2019incontro <em><strong>Cultura, Politica, Mafia<\/strong><\/em> che si terr\u00e0 a Trieste <strong>sabato 19 ottobre<\/strong> alle 11 al Caff\u00e8 San Marco. Nello storico caff\u00e8 la giornalista e scrittrice <strong>Cristina Battocletti<\/strong> dialogher\u00e0 con la celebre fotografa degli intrecci tra cultura e politica e dell&#39;importanza dell&#39;impegno politico, ricollegandosi anche alla figura di Darko Bratina. In serata al Teatro Miela si potr\u00e0 vedere <em>Shooting the Mafia<\/em> e altri lavori della sezione Primi voli. Omaggio a una visione <strong>domenica 20 ottobre<\/strong> proporr\u00e0 il film <em>Pink Sari<\/em> a San Pietro al Natisone, al Museo del paesaggio e delle narrazioni &#8211; SMO.<br \/> Il festival \u00e8 realizzato in collaborazione con diversi partner nelle varie tappe dell\u2019iniziativa ed \u00e8 realizzato in forma bilingue, in italiano e sloveno. Solo il masterclass \u00e8 in inglese. L&#39;ingresso \u00e8 gratuito a tutti gli eventi. Informazioni dettagliate e aggiornate su: <u><a href=\"http:\/\/www.kinoatelje.it\/\" target=\"_blank\" rel=\"noopener\"><strong>www.kinoatelje.it<\/strong><\/a><\/u><\/p>\n","protected":false},"excerpt":{"rendered":"<p>Dal 13 al 20 ottobre<\/p>\n","protected":false},"author":28,"featured_media":30157,"comment_status":"closed","ping_status":"closed","sticky":false,"template":"","format":"standard","meta":{"dwc-title":[],"dwc-content":[],"footnotes":""},"categories":[37],"tags":[],"class_list":["post-30156","post","type-post","status-publish","format-standard","has-post-thumbnail","hentry","category-cultura-e-spettacolo"],"rttpg_featured_image_url":{"full":["https:\/\/imagazine.it\/wp-content\/uploads\/2024\/01\/31218-1.webp",750,422,false],"landscape":["https:\/\/imagazine.it\/wp-content\/uploads\/2024\/01\/31218-1.webp",750,422,false],"portraits":["https:\/\/imagazine.it\/wp-content\/uploads\/2024\/01\/31218-1.webp",750,422,false],"thumbnail":["https:\/\/imagazine.it\/wp-content\/uploads\/2024\/01\/31218-1-150x150.webp",150,150,true],"medium":["https:\/\/imagazine.it\/wp-content\/uploads\/2024\/01\/31218-1-300x169.webp",300,169,true],"large":["https:\/\/imagazine.it\/wp-content\/uploads\/2024\/01\/31218-1.webp",640,360,false],"thumblist":["https:\/\/imagazine.it\/wp-content\/uploads\/2024\/01\/31218-1.webp",300,169,false],"thumbrelated":["https:\/\/imagazine.it\/wp-content\/uploads\/2024\/01\/31218-1.webp",500,281,false],"meccarouselthumb":["https:\/\/imagazine.it\/wp-content\/uploads\/2024\/01\/31218-1.webp",474,267,false],"gridsquare":["https:\/\/imagazine.it\/wp-content\/uploads\/2024\/01\/31218-1.webp",391,220,false],"tileview":["https:\/\/imagazine.it\/wp-content\/uploads\/2024\/01\/31218-1.webp",300,169,false],"1536x1536":["https:\/\/imagazine.it\/wp-content\/uploads\/2024\/01\/31218-1.webp",750,422,false],"2048x2048":["https:\/\/imagazine.it\/wp-content\/uploads\/2024\/01\/31218-1.webp",750,422,false],"newsup-slider-full":["https:\/\/imagazine.it\/wp-content\/uploads\/2024\/01\/31218-1.webp",750,422,false],"newsup-featured":["https:\/\/imagazine.it\/wp-content\/uploads\/2024\/01\/31218-1.webp",750,422,false],"newsup-medium":["https:\/\/imagazine.it\/wp-content\/uploads\/2024\/01\/31218-1-720x380.webp",720,380,true],"tptn_thumbnail":["https:\/\/imagazine.it\/wp-content\/uploads\/2024\/01\/31218-1.webp",250,141,false],"sow-carousel-default":["https:\/\/imagazine.it\/wp-content\/uploads\/2024\/01\/31218-1-272x182.webp",272,182,true]},"rttpg_author":{"display_name":"redazione","author_link":"https:\/\/imagazine.it\/home_desk\/author\/redazione\/"},"rttpg_comment":0,"rttpg_category":"<a href=\"https:\/\/imagazine.it\/home_desk\/category\/cultura-e-spettacolo\/\" rel=\"category tag\">CULTURA&amp;SPETTACOLO<\/a>","rttpg_excerpt":"Dal 13 al 20 ottobre","_links":{"self":[{"href":"https:\/\/imagazine.it\/home_desk\/wp-json\/wp\/v2\/posts\/30156","targetHints":{"allow":["GET"]}}],"collection":[{"href":"https:\/\/imagazine.it\/home_desk\/wp-json\/wp\/v2\/posts"}],"about":[{"href":"https:\/\/imagazine.it\/home_desk\/wp-json\/wp\/v2\/types\/post"}],"author":[{"embeddable":true,"href":"https:\/\/imagazine.it\/home_desk\/wp-json\/wp\/v2\/users\/28"}],"replies":[{"embeddable":true,"href":"https:\/\/imagazine.it\/home_desk\/wp-json\/wp\/v2\/comments?post=30156"}],"version-history":[{"count":0,"href":"https:\/\/imagazine.it\/home_desk\/wp-json\/wp\/v2\/posts\/30156\/revisions"}],"wp:featuredmedia":[{"embeddable":true,"href":"https:\/\/imagazine.it\/home_desk\/wp-json\/wp\/v2\/media\/30157"}],"wp:attachment":[{"href":"https:\/\/imagazine.it\/home_desk\/wp-json\/wp\/v2\/media?parent=30156"}],"wp:term":[{"taxonomy":"category","embeddable":true,"href":"https:\/\/imagazine.it\/home_desk\/wp-json\/wp\/v2\/categories?post=30156"},{"taxonomy":"post_tag","embeddable":true,"href":"https:\/\/imagazine.it\/home_desk\/wp-json\/wp\/v2\/tags?post=30156"}],"curies":[{"name":"wp","href":"https:\/\/api.w.org\/{rel}","templated":true}]}}