{"id":30144,"date":"2019-09-30T00:00:00","date_gmt":"2019-09-29T23:00:00","guid":{"rendered":"https:\/\/imagazine.it\/?p=30144"},"modified":"2019-09-30T00:00:00","modified_gmt":"2019-09-29T23:00:00","slug":"beatrice-blaskovic-trionfa-a-percoto-canta","status":"publish","type":"post","link":"https:\/\/imagazine.it\/home_desk\/beatrice-blaskovic-trionfa-a-percoto-canta\/","title":{"rendered":"Beatrice Blaskovic trionfa a Percoto  Canta"},"content":{"rendered":"<p>Successo di pubblico per la serata finale della 32sima edizione del concorso canoro nazionale\u00a0<strong>Percoto Canta<\/strong>, per la prima volta al\u00a0<strong>Teatro Nuovo Giovanni da Udine<\/strong>.<\/p>\n<p>Sul palco si sono altenati 16 concorrenti divisi nelle categorie Junior, Senior e Cantautori\/Brani Inediti. A trionfare \u00e8 stata\u00a0<strong>Beatrice Blaskovic<\/strong>, 16 anni di Trieste, che si \u00e8 imposta nella categoria senior e che ha ottenuto anche il premio speciale assegnato dalla giuria di qualit\u00e0, divenendo cos\u00ec la voce campione della 32\u00b0 edizione del concorso. Sul palco Blaskovic ha interpretato la canzone \u201cJealous\u201d di Labrinth, esibizione che ha conquistato la giuria composta da dall\u2019artista internazionale, musicista, cantante e flautista\u00a0<strong>Tinkara Kova\u010d<\/strong>, dalla cantante e vocal coach\u00a0<strong>Paola Folli<\/strong>, dal cantautore, attore e volto televisivo\u00a0<strong>Gi\u00f2 Di Tonno<\/strong>\u00a0e dall\u2019icona del rock italiano, front man e leader dei mitici Timoria,\u00a0<strong>Omar Pedrini<\/strong>.<\/p>\n<p>Per la categoria Junior a imporsi \u00e8 stata invece\u00a0<strong>Rebecca Piovan<\/strong>, 14 anni di Cordovado, con la canzone \u201c<strong>Forte nell\u2019anima<\/strong>\u201d, mentre per la categoria Cantautori\/Brani Inediti a convincere la giuria di qualit\u00e0 \u00e8 stato\u00a0<strong>Marco Sicilia<\/strong>, 28 anni di origine calabrese ma cresciuto a\u00a0Pulheim (Germaina),\u00a0con la canzone \u201cQuale incantesimo\u201d. Doppia soddisfazione per\u00a0<strong>Marco Sicilia<\/strong>, a cui \u00e8 andato anche il premio della giuria popolare \u201cDon Lauro Minin\u201d, mentre il premio della critica, assegnato dalla giuria composta dai giornalisti, \u00e8 andato a\u00a0<strong>Elisa Caraccio<\/strong>, 38 anni di Codroipo, che ha presentato per la categoria Cantautori\/Brani inediti la sua canzone \u201cMai mai mai\u201d.<\/p>\n<p>Ad alternarsi durante la serata, sul palco con i concorrenti, sono saliti anche i membri della giuria, che si sono esibiti per l\u2019appaluso sentito del pubblico del Giovanni da Udine. Tutte le esibizioni hanno visto l\u2019accompagnamento dell\u2019orchestra diretta dal M\u00b0\u00a0<strong>Nevio Lestuzzi<\/strong>, arricchita dalla sezione archi de\u00a0<strong>I Filarmonici Friulani<\/strong>\u00a0e la sezione fiati del gruppo Italian Brass, fattore che ha elevato una volta di pi\u00f9 il livello artistico del concorso.<\/p>\n<p><a href=\"http:\/\/imagazinevideotruck.it\/outlet\/relink.html\" target=\"_top\" rel=\"noopener\"><img loading=\"lazy\" decoding=\"async\" align=\"LEFT\" height=\"250\" src=\"http:\/\/imagazinevideotruck.it\/outlet\/outlet30.gif\" width=\"300\" alt=\"\" title=\"\"><\/a><\/p>\n<p>\u00a0<\/p>\n<p>\u00a0<\/p>\n<p>\u00a0<\/p>\n<p>\u00a0<\/p>\n<p>\u00a0<\/p>\n<p>\u00a0<\/p>\n<p>\u00a0<\/p>\n<p>\u00a0<\/p>\n<p>\u00a0<\/p>\n<p>Durante la serata, condotta dalla giornalista\u00a0<strong>Giorgia Bortolossi<\/strong>, per la regia di\u00a0<strong>Luca Ferri<\/strong>\u00a0di Anathema Teatro, a presentare singolarmente i concorrenti sono stati alcuni padrini e madrine d\u2019eccezione, tra cui\u00a0<strong>Silvio Fauner<\/strong>,\u00a0<strong>Dario Zampa<\/strong>,\u00a0<strong>Alberto Felice De Toni<\/strong>,\u00a0<strong>Catine<\/strong>, la squadra di calcio femminile del\u00a0<strong>Tavagnacco<\/strong>,\u00a0<strong>Adriano Luci<\/strong>,\u00a0<strong>Sebastiano Zorza<\/strong>,\u00a0<strong>Mattia De Sabbata<\/strong>\u00a0e\u00a0<strong>Serena Dean<\/strong>,\u00a0<strong>Matilde Ceron<\/strong>,\u00a0<strong>Bruno Bergamasco<\/strong>,\u00a0<strong>Sonia Malisani<\/strong>\u00a0e\u00a0<strong>Monica Bertarelli<\/strong>.<\/p>\n","protected":false},"excerpt":{"rendered":"<p>Finalissima al Giovanni da Udine<\/p>\n","protected":false},"author":28,"featured_media":30145,"comment_status":"closed","ping_status":"closed","sticky":false,"template":"","format":"standard","meta":{"dwc-title":[],"dwc-content":[],"footnotes":""},"categories":[37],"tags":[],"class_list":["post-30144","post","type-post","status-publish","format-standard","has-post-thumbnail","hentry","category-cultura-e-spettacolo"],"rttpg_featured_image_url":{"full":["https:\/\/imagazine.it\/wp-content\/uploads\/2024\/01\/31195-1.webp",750,501,false],"landscape":["https:\/\/imagazine.it\/wp-content\/uploads\/2024\/01\/31195-1.webp",750,501,false],"portraits":["https:\/\/imagazine.it\/wp-content\/uploads\/2024\/01\/31195-1.webp",750,501,false],"thumbnail":["https:\/\/imagazine.it\/wp-content\/uploads\/2024\/01\/31195-1-150x150.webp",150,150,true],"medium":["https:\/\/imagazine.it\/wp-content\/uploads\/2024\/01\/31195-1-300x200.webp",300,200,true],"large":["https:\/\/imagazine.it\/wp-content\/uploads\/2024\/01\/31195-1.webp",640,428,false],"thumblist":["https:\/\/imagazine.it\/wp-content\/uploads\/2024\/01\/31195-1.webp",300,200,false],"thumbrelated":["https:\/\/imagazine.it\/wp-content\/uploads\/2024\/01\/31195-1.webp",500,334,false],"meccarouselthumb":["https:\/\/imagazine.it\/wp-content\/uploads\/2024\/01\/31195-1.webp",474,317,false],"gridsquare":["https:\/\/imagazine.it\/wp-content\/uploads\/2024\/01\/31195-1.webp",389,260,false],"tileview":["https:\/\/imagazine.it\/wp-content\/uploads\/2024\/01\/31195-1.webp",300,200,false],"1536x1536":["https:\/\/imagazine.it\/wp-content\/uploads\/2024\/01\/31195-1.webp",750,501,false],"2048x2048":["https:\/\/imagazine.it\/wp-content\/uploads\/2024\/01\/31195-1.webp",750,501,false],"newsup-slider-full":["https:\/\/imagazine.it\/wp-content\/uploads\/2024\/01\/31195-1.webp",750,501,false],"newsup-featured":["https:\/\/imagazine.it\/wp-content\/uploads\/2024\/01\/31195-1.webp",750,501,false],"newsup-medium":["https:\/\/imagazine.it\/wp-content\/uploads\/2024\/01\/31195-1-720x380.webp",720,380,true],"tptn_thumbnail":["https:\/\/imagazine.it\/wp-content\/uploads\/2024\/01\/31195-1.webp",250,167,false],"sow-carousel-default":["https:\/\/imagazine.it\/wp-content\/uploads\/2024\/01\/31195-1-272x182.webp",272,182,true]},"rttpg_author":{"display_name":"redazione","author_link":"https:\/\/imagazine.it\/home_desk\/author\/redazione\/"},"rttpg_comment":0,"rttpg_category":"<a href=\"https:\/\/imagazine.it\/home_desk\/category\/cultura-e-spettacolo\/\" rel=\"category tag\">CULTURA&amp;SPETTACOLO<\/a>","rttpg_excerpt":"Finalissima al Giovanni da Udine","_links":{"self":[{"href":"https:\/\/imagazine.it\/home_desk\/wp-json\/wp\/v2\/posts\/30144","targetHints":{"allow":["GET"]}}],"collection":[{"href":"https:\/\/imagazine.it\/home_desk\/wp-json\/wp\/v2\/posts"}],"about":[{"href":"https:\/\/imagazine.it\/home_desk\/wp-json\/wp\/v2\/types\/post"}],"author":[{"embeddable":true,"href":"https:\/\/imagazine.it\/home_desk\/wp-json\/wp\/v2\/users\/28"}],"replies":[{"embeddable":true,"href":"https:\/\/imagazine.it\/home_desk\/wp-json\/wp\/v2\/comments?post=30144"}],"version-history":[{"count":0,"href":"https:\/\/imagazine.it\/home_desk\/wp-json\/wp\/v2\/posts\/30144\/revisions"}],"wp:featuredmedia":[{"embeddable":true,"href":"https:\/\/imagazine.it\/home_desk\/wp-json\/wp\/v2\/media\/30145"}],"wp:attachment":[{"href":"https:\/\/imagazine.it\/home_desk\/wp-json\/wp\/v2\/media?parent=30144"}],"wp:term":[{"taxonomy":"category","embeddable":true,"href":"https:\/\/imagazine.it\/home_desk\/wp-json\/wp\/v2\/categories?post=30144"},{"taxonomy":"post_tag","embeddable":true,"href":"https:\/\/imagazine.it\/home_desk\/wp-json\/wp\/v2\/tags?post=30144"}],"curies":[{"name":"wp","href":"https:\/\/api.w.org\/{rel}","templated":true}]}}