{"id":30138,"date":"2019-09-30T00:00:00","date_gmt":"2019-09-29T23:00:00","guid":{"rendered":"https:\/\/imagazine.it\/?p=30138"},"modified":"2019-09-30T00:00:00","modified_gmt":"2019-09-29T23:00:00","slug":"monfalcone-nuova-sede-per-il-gruppo-speleologico","status":"publish","type":"post","link":"https:\/\/imagazine.it\/home_desk\/monfalcone-nuova-sede-per-il-gruppo-speleologico\/","title":{"rendered":"Monfalcone, nuova sede per il Gruppo Speleologico"},"content":{"rendered":"<p><strong>Sabato 5 ottobre alle ore 10.30 in viale San Marco 9 (angolo via Sant&#39;Ambrogio)<\/strong> ci sar\u00e0 l\u2019inaugurazione delle sedi di <strong>Gruppo Speleologico Monfalconese A.d.F. (Amici del Fante), del Museo Carsico, Geologico e Paleontologico e dell&#39;associazione Ambientalista Eugenio Rosmann<\/strong>.<\/p>\n<p>Il battesimo della nuova sede sociale e operativa del Gruppo Speleologico Monfalconese Amici del Fante \u00e8 stato inserito nell&#39;ambito delle Giornate Nazionali della Speleologia 2019. Durante l&#39;intera giornata sar\u00e0 possibile visitare i locali della sede, in particolare la sala conferenze, la biblioteca, il laboratorio di geologia e paleontologia e i volontari saranno a disposizione per soddisfare qualsiasi curiosit\u00e0 riguardo l&#39;attivit\u00e0 del gruppo. L&#39;evento sar\u00e0 allietato dalla musicista <strong>Mateja Martini<\/strong>, allieva di chitarra classica della scuola di musica <strong>Glasbena Matica di Trieste<\/strong>, dalla classe del professor <a name=\"fb-timeline-cover-name\"><\/a><a href=\"https:\/\/www.facebook.com\/janos.jurincic\" target=\"_blank\" rel=\"noopener\"><strong>Jano\u0161 Jurin\u010di\u010d<\/strong><\/a>.<\/p>\n<p>Il Gruppo Speleologico Monfalconese Amici del Fante si costitu\u00ec ufficialmente il<strong> 25 aprile del 1948<\/strong>, l&#39;attivit\u00e0 speleologica nei primi anni del dopoguerra era esclusivamente umanitaria. Infatti, sotto l&#39;egida dell&#39;Associazione Nazionale del Fante si provvedeva a recuperare dalle &#8220;<strong>foibe<\/strong>&#8221; i resti dei militari e civili gettati in questi pozzi naturali. Finiti i recuperi, rimase la passione per l&#39;esplorazione delle grotte che vide il Gruppo aggiornarsi continuamente nelle attrezzature e nelle tecniche di progressione.<\/p>\n<p>Oggi dispone delle pi\u00f9 moderne versioni e sono in grado di affrontare i pi\u00f9 complicati abissi. I volontari hanno esplorato gran parte delle pi\u00f9 profonde grotte del Friuli Venezia Giulia, di altre regioni d&#39;Italia e di nazioni contermini (Austria e Slovenia). Organizzano corsi di speleologia di 1\u00b0 livello, omologati dalla S.S.I. (Societ\u00e0 Speleologica Italiana). Ogni anno propongono anche la visita di un paio di grotte di semplice percorribilit\u00e0 per far godere anche ai &#8220;non speleologi&#8221; le bellezze del mondo sotterraneo.\u00a0<\/p>\n","protected":false},"excerpt":{"rendered":"<p>Sabato l&#8217;inaugurazione<\/p>\n","protected":false},"author":22,"featured_media":30139,"comment_status":"closed","ping_status":"closed","sticky":false,"template":"","format":"standard","meta":{"dwc-title":[],"dwc-content":[],"footnotes":""},"categories":[5],"tags":[],"class_list":["post-30138","post","type-post","status-publish","format-standard","has-post-thumbnail","hentry","category-attualita"],"rttpg_featured_image_url":{"full":["https:\/\/imagazine.it\/wp-content\/uploads\/2024\/01\/31188-1.webp",750,497,false],"landscape":["https:\/\/imagazine.it\/wp-content\/uploads\/2024\/01\/31188-1.webp",750,497,false],"portraits":["https:\/\/imagazine.it\/wp-content\/uploads\/2024\/01\/31188-1.webp",750,497,false],"thumbnail":["https:\/\/imagazine.it\/wp-content\/uploads\/2024\/01\/31188-1-150x150.webp",150,150,true],"medium":["https:\/\/imagazine.it\/wp-content\/uploads\/2024\/01\/31188-1-300x199.webp",300,199,true],"large":["https:\/\/imagazine.it\/wp-content\/uploads\/2024\/01\/31188-1.webp",640,424,false],"thumblist":["https:\/\/imagazine.it\/wp-content\/uploads\/2024\/01\/31188-1.webp",300,199,false],"thumbrelated":["https:\/\/imagazine.it\/wp-content\/uploads\/2024\/01\/31188-1.webp",500,331,false],"meccarouselthumb":["https:\/\/imagazine.it\/wp-content\/uploads\/2024\/01\/31188-1.webp",474,314,false],"gridsquare":["https:\/\/imagazine.it\/wp-content\/uploads\/2024\/01\/31188-1.webp",391,260,false],"tileview":["https:\/\/imagazine.it\/wp-content\/uploads\/2024\/01\/31188-1.webp",300,199,false],"1536x1536":["https:\/\/imagazine.it\/wp-content\/uploads\/2024\/01\/31188-1.webp",750,497,false],"2048x2048":["https:\/\/imagazine.it\/wp-content\/uploads\/2024\/01\/31188-1.webp",750,497,false],"newsup-slider-full":["https:\/\/imagazine.it\/wp-content\/uploads\/2024\/01\/31188-1.webp",750,497,false],"newsup-featured":["https:\/\/imagazine.it\/wp-content\/uploads\/2024\/01\/31188-1.webp",750,497,false],"newsup-medium":["https:\/\/imagazine.it\/wp-content\/uploads\/2024\/01\/31188-1-720x380.webp",720,380,true],"tptn_thumbnail":["https:\/\/imagazine.it\/wp-content\/uploads\/2024\/01\/31188-1.webp",250,166,false],"sow-carousel-default":["https:\/\/imagazine.it\/wp-content\/uploads\/2024\/01\/31188-1-272x182.webp",272,182,true]},"rttpg_author":{"display_name":"Livio Nonis","author_link":"https:\/\/imagazine.it\/home_desk\/author\/nonis\/"},"rttpg_comment":0,"rttpg_category":"<a href=\"https:\/\/imagazine.it\/home_desk\/category\/attualita\/\" rel=\"category tag\">ATTUALIT\u00c0<\/a>","rttpg_excerpt":"Sabato l'inaugurazione","_links":{"self":[{"href":"https:\/\/imagazine.it\/home_desk\/wp-json\/wp\/v2\/posts\/30138","targetHints":{"allow":["GET"]}}],"collection":[{"href":"https:\/\/imagazine.it\/home_desk\/wp-json\/wp\/v2\/posts"}],"about":[{"href":"https:\/\/imagazine.it\/home_desk\/wp-json\/wp\/v2\/types\/post"}],"author":[{"embeddable":true,"href":"https:\/\/imagazine.it\/home_desk\/wp-json\/wp\/v2\/users\/22"}],"replies":[{"embeddable":true,"href":"https:\/\/imagazine.it\/home_desk\/wp-json\/wp\/v2\/comments?post=30138"}],"version-history":[{"count":0,"href":"https:\/\/imagazine.it\/home_desk\/wp-json\/wp\/v2\/posts\/30138\/revisions"}],"wp:featuredmedia":[{"embeddable":true,"href":"https:\/\/imagazine.it\/home_desk\/wp-json\/wp\/v2\/media\/30139"}],"wp:attachment":[{"href":"https:\/\/imagazine.it\/home_desk\/wp-json\/wp\/v2\/media?parent=30138"}],"wp:term":[{"taxonomy":"category","embeddable":true,"href":"https:\/\/imagazine.it\/home_desk\/wp-json\/wp\/v2\/categories?post=30138"},{"taxonomy":"post_tag","embeddable":true,"href":"https:\/\/imagazine.it\/home_desk\/wp-json\/wp\/v2\/tags?post=30138"}],"curies":[{"name":"wp","href":"https:\/\/api.w.org\/{rel}","templated":true}]}}