{"id":30128,"date":"2019-09-26T00:00:00","date_gmt":"2019-09-25T23:00:00","guid":{"rendered":"https:\/\/imagazine.it\/?p=30128"},"modified":"2019-09-26T00:00:00","modified_gmt":"2019-09-25T23:00:00","slug":"rievocazioni-storiche-palmanova-al-top-in-italia","status":"publish","type":"post","link":"https:\/\/imagazine.it\/home_desk\/rievocazioni-storiche-palmanova-al-top-in-italia\/","title":{"rendered":"Rievocazioni storiche, Palmanova al top in Italia"},"content":{"rendered":"<p>Pubblicata da parte del Ministero per i Beni e le Attivit\u00e0 Culturali la graduatoria nazionale dei contributi a valere sul\u00a0<strong>Fondo Nazionale per la Rievocazione Storica<\/strong>. Al Comune di Palmanova, per <em>Palma alle Armi<\/em>, edizione 2018, \u00e8 stato concesso un\u00a0<strong>contributo di 25.000 euro<\/strong>\u00a0grazie al punteggio ottenuto nella\u00a0<strong>graduatoria nazionale (85\/100)<\/strong>, che vede l\u2019evento palmarino posizionarsi all\u2019undicesimo posto tra le 178 domande presentate tra associazioni e comuni.<\/p>\n<p>\u201cUtilizzeremo questi fondi aggiuntivi \u2013 afferma la vicesindaco e assessore comunale alla cultura,\u00a0<strong>Adriana Danielis<\/strong> \u2013 per migliorare ancora il nostro evento rievocativo. Abbiamo gi\u00e0 molte idee e proposte che valuteremo assieme al Gruppo Storico, prezioso partner della manifestazione. Vogliamo proporre un programma ancora pi\u00f9 ampio e articolato, non perdendo mai in qualit\u00e0 e nel rispetto di quel rigore filologico che ci ha sempre contraddistinto\u201d.<\/p>\n<p><a href=\"http:\/\/imagazinevideotruck.it\/outlet\/relink.html\" target=\"_top\" rel=\"noopener\"><img loading=\"lazy\" decoding=\"async\" align=\"LEFT\" height=\"250\" src=\"http:\/\/imagazinevideotruck.it\/outlet\/outlet30.gif\" width=\"300\" alt=\"\" title=\"\"><\/a><\/p>\n<p>\u00a0<\/p>\n<p>\u00a0<\/p>\n<p>\u00a0<\/p>\n<p>\u00a0<\/p>\n<p>\u00a0<\/p>\n<p>\u00a0<\/p>\n<p>\u00a0<\/p>\n<p>\u00a0<\/p>\n<p>\u00a0<\/p>\n<p>Al primo posto Modena, a seguire Brescia, Servigliano, Cervia e Ferrara. Tra le citt\u00e0 regionali che hanno partecipato e ottenuto finanziamento anche\u00a0<strong>Cividale del Friuli<\/strong>\u00a0(16esima),\u00a0<strong>Corm\u00f2ns<\/strong>\u00a0(28esima) e\u00a0<strong>Gemona del Friuli<\/strong>\u00a0(61esima).<\/p>\n<p>Il Fondo nazionale per la rievocazione storica \u00e8 stato istituito con la legge di bilancio 2017 ed \u00e8 finalizzato alla promozione di eventi, feste e attivit\u00e0 e alla valorizzazione dei beni culturali attraverso la rievocazione storica anche per incrementare l\u2019attrattivit\u00e0 turistica del territorio dove si svolgono.\u00a0<strong>La dotazione assegnata al Fondo \u00e8 di 2 milioni di euro per tre annualit\u00e0.<\/strong><\/p>\n","protected":false},"excerpt":{"rendered":"<p>Undicesimo posto su 178 concorrenti<\/p>\n","protected":false},"author":28,"featured_media":30129,"comment_status":"closed","ping_status":"closed","sticky":false,"template":"","format":"standard","meta":{"dwc-title":[],"dwc-content":[],"footnotes":""},"categories":[8],"tags":[],"class_list":["post-30128","post","type-post","status-publish","format-standard","has-post-thumbnail","hentry","category-turismo"],"rttpg_featured_image_url":{"full":["https:\/\/imagazine.it\/wp-content\/uploads\/2024\/01\/31173-1.webp",750,500,false],"landscape":["https:\/\/imagazine.it\/wp-content\/uploads\/2024\/01\/31173-1.webp",750,500,false],"portraits":["https:\/\/imagazine.it\/wp-content\/uploads\/2024\/01\/31173-1.webp",750,500,false],"thumbnail":["https:\/\/imagazine.it\/wp-content\/uploads\/2024\/01\/31173-1-150x150.webp",150,150,true],"medium":["https:\/\/imagazine.it\/wp-content\/uploads\/2024\/01\/31173-1-300x200.webp",300,200,true],"large":["https:\/\/imagazine.it\/wp-content\/uploads\/2024\/01\/31173-1.webp",640,427,false],"thumblist":["https:\/\/imagazine.it\/wp-content\/uploads\/2024\/01\/31173-1.webp",300,200,false],"thumbrelated":["https:\/\/imagazine.it\/wp-content\/uploads\/2024\/01\/31173-1.webp",500,333,false],"meccarouselthumb":["https:\/\/imagazine.it\/wp-content\/uploads\/2024\/01\/31173-1.webp",474,316,false],"gridsquare":["https:\/\/imagazine.it\/wp-content\/uploads\/2024\/01\/31173-1.webp",391,260,false],"tileview":["https:\/\/imagazine.it\/wp-content\/uploads\/2024\/01\/31173-1.webp",300,200,false],"1536x1536":["https:\/\/imagazine.it\/wp-content\/uploads\/2024\/01\/31173-1.webp",750,500,false],"2048x2048":["https:\/\/imagazine.it\/wp-content\/uploads\/2024\/01\/31173-1.webp",750,500,false],"newsup-slider-full":["https:\/\/imagazine.it\/wp-content\/uploads\/2024\/01\/31173-1.webp",750,500,false],"newsup-featured":["https:\/\/imagazine.it\/wp-content\/uploads\/2024\/01\/31173-1.webp",750,500,false],"newsup-medium":["https:\/\/imagazine.it\/wp-content\/uploads\/2024\/01\/31173-1-720x380.webp",720,380,true],"tptn_thumbnail":["https:\/\/imagazine.it\/wp-content\/uploads\/2024\/01\/31173-1.webp",250,167,false],"sow-carousel-default":["https:\/\/imagazine.it\/wp-content\/uploads\/2024\/01\/31173-1-272x182.webp",272,182,true]},"rttpg_author":{"display_name":"redazione","author_link":"https:\/\/imagazine.it\/home_desk\/author\/redazione\/"},"rttpg_comment":0,"rttpg_category":"<a href=\"https:\/\/imagazine.it\/home_desk\/category\/turismo\/\" rel=\"category tag\">TURISMO<\/a>","rttpg_excerpt":"Undicesimo posto su 178 concorrenti","_links":{"self":[{"href":"https:\/\/imagazine.it\/home_desk\/wp-json\/wp\/v2\/posts\/30128","targetHints":{"allow":["GET"]}}],"collection":[{"href":"https:\/\/imagazine.it\/home_desk\/wp-json\/wp\/v2\/posts"}],"about":[{"href":"https:\/\/imagazine.it\/home_desk\/wp-json\/wp\/v2\/types\/post"}],"author":[{"embeddable":true,"href":"https:\/\/imagazine.it\/home_desk\/wp-json\/wp\/v2\/users\/28"}],"replies":[{"embeddable":true,"href":"https:\/\/imagazine.it\/home_desk\/wp-json\/wp\/v2\/comments?post=30128"}],"version-history":[{"count":0,"href":"https:\/\/imagazine.it\/home_desk\/wp-json\/wp\/v2\/posts\/30128\/revisions"}],"wp:featuredmedia":[{"embeddable":true,"href":"https:\/\/imagazine.it\/home_desk\/wp-json\/wp\/v2\/media\/30129"}],"wp:attachment":[{"href":"https:\/\/imagazine.it\/home_desk\/wp-json\/wp\/v2\/media?parent=30128"}],"wp:term":[{"taxonomy":"category","embeddable":true,"href":"https:\/\/imagazine.it\/home_desk\/wp-json\/wp\/v2\/categories?post=30128"},{"taxonomy":"post_tag","embeddable":true,"href":"https:\/\/imagazine.it\/home_desk\/wp-json\/wp\/v2\/tags?post=30128"}],"curies":[{"name":"wp","href":"https:\/\/api.w.org\/{rel}","templated":true}]}}