{"id":30112,"date":"2019-09-23T00:00:00","date_gmt":"2019-09-22T23:00:00","guid":{"rendered":"https:\/\/imagazine.it\/?p=30112"},"modified":"2019-09-23T00:00:00","modified_gmt":"2019-09-22T23:00:00","slug":"friulano-tra-i-giovani-nuova-campagna-arlef","status":"publish","type":"post","link":"https:\/\/imagazine.it\/home_desk\/friulano-tra-i-giovani-nuova-campagna-arlef\/","title":{"rendered":"Friulano tra i giovani, nuova campagna ARLeF"},"content":{"rendered":"<p>Prende il via il 30 settembre la nuova campagna di promozione e informazione \u201c<strong>Al dipent di n\u00f4<\/strong>\u201d realizzata dall\u2019ARLeF-Agjenzie Regjon\u00e2l pe Lenghe Furlane (Agenzia Regionale per la Lingua Friulana) con l\u2019obiettivo di stimolare il pubblico, e in particolare i giovani, a farsi parte attiva nell\u2019alimentare e sostenere la lingua friulana attraverso un uso consapevole e quotidiano. La campagna andr\u00e0 a coprire oltre un mese e mezzo di programmazione (fino a met\u00e0 novembre), articolandosi su <strong>tv, radio, stampa cartacea<\/strong>, <strong>web <\/strong>e <strong>social network<\/strong>. Completano la pianificazione le declinazioni sugli autobus urbani ed extra urbani di Udine e provincia; i poster nelle stazioni ferroviarie di Udine, Gorizia e Pordenone e la presenza in alcuni centri commerciali. L\u2019obiettivo \u00e8 raggiungere un\u2019audience ampia sia per fascia di et\u00e0 che per area di residenza, pari a tutto il territorio friulanofono delle ex province di Udine, Pordenone e Gorizia.<\/p>\n<p>La strategia di comunicazione \u00e8 stata presentata dall\u2019ARLeF nel corso della conferenza stampa nella quale sono intervenuti l\u2019assessore regionale alle Autonomie locali <strong>Pierpaolo Roberti,<\/strong> il presidente dell\u2019Agenzia <strong>Eros Cisilino<\/strong> e il direttore della stessa, <strong>William Cisilino<\/strong>.<\/p>\n<p><em>\u00abOgni giorno \u2013 ha <\/em>sottolineato <strong>Eros Cisilino <\/strong><em>\u2013 scegliamo le parole che esprimono le nostre emozioni, descrivono ci\u00f2 che facciamo, raccontano come siamo. Ogni giorno scegliamo la lingua che parla di noi<\/em><strong>.<\/strong><em> L\u2019uso del friulano \u00e8 una scelta. <\/em><em>Parlarlo nelle pi\u00f9 diverse situazioni quotidiane, decidere di insegnarlo ai propri figli fin dalla pi\u00f9 tenera et\u00e0 e dargli l\u2019opportunit\u00e0 di studiarlo a scuola, rende ognuno di noi protagonista nel far vivere la lingua, contribuendo ad alimentare uno straordinario patrimonio individuale e collettivo\u00bb.<\/em><\/p>\n<p><em>\u00abIl friulano <\/em>\u2013 ha ricordato <strong>William Cisilino <\/strong>\u2013 <em>\u00e8 una lingua viva ma \u00e8 importante, come lo \u00e8 per tutte le lingue, che si rinnovi ed evolva ogni giorno<\/em>. <em>Il claim \u201cDipende da noi\u201d vuole sottolineare, appunto, che siamo tutti noi protagonisti nel far vivere la lingua e nel preservare un patrimonio culturale millenario. Una sfida che ARLeF invita tutti a fare propria, soprattutto i pi\u00f9 giovani. Attraverso questa campagna vogliamo anche far conoscere l\u2019ARLeF e i servizi che offre; fornire informazioni sulla lingua e la sua tutela; diffondere l\u2019utilizzo dei molti strumenti informatici che abbiamo creato per facilitare l\u2019utilizzo del friulano anche sui nuovi media\u00bb.<\/em><\/p>\n<p><a href=\"http:\/\/imagazinevideotruck.it\/outlet\/relink.html\" target=\"_top\" rel=\"noopener\"><img loading=\"lazy\" decoding=\"async\" align=\"LEFT\" height=\"250\" src=\"http:\/\/imagazinevideotruck.it\/outlet\/outlet30.gif\" width=\"300\" alt=\"\" title=\"\"><\/a><\/p>\n<p>\u00a0<\/p>\n<p>\u00a0<\/p>\n<p>\u00a0<\/p>\n<p>\u00a0<\/p>\n<p>\u00a0<\/p>\n<p>\u00a0<\/p>\n<p>\u00a0<\/p>\n<p>\u00a0<\/p>\n<p>\u00a0<\/p>\n<p>\u00ab<em>La Regione<\/em> \u2013 ha osservato <strong>Roberti<\/strong> \u2013 <em>pu\u00f2 ideare e finanziare le promozioni pi\u00f9 efficaci ma, alla fine, tutto si risolve a quel \u2018claim\u2019 che trovo una delle pi\u00f9 centrate iniziative finora attuate tra le tante che, da inizio legislatura, abbiamo presentato con ARLeF: \u00e8 la sensibilit\u00e0 del cittadino nell\u2019utilizzare la lingua a fare la differenza e a tenerla viva invece che chiusa in un cassetto, mera materia da studio. Confidiamo che le lingue di minoranza del Friuli Venezia Giulia vengano utilizzate in tutti i contesti<\/em>\u00bb.<\/p>\n","protected":false},"excerpt":{"rendered":"<p>\u201cAl dipent di n\u00f4\u201d<\/p>\n","protected":false},"author":28,"featured_media":30113,"comment_status":"closed","ping_status":"closed","sticky":false,"template":"","format":"standard","meta":{"dwc-title":[],"dwc-content":[],"footnotes":""},"categories":[6],"tags":[],"class_list":["post-30112","post","type-post","status-publish","format-standard","has-post-thumbnail","hentry","category-societa"],"rttpg_featured_image_url":{"full":["https:\/\/imagazine.it\/wp-content\/uploads\/2024\/01\/31144-1.webp",750,413,false],"landscape":["https:\/\/imagazine.it\/wp-content\/uploads\/2024\/01\/31144-1.webp",750,413,false],"portraits":["https:\/\/imagazine.it\/wp-content\/uploads\/2024\/01\/31144-1.webp",750,413,false],"thumbnail":["https:\/\/imagazine.it\/wp-content\/uploads\/2024\/01\/31144-1-150x150.webp",150,150,true],"medium":["https:\/\/imagazine.it\/wp-content\/uploads\/2024\/01\/31144-1-300x165.webp",300,165,true],"large":["https:\/\/imagazine.it\/wp-content\/uploads\/2024\/01\/31144-1.webp",640,352,false],"thumblist":["https:\/\/imagazine.it\/wp-content\/uploads\/2024\/01\/31144-1.webp",300,165,false],"thumbrelated":["https:\/\/imagazine.it\/wp-content\/uploads\/2024\/01\/31144-1.webp",500,275,false],"meccarouselthumb":["https:\/\/imagazine.it\/wp-content\/uploads\/2024\/01\/31144-1.webp",474,261,false],"gridsquare":["https:\/\/imagazine.it\/wp-content\/uploads\/2024\/01\/31144-1.webp",391,215,false],"tileview":["https:\/\/imagazine.it\/wp-content\/uploads\/2024\/01\/31144-1.webp",300,165,false],"1536x1536":["https:\/\/imagazine.it\/wp-content\/uploads\/2024\/01\/31144-1.webp",750,413,false],"2048x2048":["https:\/\/imagazine.it\/wp-content\/uploads\/2024\/01\/31144-1.webp",750,413,false],"newsup-slider-full":["https:\/\/imagazine.it\/wp-content\/uploads\/2024\/01\/31144-1.webp",750,413,false],"newsup-featured":["https:\/\/imagazine.it\/wp-content\/uploads\/2024\/01\/31144-1.webp",750,413,false],"newsup-medium":["https:\/\/imagazine.it\/wp-content\/uploads\/2024\/01\/31144-1-720x380.webp",720,380,true],"tptn_thumbnail":["https:\/\/imagazine.it\/wp-content\/uploads\/2024\/01\/31144-1.webp",250,138,false],"sow-carousel-default":["https:\/\/imagazine.it\/wp-content\/uploads\/2024\/01\/31144-1-272x182.webp",272,182,true]},"rttpg_author":{"display_name":"redazione","author_link":"https:\/\/imagazine.it\/home_desk\/author\/redazione\/"},"rttpg_comment":0,"rttpg_category":"<a href=\"https:\/\/imagazine.it\/home_desk\/category\/societa\/\" rel=\"category tag\">SOCIET\u00c0<\/a>","rttpg_excerpt":"\u201cAl dipent di n\u00f4\u201d","_links":{"self":[{"href":"https:\/\/imagazine.it\/home_desk\/wp-json\/wp\/v2\/posts\/30112","targetHints":{"allow":["GET"]}}],"collection":[{"href":"https:\/\/imagazine.it\/home_desk\/wp-json\/wp\/v2\/posts"}],"about":[{"href":"https:\/\/imagazine.it\/home_desk\/wp-json\/wp\/v2\/types\/post"}],"author":[{"embeddable":true,"href":"https:\/\/imagazine.it\/home_desk\/wp-json\/wp\/v2\/users\/28"}],"replies":[{"embeddable":true,"href":"https:\/\/imagazine.it\/home_desk\/wp-json\/wp\/v2\/comments?post=30112"}],"version-history":[{"count":0,"href":"https:\/\/imagazine.it\/home_desk\/wp-json\/wp\/v2\/posts\/30112\/revisions"}],"wp:featuredmedia":[{"embeddable":true,"href":"https:\/\/imagazine.it\/home_desk\/wp-json\/wp\/v2\/media\/30113"}],"wp:attachment":[{"href":"https:\/\/imagazine.it\/home_desk\/wp-json\/wp\/v2\/media?parent=30112"}],"wp:term":[{"taxonomy":"category","embeddable":true,"href":"https:\/\/imagazine.it\/home_desk\/wp-json\/wp\/v2\/categories?post=30112"},{"taxonomy":"post_tag","embeddable":true,"href":"https:\/\/imagazine.it\/home_desk\/wp-json\/wp\/v2\/tags?post=30112"}],"curies":[{"name":"wp","href":"https:\/\/api.w.org\/{rel}","templated":true}]}}