{"id":30098,"date":"2019-09-20T00:00:00","date_gmt":"2019-09-19T23:00:00","guid":{"rendered":"https:\/\/imagazine.it\/?p=30098"},"modified":"2019-09-20T00:00:00","modified_gmt":"2019-09-19T23:00:00","slug":"ronchi-perrino-riconfermato-presidente-di-leali-delle-notizie","status":"publish","type":"post","link":"https:\/\/imagazine.it\/home_desk\/ronchi-perrino-riconfermato-presidente-di-leali-delle-notizie\/","title":{"rendered":"Ronchi, Perrino riconfermato presidente di Leali delle Notizie"},"content":{"rendered":"<p>Direttivo in parte rinnovato per l&#39;associazione culturale Leali delle Notizie di Ronchi dei Legionari. Dall\u2019ultima assemblea dei soci sono usciti i nomi dell\u2019esecutivo che guider\u00e0 il sodalizio nel triennio 2019-2021.<\/p>\n<p>Confermati nel ruolo di presidente e vicepresidente, <strong>Luca Perrino<\/strong> e <strong>Cristina Visintini<\/strong>, mentre la doppia carica di segretario e tesoriere vedr\u00e0 protagonista <strong>Giovanni Del Prete<\/strong>. E, ancora, <strong>Katia Bonaventura<\/strong> \u00e8 stata riconfermata alla carica di direttore artistico, mentre responsabile del progetto \u201cArte e territorio\u201d sar\u00e0 il consigliere <strong>Giulia Micheluzzi<\/strong>. Compongono il direttivo anche i consiglieri <strong>Laura Blasich<\/strong> e <strong>Luigi Riabiz<\/strong>.<\/p>\n<p>Nel frattempo proseguono le attivit\u00e0 associative: \u00e8 ancora aperta nella sede di piazzetta Francesco Giuseppe I, sino al 28 settembre, la personale di Enzo Valentinuz, mentre da sabato 12 ottobre inizier\u00e0 il programma del progetto\u00a0<strong>\u201cSeguendo il Festival\u2026verit\u00e0 e false verit\u00e0<\/strong>\u201d, dedicato all\u2019attuale tema del rapporto tra fake news e realt\u00e0 in vari campi dell\u2019informazione, dell\u2019arte, della politica, dei miti. Si inizier\u00e0\u00a0<strong>con l\u2019inaugurazione\u00a0della mostra di grafica contemporanea, organizzata in collaborazione con l\u2019associazione culturale Transmedia Arti Visi<\/strong>ve che proporr\u00e0 opere di artisti italiani, sloveni, croati, austriaci, partendo dal principio che l\u2019arte rappresenta la verit\u00e0 e la realt\u00e0 in termini soggettivi e non oggettivi, e quindi pu\u00f2 mistificare la verit\u00e0 dandole un aspetto diverso dal reale, quasi fosse una \u201cfake grafica. L\u2019esposizione verr\u00e0 inaugurata in occasione della 15\u00b0 Giornata del Contemporaneo e rientra nel programma promosso a livello nazionale da Amaci &#8211; Associazione dei Musei di Arte Contemporanea Italiani<strong>. <\/strong><\/p>\n<p><a href=\"http:\/\/imagazinevideotruck.it\/outlet\/relink.html\" target=\"_top\" rel=\"noopener\"><img loading=\"lazy\" decoding=\"async\" align=\"LEFT\" height=\"250\" src=\"http:\/\/imagazinevideotruck.it\/outlet\/outlet30.gif\" width=\"300\" alt=\"\" title=\"\"><\/a><\/p>\n<p>\u00a0<\/p>\n<p>\u00a0<\/p>\n<p>\u00a0<\/p>\n<p>\u00a0<\/p>\n<p>\u00a0<\/p>\n<p>\u00a0<\/p>\n<p>\u00a0<\/p>\n<p>\u00a0<\/p>\n<p>\u00a0<\/p>\n<p><strong>Sabato 26 ottobre\u00a0giornata interamente dedicata alla libert\u00e0 di stampa e di espressione<\/strong>, ma anche alla necessit\u00e0 di perseguire la verit\u00e0 dell\u2019informazione e quindi fornire strumenti di conoscenza per \u201csmontare\u201d le fake. In mattinata si svolger\u00e0 la cerimonia ufficiale durante cui verr\u00e0 riconosciuta la\u00a0<strong>cittadinanza onoraria di Ronchi dei Legionari al giornalista Matthew Caruana Galizia, vincitore del Premio Pulitzer 2017\u00a0\u00a0e figlio di Daphne Caruana Galizia<\/strong>\u00a0(giornalista maltese uccisa in un attentato a Malta nel 2017) a cui l\u2019associazione Leali delle Notizie ha intitolato il premio annuale che viene consegnato nel corso del Festival del Giornalismi di giugno. Nel pomeriggio si svilupper\u00e0 un\u00a0<strong>convegno focalizzato sul valore della ricerca della verit\u00e0 nell\u2019informazione contro le false verit\u00e0 della disinformazione<\/strong>. In serata poi ci sar\u00e0 uno spettacolo con un nome di rilievo del panorama artistico nazionale. \u201cSeguendo il Festival\u2026verit\u00e0 e false verit\u00e0\u201d proseguir\u00e0 con una\u00a0<strong>rassegna di tre incontri<\/strong>\u00a0che si svolgeranno i mercoled\u00ec 6, 13 e 20 novembre, alle 18.30 nell\u2019auditorium comunale di Ronchi dei Legionari dedicati a temi su cui spesso vengono diffuse informazioni scorrette o non basate sulla realt\u00e0 e verit\u00e0.\u00a0<\/p>\n<p><strong>Mercoled\u00ec 6 novembre<\/strong>\u00a0si partir\u00e0 dalla presentazione del libro \u201c<strong>Fake Republic. La satira politica ai tempi di Twitter\u201d di Sara Dellabella (giornalista freelance) e Romana Ranucci (sociologa e giornalista di Italpress),<\/strong>\u00a0un libro in cui le autrici parlano della realt\u00e0 parallela dei fake account, tweet ad imitazione del politico originale, che rimodellano la politica alle nuove dinamiche della comunicazione.\u00a0<\/p>\n<p><strong>Mercoled\u00ec 13 novembre<\/strong>\u00a0la serata sar\u00e0 dedicata al\u00a0<strong>50\u00b0 anniversario dell\u2019allunaggio \u201cDelle due\u2026 l\u2019una o Luna\u201d<\/strong>\u00a0articolata in un confronto tra chi festeggia l\u2019anniversario come evento storico e chi invece sostiene che l\u2019allunaggio non \u00e8 mai avvenuto.\u00a0<\/p>\n<p><strong>Mercoled\u00ec 20 novembre<\/strong>, infine, sar\u00e0 la volta della serata gestita dal Cicap (organizzazione educativa, fondata nel 1989 per promuovere un&#39;indagine scientifica e critica sul paranormale e le pseudoscienze) con un\u00a0<strong>incontro su<\/strong>\u00a0<strong>\u201cBufale, fake news, post-verit\u00e0<\/strong>\u201d.<\/p>\n","protected":false},"excerpt":{"rendered":"<p>Eletto il nuovo consiglio direttivo<\/p>\n","protected":false},"author":28,"featured_media":30099,"comment_status":"closed","ping_status":"closed","sticky":false,"template":"","format":"standard","meta":{"dwc-title":[],"dwc-content":[],"footnotes":""},"categories":[5],"tags":[],"class_list":["post-30098","post","type-post","status-publish","format-standard","has-post-thumbnail","hentry","category-attualita"],"rttpg_featured_image_url":{"full":["https:\/\/imagazine.it\/wp-content\/uploads\/2024\/01\/31128-1.webp",750,420,false],"landscape":["https:\/\/imagazine.it\/wp-content\/uploads\/2024\/01\/31128-1.webp",750,420,false],"portraits":["https:\/\/imagazine.it\/wp-content\/uploads\/2024\/01\/31128-1.webp",750,420,false],"thumbnail":["https:\/\/imagazine.it\/wp-content\/uploads\/2024\/01\/31128-1-150x150.webp",150,150,true],"medium":["https:\/\/imagazine.it\/wp-content\/uploads\/2024\/01\/31128-1-300x168.webp",300,168,true],"large":["https:\/\/imagazine.it\/wp-content\/uploads\/2024\/01\/31128-1.webp",640,358,false],"thumblist":["https:\/\/imagazine.it\/wp-content\/uploads\/2024\/01\/31128-1.webp",300,168,false],"thumbrelated":["https:\/\/imagazine.it\/wp-content\/uploads\/2024\/01\/31128-1.webp",500,280,false],"meccarouselthumb":["https:\/\/imagazine.it\/wp-content\/uploads\/2024\/01\/31128-1.webp",474,265,false],"gridsquare":["https:\/\/imagazine.it\/wp-content\/uploads\/2024\/01\/31128-1.webp",391,219,false],"tileview":["https:\/\/imagazine.it\/wp-content\/uploads\/2024\/01\/31128-1.webp",300,168,false],"1536x1536":["https:\/\/imagazine.it\/wp-content\/uploads\/2024\/01\/31128-1.webp",750,420,false],"2048x2048":["https:\/\/imagazine.it\/wp-content\/uploads\/2024\/01\/31128-1.webp",750,420,false],"newsup-slider-full":["https:\/\/imagazine.it\/wp-content\/uploads\/2024\/01\/31128-1.webp",750,420,false],"newsup-featured":["https:\/\/imagazine.it\/wp-content\/uploads\/2024\/01\/31128-1.webp",750,420,false],"newsup-medium":["https:\/\/imagazine.it\/wp-content\/uploads\/2024\/01\/31128-1-720x380.webp",720,380,true],"tptn_thumbnail":["https:\/\/imagazine.it\/wp-content\/uploads\/2024\/01\/31128-1.webp",250,140,false],"sow-carousel-default":["https:\/\/imagazine.it\/wp-content\/uploads\/2024\/01\/31128-1-272x182.webp",272,182,true]},"rttpg_author":{"display_name":"redazione","author_link":"https:\/\/imagazine.it\/home_desk\/author\/redazione\/"},"rttpg_comment":0,"rttpg_category":"<a href=\"https:\/\/imagazine.it\/home_desk\/category\/attualita\/\" rel=\"category tag\">ATTUALIT\u00c0<\/a>","rttpg_excerpt":"Eletto il nuovo consiglio direttivo","_links":{"self":[{"href":"https:\/\/imagazine.it\/home_desk\/wp-json\/wp\/v2\/posts\/30098","targetHints":{"allow":["GET"]}}],"collection":[{"href":"https:\/\/imagazine.it\/home_desk\/wp-json\/wp\/v2\/posts"}],"about":[{"href":"https:\/\/imagazine.it\/home_desk\/wp-json\/wp\/v2\/types\/post"}],"author":[{"embeddable":true,"href":"https:\/\/imagazine.it\/home_desk\/wp-json\/wp\/v2\/users\/28"}],"replies":[{"embeddable":true,"href":"https:\/\/imagazine.it\/home_desk\/wp-json\/wp\/v2\/comments?post=30098"}],"version-history":[{"count":0,"href":"https:\/\/imagazine.it\/home_desk\/wp-json\/wp\/v2\/posts\/30098\/revisions"}],"wp:featuredmedia":[{"embeddable":true,"href":"https:\/\/imagazine.it\/home_desk\/wp-json\/wp\/v2\/media\/30099"}],"wp:attachment":[{"href":"https:\/\/imagazine.it\/home_desk\/wp-json\/wp\/v2\/media?parent=30098"}],"wp:term":[{"taxonomy":"category","embeddable":true,"href":"https:\/\/imagazine.it\/home_desk\/wp-json\/wp\/v2\/categories?post=30098"},{"taxonomy":"post_tag","embeddable":true,"href":"https:\/\/imagazine.it\/home_desk\/wp-json\/wp\/v2\/tags?post=30098"}],"curies":[{"name":"wp","href":"https:\/\/api.w.org\/{rel}","templated":true}]}}