{"id":30092,"date":"2019-09-20T00:00:00","date_gmt":"2019-09-19T23:00:00","guid":{"rendered":"https:\/\/imagazine.it\/?p=30092"},"modified":"2019-09-20T00:00:00","modified_gmt":"2019-09-19T23:00:00","slug":"lomaggio-di-trieste-alla-fiaba-di-katia-ricciarelli","status":"publish","type":"post","link":"https:\/\/imagazine.it\/home_desk\/lomaggio-di-trieste-alla-fiaba-di-katia-ricciarelli\/","title":{"rendered":"L&#8217;omaggio di Trieste alla fiaba di Katia Ricciarelli"},"content":{"rendered":"<p align=\"JUSTIFY\">Saranno numerosi gli ospiti che si esibiranno al Teatro Verdi marted\u00ec 1 ottobre, alle ore 21, per festeggiare i 50 anni di carriera del soprano <strong>Katia Ricciarelli<\/strong>. Da Mario Biondi a Morgan, Ron, Vittorio Sgarbi, l\u2019attore Piermaria Cecchini con l\u2019Orchestra della Fondazione diretta dal Maestro Fabrizio Maria Carminati. Per parlare di e con Katia Ricciarelli, sul palcoscenico del Verdi \u2013 cui la cantante \u00e8 legata da tempo (aprir\u00e0 la Stagione lirica 2019-2020 della Fondazione, curando la regia della Turandot di Puccini e dell\u2019Aida di Verdi), si alterneranno grandi nomi presentati da <strong>Alfonso Signorini,<\/strong> giornalista, opinionista, scrittore e regista teatrale. L\u2019attore <strong>Piermaria Cecchini<\/strong> legger\u00e0 alcuni passi del libro di Katia Ricciarelli, e tanti altri. La Tribute band <strong>QueenMania<\/strong> si esibir\u00e0 con la signora Ricciarelli nel famoso brano \u201cBarcelona\u201d.<\/p>\n<p align=\"JUSTIFY\">L\u2019evento, dal titolo \u201cVivere una Fiaba\u201d \u2013 a cura della Magic Effect Production in collaborazione con la Fondazione Teatro Lirico Giuseppe Verdi di Trieste e il Comune di Trieste \u2013 \u00e8 stato illustrato stamane in municipio di Trieste alla presenza di Katia Ricciarelli, degli assessori comunali alla Cultura <strong>Giorgio Rossi<\/strong> e ai Grandi Eventi e Giovani <strong>Francesca De Santis,<\/strong> con il Soprintendente del Teatro Verdi <strong>Stefano Pace<\/strong> e il direttore generale <strong>Antonio Tasca<\/strong>.<\/p>\n<p>\u201cSono legata a Trieste \u2013 ha affermato Katia Ricciarelli \u2013 perch\u00e9 qui ho realizzato bellissime cose e mi sento molto pi\u00f9 a mio agio e perch\u00e9 vivo un clima culturale non paragonabile con altre citt\u00e0 o Paesi. Il mio sogno, fin da piccola, era di diventare cantante e quando si ha un sogno bisogna andare fino in fondo. Non smettete di sognare\u201d.<\/p>\n<p align=\"JUSTIFY\">La produzione esecutiva dello spettacolo \u00e8 affidata a <strong>Graziella Terrei<\/strong> della Magic effect Srl, casa di produzione televisiva e cinematografica e producer di Katia Ricciarelli. L\u2019evento sar\u00e0 ripreso e mandato in onda in differita sulle reti Mediaset.<\/p>\n","protected":false},"excerpt":{"rendered":"<p>Marted\u00ec 1 ottobre al Verdi<\/p>\n","protected":false},"author":28,"featured_media":30093,"comment_status":"closed","ping_status":"closed","sticky":false,"template":"","format":"standard","meta":{"dwc-title":[],"dwc-content":[],"footnotes":""},"categories":[37],"tags":[],"class_list":["post-30092","post","type-post","status-publish","format-standard","has-post-thumbnail","hentry","category-cultura-e-spettacolo"],"rttpg_featured_image_url":{"full":["https:\/\/imagazine.it\/wp-content\/uploads\/2024\/01\/31123-1.webp",750,500,false],"landscape":["https:\/\/imagazine.it\/wp-content\/uploads\/2024\/01\/31123-1.webp",750,500,false],"portraits":["https:\/\/imagazine.it\/wp-content\/uploads\/2024\/01\/31123-1.webp",750,500,false],"thumbnail":["https:\/\/imagazine.it\/wp-content\/uploads\/2024\/01\/31123-1-150x150.webp",150,150,true],"medium":["https:\/\/imagazine.it\/wp-content\/uploads\/2024\/01\/31123-1-300x200.webp",300,200,true],"large":["https:\/\/imagazine.it\/wp-content\/uploads\/2024\/01\/31123-1.webp",640,427,false],"thumblist":["https:\/\/imagazine.it\/wp-content\/uploads\/2024\/01\/31123-1.webp",300,200,false],"thumbrelated":["https:\/\/imagazine.it\/wp-content\/uploads\/2024\/01\/31123-1.webp",500,333,false],"meccarouselthumb":["https:\/\/imagazine.it\/wp-content\/uploads\/2024\/01\/31123-1.webp",474,316,false],"gridsquare":["https:\/\/imagazine.it\/wp-content\/uploads\/2024\/01\/31123-1.webp",391,260,false],"tileview":["https:\/\/imagazine.it\/wp-content\/uploads\/2024\/01\/31123-1.webp",300,200,false],"1536x1536":["https:\/\/imagazine.it\/wp-content\/uploads\/2024\/01\/31123-1.webp",750,500,false],"2048x2048":["https:\/\/imagazine.it\/wp-content\/uploads\/2024\/01\/31123-1.webp",750,500,false],"newsup-slider-full":["https:\/\/imagazine.it\/wp-content\/uploads\/2024\/01\/31123-1.webp",750,500,false],"newsup-featured":["https:\/\/imagazine.it\/wp-content\/uploads\/2024\/01\/31123-1.webp",750,500,false],"newsup-medium":["https:\/\/imagazine.it\/wp-content\/uploads\/2024\/01\/31123-1-720x380.webp",720,380,true],"tptn_thumbnail":["https:\/\/imagazine.it\/wp-content\/uploads\/2024\/01\/31123-1.webp",250,167,false],"sow-carousel-default":["https:\/\/imagazine.it\/wp-content\/uploads\/2024\/01\/31123-1-272x182.webp",272,182,true]},"rttpg_author":{"display_name":"redazione","author_link":"https:\/\/imagazine.it\/home_desk\/author\/redazione\/"},"rttpg_comment":0,"rttpg_category":"<a href=\"https:\/\/imagazine.it\/home_desk\/category\/cultura-e-spettacolo\/\" rel=\"category tag\">CULTURA&amp;SPETTACOLO<\/a>","rttpg_excerpt":"Marted\u00ec 1 ottobre al Verdi","_links":{"self":[{"href":"https:\/\/imagazine.it\/home_desk\/wp-json\/wp\/v2\/posts\/30092","targetHints":{"allow":["GET"]}}],"collection":[{"href":"https:\/\/imagazine.it\/home_desk\/wp-json\/wp\/v2\/posts"}],"about":[{"href":"https:\/\/imagazine.it\/home_desk\/wp-json\/wp\/v2\/types\/post"}],"author":[{"embeddable":true,"href":"https:\/\/imagazine.it\/home_desk\/wp-json\/wp\/v2\/users\/28"}],"replies":[{"embeddable":true,"href":"https:\/\/imagazine.it\/home_desk\/wp-json\/wp\/v2\/comments?post=30092"}],"version-history":[{"count":0,"href":"https:\/\/imagazine.it\/home_desk\/wp-json\/wp\/v2\/posts\/30092\/revisions"}],"wp:featuredmedia":[{"embeddable":true,"href":"https:\/\/imagazine.it\/home_desk\/wp-json\/wp\/v2\/media\/30093"}],"wp:attachment":[{"href":"https:\/\/imagazine.it\/home_desk\/wp-json\/wp\/v2\/media?parent=30092"}],"wp:term":[{"taxonomy":"category","embeddable":true,"href":"https:\/\/imagazine.it\/home_desk\/wp-json\/wp\/v2\/categories?post=30092"},{"taxonomy":"post_tag","embeddable":true,"href":"https:\/\/imagazine.it\/home_desk\/wp-json\/wp\/v2\/tags?post=30092"}],"curies":[{"name":"wp","href":"https:\/\/api.w.org\/{rel}","templated":true}]}}