{"id":30070,"date":"2019-09-17T00:00:00","date_gmt":"2019-09-16T23:00:00","guid":{"rendered":"https:\/\/imagazine.it\/?p=30070"},"modified":"2019-09-17T00:00:00","modified_gmt":"2019-09-16T23:00:00","slug":"magliocchetti-portabandiera-fvg-ai-campionati-italiani","status":"publish","type":"post","link":"https:\/\/imagazine.it\/home_desk\/magliocchetti-portabandiera-fvg-ai-campionati-italiani\/","title":{"rendered":"Magliocchetti portabandiera FVG ai Campionati italiani"},"content":{"rendered":"<p>Si sono conclusi a Meda i Campionati Italiani Assoluti di ginnastica artistica. A rappresentare il Friuli Venezia Giulia per il settore della maschile c\u2019era <strong>Carlo Magliocchetti<\/strong>. L\u2019atleta diciassettenne, che veste la divisa dell\u2019Associazione Sportiva Udinese, \u00e8 stato l\u2019unico ginnasta (per la Gam), in tutta la regione, chiamato dal direttore tecnico nazionale per l\u2019appuntamento.<\/p>\n<p>\u00ab<em>Siamo orgogliosi di Carlo,\u00a0che per la prima volta\u00a0<\/em>\u2013 ha sottolineato <strong>Umberto Meroni<\/strong>, vicepresidente di Asu &#8211;\u00a0<em>ha portato i colori della societ\u00e0 in questa gara riservata ai migliori atleti italiani<\/em>\u00bb. Magliocchetti non solo \u00e8 stato il primo atleta della Gam di Asu a partecipare al Campionato Nazionale Assoluto, ma \u00e8 anche riuscito a ottenere il pass per la finale nella competizione che pu\u00f2 essere considerata, a tutti gli effetti, la pi\u00f9 importante gara individuale nel panorama italiano.<\/p>\n<p><strong>LA GARA\u00a0<\/strong>&#8211; Magliocchetti, impegnato nel volteggio, ha da subito mostrato il carattere. \u00ab<em>Sabato si \u00e8 messo alla prova con due salti complicati, entrambi ben eseguiti, arrivando con un solo passo sull&#39;arrivo e raggiungendo un punteggio di 13,800<\/em>\u00bb, hanno spiegato i tecnici <strong>Valerij Sosnin<\/strong> e <strong>Francesco Braidot<\/strong>.<\/p>\n<p>Dal quarto posto del primo giorno, il ginnasta bianconero \u00e8 sceso di due posizioni domenica, nella finale a otto: \u00ab<em>Il giorno seguente, complice anche la tensione, \u00e8 stato un po\u2019 impreciso nel primo salto (Yurchenko con due avvitamenti e mezzo), avendo fatto alcuni errori nella fase di arrivo. Ha per\u00f2 recuperato nel secondo, eseguito senza indecisioni. Si quindi \u00e8 classificato in sesta posizione con 13,625 punti<\/em>\u00bb, ha precisato Sosnin.<\/p>\n<p>\u00ab<em>La ristrutturazione tecnica di una sezione cos\u00ec importante per la nostra storica societ\u00e0 <\/em>\u2013 ha spiegato Meroni \u2013 <em>sta cominciando a dare i suoi frutti<\/em>.<em> Il progresso tecnico che Carlo sta ottenendo, insieme a tutti i suoi compagni di squadra, ci fa capire che la strada intrapresa \u00e8 quella giusta e che la direzione tecnica di Valerij Sosnin (tecnico che negli anni passati ha allenato la squadra di Salerno arrivando a vincere il campionato di serie A1) \u00e8 un progetto che ci porter\u00e0 senz\u2019altro grandi gratificazioni<\/em>\u00bb.<\/p>\n","protected":false},"excerpt":{"rendered":"<p>Assoluti di ginnastica artistica a Meda<\/p>\n","protected":false},"author":28,"featured_media":30071,"comment_status":"closed","ping_status":"closed","sticky":false,"template":"","format":"standard","meta":{"dwc-title":[],"dwc-content":[],"footnotes":""},"categories":[38],"tags":[],"class_list":["post-30070","post","type-post","status-publish","format-standard","has-post-thumbnail","hentry","category-sport"],"rttpg_featured_image_url":{"full":["https:\/\/imagazine.it\/wp-content\/uploads\/2024\/01\/31069-1.webp",750,566,false],"landscape":["https:\/\/imagazine.it\/wp-content\/uploads\/2024\/01\/31069-1.webp",750,566,false],"portraits":["https:\/\/imagazine.it\/wp-content\/uploads\/2024\/01\/31069-1.webp",750,566,false],"thumbnail":["https:\/\/imagazine.it\/wp-content\/uploads\/2024\/01\/31069-1-150x150.webp",150,150,true],"medium":["https:\/\/imagazine.it\/wp-content\/uploads\/2024\/01\/31069-1-300x226.webp",300,226,true],"large":["https:\/\/imagazine.it\/wp-content\/uploads\/2024\/01\/31069-1.webp",640,483,false],"thumblist":["https:\/\/imagazine.it\/wp-content\/uploads\/2024\/01\/31069-1.webp",300,226,false],"thumbrelated":["https:\/\/imagazine.it\/wp-content\/uploads\/2024\/01\/31069-1.webp",500,377,false],"meccarouselthumb":["https:\/\/imagazine.it\/wp-content\/uploads\/2024\/01\/31069-1.webp",429,324,false],"gridsquare":["https:\/\/imagazine.it\/wp-content\/uploads\/2024\/01\/31069-1.webp",345,260,false],"tileview":["https:\/\/imagazine.it\/wp-content\/uploads\/2024\/01\/31069-1.webp",300,226,false],"1536x1536":["https:\/\/imagazine.it\/wp-content\/uploads\/2024\/01\/31069-1.webp",750,566,false],"2048x2048":["https:\/\/imagazine.it\/wp-content\/uploads\/2024\/01\/31069-1.webp",750,566,false],"newsup-slider-full":["https:\/\/imagazine.it\/wp-content\/uploads\/2024\/01\/31069-1.webp",750,566,false],"newsup-featured":["https:\/\/imagazine.it\/wp-content\/uploads\/2024\/01\/31069-1.webp",750,566,false],"newsup-medium":["https:\/\/imagazine.it\/wp-content\/uploads\/2024\/01\/31069-1-720x380.webp",720,380,true],"tptn_thumbnail":["https:\/\/imagazine.it\/wp-content\/uploads\/2024\/01\/31069-1.webp",250,189,false],"sow-carousel-default":["https:\/\/imagazine.it\/wp-content\/uploads\/2024\/01\/31069-1-272x182.webp",272,182,true]},"rttpg_author":{"display_name":"redazione","author_link":"https:\/\/imagazine.it\/home_desk\/author\/redazione\/"},"rttpg_comment":0,"rttpg_category":"<a href=\"https:\/\/imagazine.it\/home_desk\/category\/sport\/\" rel=\"category tag\">SPORT<\/a>","rttpg_excerpt":"Assoluti di ginnastica artistica a Meda","_links":{"self":[{"href":"https:\/\/imagazine.it\/home_desk\/wp-json\/wp\/v2\/posts\/30070","targetHints":{"allow":["GET"]}}],"collection":[{"href":"https:\/\/imagazine.it\/home_desk\/wp-json\/wp\/v2\/posts"}],"about":[{"href":"https:\/\/imagazine.it\/home_desk\/wp-json\/wp\/v2\/types\/post"}],"author":[{"embeddable":true,"href":"https:\/\/imagazine.it\/home_desk\/wp-json\/wp\/v2\/users\/28"}],"replies":[{"embeddable":true,"href":"https:\/\/imagazine.it\/home_desk\/wp-json\/wp\/v2\/comments?post=30070"}],"version-history":[{"count":0,"href":"https:\/\/imagazine.it\/home_desk\/wp-json\/wp\/v2\/posts\/30070\/revisions"}],"wp:featuredmedia":[{"embeddable":true,"href":"https:\/\/imagazine.it\/home_desk\/wp-json\/wp\/v2\/media\/30071"}],"wp:attachment":[{"href":"https:\/\/imagazine.it\/home_desk\/wp-json\/wp\/v2\/media?parent=30070"}],"wp:term":[{"taxonomy":"category","embeddable":true,"href":"https:\/\/imagazine.it\/home_desk\/wp-json\/wp\/v2\/categories?post=30070"},{"taxonomy":"post_tag","embeddable":true,"href":"https:\/\/imagazine.it\/home_desk\/wp-json\/wp\/v2\/tags?post=30070"}],"curies":[{"name":"wp","href":"https:\/\/api.w.org\/{rel}","templated":true}]}}