{"id":30045,"date":"2019-09-13T00:00:00","date_gmt":"2019-09-12T23:00:00","guid":{"rendered":"https:\/\/imagazine.it\/?p=30045"},"modified":"2019-09-13T00:00:00","modified_gmt":"2019-09-12T23:00:00","slug":"frecce-tricolori-in-volo-su-trieste","status":"publish","type":"post","link":"https:\/\/imagazine.it\/home_desk\/frecce-tricolori-in-volo-su-trieste\/","title":{"rendered":"Frecce Tricolori in volo su Trieste"},"content":{"rendered":"<p>Luned\u00ec 16 settembre i nove MB-339 PAN delle Frecce Tricolori ed un velivolo da trasporto C-130J sorvoleranno in formazione, <strong>intorno alle ore 14<\/strong>, la citt\u00e0 di Trieste.<\/p>\n<p>L&#39;attivit\u00e0, preventivamente coordinata con le autorit\u00e0 competenti, pianificata e condotta in aderenza alle\u00a0procedure e alle previste normative di sicurezza del volo, verr\u00e0 svolta nell&#39;ambito di una sessione di\u00a0addestramento della PAN e consentir\u00e0, tra l\u2019altro, di realizzare riprese video-fotografiche \u201csuggellando \u2013 come recita la nota dell\u2019Aeronautica Militare \u2013 ancora una volta il profondo e duraturo legame tra l\u2019Aeronautica Militare e il Friuli Venezia Giulia\u201d.<\/p>\n<p>Un legame che proprio nel 2020 si rinsalder\u00e0 con la ricorrenza della 60a stagione acrobatica delle Frecce\u00a0Tricolori, un compleanno speciale che dar\u00e0 vita durante il mese di settembre a una manifestazione aerea\u00a0presso l&#39;aeroporto militare di Rivolto, sede storica della Pattuglia Acrobatica Nazionale sin dalla\u00a0sua costituzione.<\/p>\n<p><a href=\"http:\/\/imagazinevideotruck.it\/outlet\/relink.html\" target=\"_top\" rel=\"noopener\"><img loading=\"lazy\" decoding=\"async\" align=\"LEFT\" height=\"250\" src=\"http:\/\/imagazinevideotruck.it\/outlet\/outlet30.gif\" width=\"300\" alt=\"\" title=\"\"><\/a><\/p>\n<p>\u00a0<\/p>\n<p>\u00a0<\/p>\n<p>\u00a0<\/p>\n<p>\u00a0<\/p>\n<p>\u00a0<\/p>\n<p>\u00a0<\/p>\n<p>\u00a0<\/p>\n<p>\u00a0<\/p>\n<p>\u00a0<\/p>\n<p>Luned\u00ec a Trieste si tratter\u00e0 di brevi passaggi che potranno costituire anche un&#39;opportunit\u00e0 per i cittadini <strong>per realizzare &#8220;scatti aeronautici&#8221; con lo sfondo di Piazza Unit\u00e0 di Italia<\/strong> e che sar\u00e0 poi possibile condividere sui social network utilizzando l\u2019hashtag #leVostrefoto e la #lAMiaaeronauticamilitare.\u00a0<\/p>\n","protected":false},"excerpt":{"rendered":"<p>Luned\u00ec 16 settembre<\/p>\n","protected":false},"author":28,"featured_media":30046,"comment_status":"closed","ping_status":"closed","sticky":false,"template":"","format":"standard","meta":{"dwc-title":[],"dwc-content":[],"footnotes":""},"categories":[5],"tags":[],"class_list":["post-30045","post","type-post","status-publish","format-standard","has-post-thumbnail","hentry","category-attualita"],"rttpg_featured_image_url":{"full":["https:\/\/imagazine.it\/wp-content\/uploads\/2024\/01\/30965-1.webp",750,500,false],"landscape":["https:\/\/imagazine.it\/wp-content\/uploads\/2024\/01\/30965-1.webp",750,500,false],"portraits":["https:\/\/imagazine.it\/wp-content\/uploads\/2024\/01\/30965-1.webp",750,500,false],"thumbnail":["https:\/\/imagazine.it\/wp-content\/uploads\/2024\/01\/30965-1-150x150.webp",150,150,true],"medium":["https:\/\/imagazine.it\/wp-content\/uploads\/2024\/01\/30965-1-300x200.webp",300,200,true],"large":["https:\/\/imagazine.it\/wp-content\/uploads\/2024\/01\/30965-1.webp",640,427,false],"thumblist":["https:\/\/imagazine.it\/wp-content\/uploads\/2024\/01\/30965-1.webp",300,200,false],"thumbrelated":["https:\/\/imagazine.it\/wp-content\/uploads\/2024\/01\/30965-1.webp",500,333,false],"meccarouselthumb":["https:\/\/imagazine.it\/wp-content\/uploads\/2024\/01\/30965-1.webp",474,316,false],"gridsquare":["https:\/\/imagazine.it\/wp-content\/uploads\/2024\/01\/30965-1.webp",391,260,false],"tileview":["https:\/\/imagazine.it\/wp-content\/uploads\/2024\/01\/30965-1.webp",300,200,false],"1536x1536":["https:\/\/imagazine.it\/wp-content\/uploads\/2024\/01\/30965-1.webp",750,500,false],"2048x2048":["https:\/\/imagazine.it\/wp-content\/uploads\/2024\/01\/30965-1.webp",750,500,false],"newsup-slider-full":["https:\/\/imagazine.it\/wp-content\/uploads\/2024\/01\/30965-1.webp",750,500,false],"newsup-featured":["https:\/\/imagazine.it\/wp-content\/uploads\/2024\/01\/30965-1.webp",750,500,false],"newsup-medium":["https:\/\/imagazine.it\/wp-content\/uploads\/2024\/01\/30965-1-720x380.webp",720,380,true],"tptn_thumbnail":["https:\/\/imagazine.it\/wp-content\/uploads\/2024\/01\/30965-1.webp",250,167,false],"sow-carousel-default":["https:\/\/imagazine.it\/wp-content\/uploads\/2024\/01\/30965-1-272x182.webp",272,182,true]},"rttpg_author":{"display_name":"redazione","author_link":"https:\/\/imagazine.it\/home_desk\/author\/redazione\/"},"rttpg_comment":0,"rttpg_category":"<a href=\"https:\/\/imagazine.it\/home_desk\/category\/attualita\/\" rel=\"category tag\">ATTUALIT\u00c0<\/a>","rttpg_excerpt":"Luned\u00ec 16 settembre","_links":{"self":[{"href":"https:\/\/imagazine.it\/home_desk\/wp-json\/wp\/v2\/posts\/30045","targetHints":{"allow":["GET"]}}],"collection":[{"href":"https:\/\/imagazine.it\/home_desk\/wp-json\/wp\/v2\/posts"}],"about":[{"href":"https:\/\/imagazine.it\/home_desk\/wp-json\/wp\/v2\/types\/post"}],"author":[{"embeddable":true,"href":"https:\/\/imagazine.it\/home_desk\/wp-json\/wp\/v2\/users\/28"}],"replies":[{"embeddable":true,"href":"https:\/\/imagazine.it\/home_desk\/wp-json\/wp\/v2\/comments?post=30045"}],"version-history":[{"count":0,"href":"https:\/\/imagazine.it\/home_desk\/wp-json\/wp\/v2\/posts\/30045\/revisions"}],"wp:featuredmedia":[{"embeddable":true,"href":"https:\/\/imagazine.it\/home_desk\/wp-json\/wp\/v2\/media\/30046"}],"wp:attachment":[{"href":"https:\/\/imagazine.it\/home_desk\/wp-json\/wp\/v2\/media?parent=30045"}],"wp:term":[{"taxonomy":"category","embeddable":true,"href":"https:\/\/imagazine.it\/home_desk\/wp-json\/wp\/v2\/categories?post=30045"},{"taxonomy":"post_tag","embeddable":true,"href":"https:\/\/imagazine.it\/home_desk\/wp-json\/wp\/v2\/tags?post=30045"}],"curies":[{"name":"wp","href":"https:\/\/api.w.org\/{rel}","templated":true}]}}