{"id":30041,"date":"2019-09-12T00:00:00","date_gmt":"2019-09-11T23:00:00","guid":{"rendered":"https:\/\/imagazine.it\/?p=30041"},"modified":"2019-09-12T00:00:00","modified_gmt":"2019-09-11T23:00:00","slug":"bus-e-treni-speciali-per-gusti-di-frontiera","status":"publish","type":"post","link":"https:\/\/imagazine.it\/home_desk\/bus-e-treni-speciali-per-gusti-di-frontiera\/","title":{"rendered":"Bus e treni speciali per Gusti di Frontiera"},"content":{"rendered":"<p><strong>Gusti di Frontiera<\/strong> 2019 conferma un eccezionale servizio di trasporto per raggiungere Gorizia durante la manifestazione in programma dal 26 al 29 settembre.<\/p>\n<p>L\u2019iniziativa \u00e8 stata presentata nel corso di una conferenza stampa dal sindaco <strong>Rodolfo Ziberna<\/strong>, dall\u2019assessore comunale ai Grandi Eventi <strong>Arianna Bellan<\/strong>, dall\u2019assessore regionale alle infrastrutture <strong>Graziano Pizzimenti<\/strong>, con gli interventi della direttrice di Trenitalia FVG <strong>Elisa Nanetti<\/strong>, della Presidente di <strong>APT<\/strong> Gorizia <strong>Caterina Belletti<\/strong> e del vicepresidente della Camera di Commercio Venezia Giulia <strong>Gianluca Madriz<\/strong>.<\/p>\n<p>Come nella precedente edizione, grazie alla Regione e alla rinnovata collaborazione con<strong> Trenitalia<\/strong>, sar\u00e0 attivato un servizio straordinario di treni di collegamento dagli altri centri della regione. Gusti di Frontiera metter\u00e0 invece a disposizione anche quest\u2019anno, con la collaborazione dell\u2019<strong>Azienda Provinciale Trasporti di <\/strong><strong>Gorizia, <\/strong>il <strong>servizio gratuito di bus navetta<\/strong> che garantir\u00e0 ai visitatori il trasporto verso il centro citt\u00e0 partendo dai <strong>parcheggi limitrofi e gratuiti<\/strong>. Confermato, inoltre, il <strong>trenino internazionale da e per Nova Gorica<\/strong>, anch\u2019esso gratuito.<\/p>\n<p>\u00a0<\/p>\n<p><strong>TRENI<\/strong><br \/> Da venerd\u00ec 27 a domenica 29 i <strong>treni saranno intensificati<\/strong> con <strong>corse speciali<\/strong> e arriveranno a essere in tutto <strong>48<\/strong>: <strong>11 <\/strong>il<strong> venerd\u00ec<\/strong>, <strong>23<\/strong> il <strong>sabato<\/strong> e <strong>14<\/strong> nella giornata di <strong>domenica<\/strong>, garantendo il <strong>71% di posti in pi\u00f9<\/strong> rispetto all\u2019offerta ordinaria, per arrivare a un totale di <strong>55.000 posti a sedere<\/strong> offerti complessivamente nell\u2019arco dell\u2019intero weekend.<\/p>\n<p><a href=\"http:\/\/imagazinevideotruck.it\/outlet\/relink.html\" target=\"_top\" rel=\"noopener\"><img loading=\"lazy\" decoding=\"async\" align=\"LEFT\" height=\"250\" src=\"http:\/\/imagazinevideotruck.it\/outlet\/outlet30.gif\" width=\"300\" alt=\"\" title=\"\"><\/a><\/p>\n<p>\u00a0<\/p>\n<p>\u00a0<\/p>\n<p>\u00a0<\/p>\n<p>\u00a0<\/p>\n<p>\u00a0<\/p>\n<p>\u00a0<\/p>\n<p>\u00a0<\/p>\n<p>\u00a0<\/p>\n<p>\u00a0<\/p>\n<p>I convogli speciali circoleranno venerd\u00ec dalle 16 alle 3 del mattino, sabato dalle 10 alle 3 del mattino, domenica dalle 9 alle 23.<\/p>\n<p>Per chi intender\u00e0 raggiungere Gorizia in treno, sono confermate anche quest\u2019anno le <strong>tariffe agevolate<\/strong> a favore di <strong>bambini e ragazzi<\/strong>. Venerd\u00ec 27 i ragazzi fino ai 26 anni potranno acquistare il biglietto da e per Gorizia <strong>scontato del 20%<\/strong>, grazie alla promozione \u201c<strong>Under 26 FVG<\/strong>\u201d. Sabato e domenica grazie alla \u201cPromo Weekend FVG\u201d lo <strong>sconto del 20% sar\u00e0 esteso a tutti<\/strong>. Infine con la promo \u201c<strong>Under 12 accompagnati FVG<\/strong>\u201d tutti i bambini fino ai 12 anni, se accompagnati da un adulto pagante, potranno raggiungere Gorizia in treno <strong>gratuitamente<\/strong>.<\/p>\n<p>Le promo saranno acquistabili per i viaggi entro i confini della regione Friuli Venezia Giulia con origine o destinazione Gorizia durante i giorni della manifestazione. Ulteriori <strong>informazioni sugli orari<\/strong> e sul servizio sono <strong>disponibili sul sito www.trenitalia.com<\/strong>, rivolgendosi alle biglietterie o al punto informativo Trenitalia in Corso Italia.<\/p>\n<p>\u00a0<\/p>\n<p><strong>PARCHEGGI<\/strong><\/p>\n<p><strong>Tre i parcheggi scambiatori<\/strong> \u2013 dai quali partiranno i <strong>collegamenti con i bus navetta<\/strong> verso il centro citt\u00e0 \u2013 su cui ha le sue fondamenta il piano di <strong>mobilit\u00e0 sostenibile di Gusti di Frontiera<\/strong>, ovvero PalaBigot-Quartiere fieristico, Casarossa e Sdag, quest\u2019ultimo ideale soprattutto per chi proviene dall\u2019autostrada.<\/p>\n<p>L\u2019Azienda Provinciale Trasporti di Gorizia garantir\u00e0 i bus navetta che collegheranno le aree di sosta e la stazione ferroviaria alla festa. I bus circoleranno, come i treni, da venerd\u00ec a domenica: a partire dalle 17 sia venerd\u00ec che sabato, mentre la domenica le prime corse sono previste alle 11. Il termine del servizio per questi tre collegamenti \u00e8 previsto alle 2.00 del venerd\u00ec, alle 3.00 del sabato e a mezzanotte della domenica. Una quarta linea trasporter\u00e0 in centro chi arriver\u00e0 a Gorizia in treno, facendo la spola da Corso Italia 80 venerd\u00ec e sabato fino all\u20191.45 e domenica fino a mezzanotte.<\/p>\n<p>\u00a0<\/p>\n<p><strong>TRENINO TRANSFRONTALIERO<\/strong><\/p>\n<p>Gusti di Frontiera avr\u00e0 anche quest\u2019anno il suo <strong>trenino internazionale<\/strong>, sempre garantito da <strong>Apt Gorizia<\/strong>. Il mini convoglio avr\u00e0 corse con una frequenza di circa 30 minuti.<\/p>\n<p>Il trenino far\u00e0 la <strong>spola tra il centro di Nova Gorica<\/strong> con l\u2019<strong>area dei festeggiamenti<\/strong>, e pi\u00f9 precisamente tra Erjavceva ulica e via del Seminario. Il servizio sar\u00e0 attivo venerd\u00ec dalle 18 alle 24, sabato dalle 11 alle 24 e domenica dalle 11 alle 22.<\/p>\n","protected":false},"excerpt":{"rendered":"<p>Presentato il piano dei trasporti<\/p>\n","protected":false},"author":28,"featured_media":30042,"comment_status":"closed","ping_status":"closed","sticky":false,"template":"","format":"standard","meta":{"dwc-title":[],"dwc-content":[],"footnotes":""},"categories":[8],"tags":[],"class_list":["post-30041","post","type-post","status-publish","format-standard","has-post-thumbnail","hentry","category-turismo"],"rttpg_featured_image_url":{"full":["https:\/\/imagazine.it\/wp-content\/uploads\/2024\/01\/30954-1.webp",750,509,false],"landscape":["https:\/\/imagazine.it\/wp-content\/uploads\/2024\/01\/30954-1.webp",750,509,false],"portraits":["https:\/\/imagazine.it\/wp-content\/uploads\/2024\/01\/30954-1.webp",750,509,false],"thumbnail":["https:\/\/imagazine.it\/wp-content\/uploads\/2024\/01\/30954-1-150x150.webp",150,150,true],"medium":["https:\/\/imagazine.it\/wp-content\/uploads\/2024\/01\/30954-1-300x204.webp",300,204,true],"large":["https:\/\/imagazine.it\/wp-content\/uploads\/2024\/01\/30954-1.webp",640,434,false],"thumblist":["https:\/\/imagazine.it\/wp-content\/uploads\/2024\/01\/30954-1.webp",300,204,false],"thumbrelated":["https:\/\/imagazine.it\/wp-content\/uploads\/2024\/01\/30954-1.webp",500,339,false],"meccarouselthumb":["https:\/\/imagazine.it\/wp-content\/uploads\/2024\/01\/30954-1.webp",474,322,false],"gridsquare":["https:\/\/imagazine.it\/wp-content\/uploads\/2024\/01\/30954-1.webp",383,260,false],"tileview":["https:\/\/imagazine.it\/wp-content\/uploads\/2024\/01\/30954-1.webp",300,204,false],"1536x1536":["https:\/\/imagazine.it\/wp-content\/uploads\/2024\/01\/30954-1.webp",750,509,false],"2048x2048":["https:\/\/imagazine.it\/wp-content\/uploads\/2024\/01\/30954-1.webp",750,509,false],"newsup-slider-full":["https:\/\/imagazine.it\/wp-content\/uploads\/2024\/01\/30954-1.webp",750,509,false],"newsup-featured":["https:\/\/imagazine.it\/wp-content\/uploads\/2024\/01\/30954-1.webp",750,509,false],"newsup-medium":["https:\/\/imagazine.it\/wp-content\/uploads\/2024\/01\/30954-1-720x380.webp",720,380,true],"tptn_thumbnail":["https:\/\/imagazine.it\/wp-content\/uploads\/2024\/01\/30954-1.webp",250,170,false],"sow-carousel-default":["https:\/\/imagazine.it\/wp-content\/uploads\/2024\/01\/30954-1-272x182.webp",272,182,true]},"rttpg_author":{"display_name":"redazione","author_link":"https:\/\/imagazine.it\/home_desk\/author\/redazione\/"},"rttpg_comment":0,"rttpg_category":"<a href=\"https:\/\/imagazine.it\/home_desk\/category\/turismo\/\" rel=\"category tag\">TURISMO<\/a>","rttpg_excerpt":"Presentato il piano dei trasporti","_links":{"self":[{"href":"https:\/\/imagazine.it\/home_desk\/wp-json\/wp\/v2\/posts\/30041","targetHints":{"allow":["GET"]}}],"collection":[{"href":"https:\/\/imagazine.it\/home_desk\/wp-json\/wp\/v2\/posts"}],"about":[{"href":"https:\/\/imagazine.it\/home_desk\/wp-json\/wp\/v2\/types\/post"}],"author":[{"embeddable":true,"href":"https:\/\/imagazine.it\/home_desk\/wp-json\/wp\/v2\/users\/28"}],"replies":[{"embeddable":true,"href":"https:\/\/imagazine.it\/home_desk\/wp-json\/wp\/v2\/comments?post=30041"}],"version-history":[{"count":0,"href":"https:\/\/imagazine.it\/home_desk\/wp-json\/wp\/v2\/posts\/30041\/revisions"}],"wp:featuredmedia":[{"embeddable":true,"href":"https:\/\/imagazine.it\/home_desk\/wp-json\/wp\/v2\/media\/30042"}],"wp:attachment":[{"href":"https:\/\/imagazine.it\/home_desk\/wp-json\/wp\/v2\/media?parent=30041"}],"wp:term":[{"taxonomy":"category","embeddable":true,"href":"https:\/\/imagazine.it\/home_desk\/wp-json\/wp\/v2\/categories?post=30041"},{"taxonomy":"post_tag","embeddable":true,"href":"https:\/\/imagazine.it\/home_desk\/wp-json\/wp\/v2\/tags?post=30041"}],"curies":[{"name":"wp","href":"https:\/\/api.w.org\/{rel}","templated":true}]}}