{"id":30035,"date":"2019-09-11T00:00:00","date_gmt":"2019-09-10T23:00:00","guid":{"rendered":"https:\/\/imagazine.it\/?p=30035"},"modified":"2019-09-11T00:00:00","modified_gmt":"2019-09-10T23:00:00","slug":"a-trieste-il-chirurgo-ebreo-che-non-salvo-il-neonazista","status":"publish","type":"post","link":"https:\/\/imagazine.it\/home_desk\/a-trieste-il-chirurgo-ebreo-che-non-salvo-il-neonazista\/","title":{"rendered":"A Trieste il chirurgo ebreo che non salv\u00f2 il neonazista"},"content":{"rendered":"<p>In questi giorni, a Trieste, sono iniziate le riprese di <em>Non odiare<\/em>, il debutto nel lungometraggio di Mauro Mancini, voluto dal produttore Mario Mazzarotto. Il film \u00e8 una coproduzione tra Italia e Polonia: Movimento film e Agresywna banda, con Rai Cinema<strong>, <\/strong>in associazione con Notorious Pictures, che distribuir\u00e0 il film in Italia. \u00c8 realizzato con il sostegno del Ministero per i Beni e le Attivit\u00e0 Culturali \u2013 Direzione Generale Cinema, Polish Film Institute e\u00a0in collaborazione con Friuli Venezia Giulia Film Commission. Le vendite internazionali sono affidate a Intramovies.<\/p>\n<p>La storia di <em>Non odiare <\/em>accade a Trieste, citt\u00e0 dalle profonde radici ebraiche, testimoniate dall\u2019antica sinagoga, dove, per la prima volta, si girer\u00e0 la scena di un film.<\/p>\n<p>Qui, nel cuore della citt\u00e0, ai limiti dell\u2019antico Borgo Teresiano, vive Simone Segre (<strong>Alessandro Gassmann<\/strong>), un affermato chirurgo di origine ebraica: ha una vita tranquilla, apparentemente risolta, una compagna che lavora in Francia come reporter, un appartamento elegante e nessun legame con il passato. I duri contrasti con il padre, un reduce dei campi di concentramento morto da poco, lo hanno portato, da anni, ad allontanarsi da lui.<\/p>\n<p>Tornando dall\u02bcallenamento settimanale di canottaggio, Simone si trova a soccorrere un uomo vittima di un incidente stradale: ma quando scoprir\u00e0 sul petto di questo un tatuaggio nazista, lo abbandoner\u00e0 al suo destino e nel momento in cui arrivano i soccorsi \u00e8 ormai troppo tardi.<\/p>\n<p>I giorni seguenti, per\u00f2, saranno sotto il segno del senso di colpa per la morte dell\u2019uomo: situazione che lo spinger\u00e0 a rintracciare la famiglia del neonazista che vive in un complesso residenziale popolare, il cosiddetto \u201cquadrilatero di Melara\u201d: Marica, la figlia maggiore (<strong>Sara Serraiocco); <\/strong>Marcello (<strong>Luka Zunic),<\/strong> al suo primo ruolo da co-protagonista<strong>, <\/strong>il figlio adolescente contagiato anche lui dal seme dell\u2019odio razziale; il \u201cpiccolo\u201d Paolo (<strong>Lorenzo Buonora<\/strong>).<\/p>\n<p>E verr\u00e0 la\u00a0notte in cui Marica busser\u00e0 alla porta di Simone, presentandogli inconsapevolmente il conto da pagare\u2026<\/p>\n<p>\u201cN\u00e9 buoni n\u00e9 cattivi, ma semplicemente esseri umani\u201d: cos\u00ec immagina i personaggi il regista <strong>Mauro Mancini<\/strong>. In definitiva, \u201cpersonaggi ordinari in situazioni straordinarie\u201d.<\/p>\n<p>\u201c<em>Non odiare \u2013 <\/em>prosegue Mancini<em> \u2013 <\/em>racconta quello che siamo sotto la pelle. La pelle bianca, \u2018ariana\u2019, che vorrebbero avere Marcello e i suoi amici neonazi e quella bianca, \u2018non ariana\u2019, di Simone. La pelle tatuata del padre di Marcello e quella marchiata del padre di Simone. La pelle \u2018scura\u2019 dei migranti pestati a sangue nei bangla-tour e quella diafana, limpida di Marica. \u00c8 la pelle \u2018sporca\u2019 dei \u201crom\u201d ai semafori. <em>Non odiare<\/em> \u00e8 la pelle delle nostre citt\u00e0. \u00c8 il pretesto per riconoscere l&#39;altro come diverso. Pretesto per odiare l&#39;altro come diverso. <em>Non odiare<\/em> \u00e8 la nostra pelle\u201d.<\/p>\n<p><a href=\"http:\/\/imagazinevideotruck.it\/outlet\/relink.html\" target=\"_top\" rel=\"noopener\"><img loading=\"lazy\" decoding=\"async\" align=\"LEFT\" height=\"250\" src=\"http:\/\/imagazinevideotruck.it\/outlet\/outlet30.gif\" width=\"300\" alt=\"\" title=\"\"><\/a><\/p>\n<p>\u00a0<\/p>\n<p>\u00a0<\/p>\n<p>\u00a0<\/p>\n<p>\u00a0<\/p>\n<p>\u00a0<\/p>\n<p>\u00a0<\/p>\n<p>\u00a0<\/p>\n<p>\u00a0<\/p>\n<p>\u00a0<\/p>\n<p>Una genesi, quella del soggetto e della sceneggiatura del film, nata per\u00f2 in Germania: \u201cHo preso spunto \u2013 conferma il regista \u2013 da un fatto di cronaca avvenuto a Paderborn. Un medico ebreo si \u00e8 rifiutato di operare un paziente a causa del vistoso tatuaggio nazista che aveva sul braccio. Il medico, dopo essersi fatto sostituire da un collega, ha dichiarato: \u2018non posso conciliare l\u02bcintervento chirurgico con la mia coscienza\u2019. La stessa coscienza che abbiamo immaginato impedisca al nostro protagonista di soccorrere lo sconosciuto dell\u02bcincidente\u201d.<\/p>\n<p><strong>Il regista Mauro Mancini<\/strong>, qui al debutto nel lungometraggio cinematografico, ha esordito nel 2005 con il cortometraggio <em>Il nostro segreto <\/em>vincendo vari premi. A seguire: tanti altri corti, di cui 14 per la fondazione Telethon, mini film, video musicali per Simone Cristicchi, nel 2009 scrive e dirige due segmenti del film collettivo <em>Feisbum!, <\/em>nel 2017 scrive e dirige la mini serie tv\u00a0<em>4NNA quella che (non) sei <\/em>e la mini serie tv<em>\u00a0Teddy.<\/em> Tra gli spot che ha girato: <em>Feel The View<\/em> (su un innovativo dispositivo che, applicato al finestrino di un\u2019auto, \u00e8 capace di decodificare il panorama visto dal finestrino dell\u2019auto, permettendo a chi \u00e8 disabile visivo di vederlo con la punta delle dita) che ha vinto quasi tutti i premi pi\u00f9 importanti di pubblicit\u00e0 tra cui un argento ai Clio Awards e un oro agli ADCI e <em>Safe, <\/em>lo spot per il campionato mondiale di baseball (2009).<\/p>\n","protected":false},"excerpt":{"rendered":"<p>Proseguono le riprese di &#8220;Non odiare&#8221;<\/p>\n","protected":false},"author":28,"featured_media":30036,"comment_status":"closed","ping_status":"closed","sticky":false,"template":"","format":"standard","meta":{"dwc-title":[],"dwc-content":[],"footnotes":""},"categories":[37],"tags":[],"class_list":["post-30035","post","type-post","status-publish","format-standard","has-post-thumbnail","hentry","category-cultura-e-spettacolo"],"rttpg_featured_image_url":{"full":["https:\/\/imagazine.it\/wp-content\/uploads\/2024\/01\/30940-1.webp",750,495,false],"landscape":["https:\/\/imagazine.it\/wp-content\/uploads\/2024\/01\/30940-1.webp",750,495,false],"portraits":["https:\/\/imagazine.it\/wp-content\/uploads\/2024\/01\/30940-1.webp",750,495,false],"thumbnail":["https:\/\/imagazine.it\/wp-content\/uploads\/2024\/01\/30940-1-150x150.webp",150,150,true],"medium":["https:\/\/imagazine.it\/wp-content\/uploads\/2024\/01\/30940-1-300x198.webp",300,198,true],"large":["https:\/\/imagazine.it\/wp-content\/uploads\/2024\/01\/30940-1.webp",640,422,false],"thumblist":["https:\/\/imagazine.it\/wp-content\/uploads\/2024\/01\/30940-1.webp",300,198,false],"thumbrelated":["https:\/\/imagazine.it\/wp-content\/uploads\/2024\/01\/30940-1.webp",500,330,false],"meccarouselthumb":["https:\/\/imagazine.it\/wp-content\/uploads\/2024\/01\/30940-1.webp",474,313,false],"gridsquare":["https:\/\/imagazine.it\/wp-content\/uploads\/2024\/01\/30940-1.webp",391,258,false],"tileview":["https:\/\/imagazine.it\/wp-content\/uploads\/2024\/01\/30940-1.webp",300,198,false],"1536x1536":["https:\/\/imagazine.it\/wp-content\/uploads\/2024\/01\/30940-1.webp",750,495,false],"2048x2048":["https:\/\/imagazine.it\/wp-content\/uploads\/2024\/01\/30940-1.webp",750,495,false],"newsup-slider-full":["https:\/\/imagazine.it\/wp-content\/uploads\/2024\/01\/30940-1.webp",750,495,false],"newsup-featured":["https:\/\/imagazine.it\/wp-content\/uploads\/2024\/01\/30940-1.webp",750,495,false],"newsup-medium":["https:\/\/imagazine.it\/wp-content\/uploads\/2024\/01\/30940-1-720x380.webp",720,380,true],"tptn_thumbnail":["https:\/\/imagazine.it\/wp-content\/uploads\/2024\/01\/30940-1.webp",250,165,false],"sow-carousel-default":["https:\/\/imagazine.it\/wp-content\/uploads\/2024\/01\/30940-1-272x182.webp",272,182,true]},"rttpg_author":{"display_name":"redazione","author_link":"https:\/\/imagazine.it\/home_desk\/author\/redazione\/"},"rttpg_comment":0,"rttpg_category":"<a href=\"https:\/\/imagazine.it\/home_desk\/category\/cultura-e-spettacolo\/\" rel=\"category tag\">CULTURA&amp;SPETTACOLO<\/a>","rttpg_excerpt":"Proseguono le riprese di \"Non odiare\"","_links":{"self":[{"href":"https:\/\/imagazine.it\/home_desk\/wp-json\/wp\/v2\/posts\/30035","targetHints":{"allow":["GET"]}}],"collection":[{"href":"https:\/\/imagazine.it\/home_desk\/wp-json\/wp\/v2\/posts"}],"about":[{"href":"https:\/\/imagazine.it\/home_desk\/wp-json\/wp\/v2\/types\/post"}],"author":[{"embeddable":true,"href":"https:\/\/imagazine.it\/home_desk\/wp-json\/wp\/v2\/users\/28"}],"replies":[{"embeddable":true,"href":"https:\/\/imagazine.it\/home_desk\/wp-json\/wp\/v2\/comments?post=30035"}],"version-history":[{"count":0,"href":"https:\/\/imagazine.it\/home_desk\/wp-json\/wp\/v2\/posts\/30035\/revisions"}],"wp:featuredmedia":[{"embeddable":true,"href":"https:\/\/imagazine.it\/home_desk\/wp-json\/wp\/v2\/media\/30036"}],"wp:attachment":[{"href":"https:\/\/imagazine.it\/home_desk\/wp-json\/wp\/v2\/media?parent=30035"}],"wp:term":[{"taxonomy":"category","embeddable":true,"href":"https:\/\/imagazine.it\/home_desk\/wp-json\/wp\/v2\/categories?post=30035"},{"taxonomy":"post_tag","embeddable":true,"href":"https:\/\/imagazine.it\/home_desk\/wp-json\/wp\/v2\/tags?post=30035"}],"curies":[{"name":"wp","href":"https:\/\/api.w.org\/{rel}","templated":true}]}}