{"id":30029,"date":"2019-09-10T00:00:00","date_gmt":"2019-09-09T23:00:00","guid":{"rendered":"https:\/\/imagazine.it\/?p=30029"},"modified":"2019-09-10T00:00:00","modified_gmt":"2019-09-09T23:00:00","slug":"a-turriaco-una-giornata-dedicata-a-giorgio-gaber","status":"publish","type":"post","link":"https:\/\/imagazine.it\/home_desk\/a-turriaco-una-giornata-dedicata-a-giorgio-gaber\/","title":{"rendered":"A Turriaco una giornata dedicata a Giorgio Gaber"},"content":{"rendered":"<p>Dopo le due piste ciclabili gi\u00e0 realizzate a Turriaco, una intitolata a <strong>Fabrizio De Andr\u00e8<\/strong> e l&#39;altra a <strong>Luigi Tenco<\/strong>, <strong>sabato 14 settembre<\/strong> sar\u00e0 inaugurato un altro tratto ciclopedonale, questa volta a dare il nome alla nuova pista ciclabile sar\u00e0 \u00a0il cantautore milanese <strong>Giorgio Gaber<\/strong>.<\/p>\n<p>L\u2019intervento \u00e8 stato realizzato lungo via Diaz, dall&#39;incrocio con via Pordenone fino all&#39;intersezione con l&#39;ex strada provinciale n. 2.<\/p>\n<p>La nuova pista ciclabile rientra nel sistema di percorsi di mobilit\u00e0 lenta e si collega da un lato con quella esistente su via Pordenone (verso Pieris, verso la scuola dell&#39;infanzia e verso il centro abitato cittadino) e dall\u2019altro lato, attraversata l&#39;ex provinciale, con i percorsi lungo il Parco dell&#39;Isonzo, per un costo complessivo di 96.000 euro.<\/p>\n<p><a href=\"http:\/\/imagazinevideotruck.it\/outlet\/relink.html\" target=\"_top\" rel=\"noopener\"><img loading=\"lazy\" decoding=\"async\" align=\"LEFT\" height=\"250\" src=\"http:\/\/imagazinevideotruck.it\/outlet\/outlet30.gif\" width=\"300\" alt=\"\" title=\"\"><\/a><\/p>\n<p>\u00a0<\/p>\n<p>\u00a0<\/p>\n<p>\u00a0<\/p>\n<p>\u00a0<\/p>\n<p>\u00a0<\/p>\n<p>\u00a0<\/p>\n<p>\u00a0<\/p>\n<p>\u00a0<\/p>\n<p>\u00a0<\/p>\n<p>A tagliare il nastro saranno le autorit\u00e0 locali, in via Diaz alle ore 18, per trasferirsi successivamente in piazza Libert\u00e0 dove, a partire dalle ore 20, avr\u00e0 luogo il clou dei festeggiamenti organizzati dall&#39;amministrazione comunale di Turriaco in collaborazione con la <strong>Fondazione Giorgio Gaber e la FIAB Bisiachiinbici<\/strong>. Ad aprire la serata sar\u00e0 il coro <strong>DIMAN del gruppo Costumi Tradizionali Bisiachi<\/strong>, diretto dalla maestra <strong>Caterina Biasiol<\/strong>. Lo spettacolo continuer\u00e0 con la rappresentazione del personaggio con il quale divenne famoso Giorgio Gaber<a name=\"_GoBack\"><\/a>, <strong>&#8220;Il signor G&#8221;<\/strong>, proposto da <strong>Giulio Casale e Paolo Dal Bon<\/strong>.<\/p>\n","protected":false},"excerpt":{"rendered":"<p>Sabato 14 settembre<\/p>\n","protected":false},"author":22,"featured_media":30030,"comment_status":"closed","ping_status":"closed","sticky":false,"template":"","format":"standard","meta":{"dwc-title":[],"dwc-content":[],"footnotes":""},"categories":[5],"tags":[],"class_list":["post-30029","post","type-post","status-publish","format-standard","has-post-thumbnail","hentry","category-attualita"],"rttpg_featured_image_url":{"full":["https:\/\/imagazine.it\/wp-content\/uploads\/2024\/01\/30931-1.webp",750,477,false],"landscape":["https:\/\/imagazine.it\/wp-content\/uploads\/2024\/01\/30931-1.webp",750,477,false],"portraits":["https:\/\/imagazine.it\/wp-content\/uploads\/2024\/01\/30931-1.webp",750,477,false],"thumbnail":["https:\/\/imagazine.it\/wp-content\/uploads\/2024\/01\/30931-1-150x150.webp",150,150,true],"medium":["https:\/\/imagazine.it\/wp-content\/uploads\/2024\/01\/30931-1-300x191.webp",300,191,true],"large":["https:\/\/imagazine.it\/wp-content\/uploads\/2024\/01\/30931-1.webp",640,407,false],"thumblist":["https:\/\/imagazine.it\/wp-content\/uploads\/2024\/01\/30931-1.webp",300,191,false],"thumbrelated":["https:\/\/imagazine.it\/wp-content\/uploads\/2024\/01\/30931-1.webp",500,318,false],"meccarouselthumb":["https:\/\/imagazine.it\/wp-content\/uploads\/2024\/01\/30931-1.webp",474,301,false],"gridsquare":["https:\/\/imagazine.it\/wp-content\/uploads\/2024\/01\/30931-1.webp",391,249,false],"tileview":["https:\/\/imagazine.it\/wp-content\/uploads\/2024\/01\/30931-1.webp",300,191,false],"1536x1536":["https:\/\/imagazine.it\/wp-content\/uploads\/2024\/01\/30931-1.webp",750,477,false],"2048x2048":["https:\/\/imagazine.it\/wp-content\/uploads\/2024\/01\/30931-1.webp",750,477,false],"newsup-slider-full":["https:\/\/imagazine.it\/wp-content\/uploads\/2024\/01\/30931-1.webp",750,477,false],"newsup-featured":["https:\/\/imagazine.it\/wp-content\/uploads\/2024\/01\/30931-1.webp",750,477,false],"newsup-medium":["https:\/\/imagazine.it\/wp-content\/uploads\/2024\/01\/30931-1-720x380.webp",720,380,true],"tptn_thumbnail":["https:\/\/imagazine.it\/wp-content\/uploads\/2024\/01\/30931-1.webp",250,159,false],"sow-carousel-default":["https:\/\/imagazine.it\/wp-content\/uploads\/2024\/01\/30931-1-272x182.webp",272,182,true]},"rttpg_author":{"display_name":"Livio Nonis","author_link":"https:\/\/imagazine.it\/home_desk\/author\/nonis\/"},"rttpg_comment":0,"rttpg_category":"<a href=\"https:\/\/imagazine.it\/home_desk\/category\/attualita\/\" rel=\"category tag\">ATTUALIT\u00c0<\/a>","rttpg_excerpt":"Sabato 14 settembre","_links":{"self":[{"href":"https:\/\/imagazine.it\/home_desk\/wp-json\/wp\/v2\/posts\/30029","targetHints":{"allow":["GET"]}}],"collection":[{"href":"https:\/\/imagazine.it\/home_desk\/wp-json\/wp\/v2\/posts"}],"about":[{"href":"https:\/\/imagazine.it\/home_desk\/wp-json\/wp\/v2\/types\/post"}],"author":[{"embeddable":true,"href":"https:\/\/imagazine.it\/home_desk\/wp-json\/wp\/v2\/users\/22"}],"replies":[{"embeddable":true,"href":"https:\/\/imagazine.it\/home_desk\/wp-json\/wp\/v2\/comments?post=30029"}],"version-history":[{"count":0,"href":"https:\/\/imagazine.it\/home_desk\/wp-json\/wp\/v2\/posts\/30029\/revisions"}],"wp:featuredmedia":[{"embeddable":true,"href":"https:\/\/imagazine.it\/home_desk\/wp-json\/wp\/v2\/media\/30030"}],"wp:attachment":[{"href":"https:\/\/imagazine.it\/home_desk\/wp-json\/wp\/v2\/media?parent=30029"}],"wp:term":[{"taxonomy":"category","embeddable":true,"href":"https:\/\/imagazine.it\/home_desk\/wp-json\/wp\/v2\/categories?post=30029"},{"taxonomy":"post_tag","embeddable":true,"href":"https:\/\/imagazine.it\/home_desk\/wp-json\/wp\/v2\/tags?post=30029"}],"curies":[{"name":"wp","href":"https:\/\/api.w.org\/{rel}","templated":true}]}}