{"id":30025,"date":"2019-09-10T00:00:00","date_gmt":"2019-09-09T23:00:00","guid":{"rendered":"https:\/\/imagazine.it\/?p=30025"},"modified":"2019-09-10T00:00:00","modified_gmt":"2019-09-09T23:00:00","slug":"cervignano-il-pasolini-punta-sulla-forma-delle-emozioni","status":"publish","type":"post","link":"https:\/\/imagazine.it\/home_desk\/cervignano-il-pasolini-punta-sulla-forma-delle-emozioni\/","title":{"rendered":"Cervignano, il Pasolini punta sulla forma delle emozioni"},"content":{"rendered":"<p><strong>\u201cLa forma delle emozioni<\/strong>\u201d: questo il titolo della nuova stagione del Teatro Pasolini di Cervignano del Friuli, presentata oggi in municipio alla presenza del sindaco <strong>Gianluigi Savino<\/strong> e dell\u2019assessore comunale alla cultura <strong>Alessia Zambon<\/strong>.<\/p>\n<p>A illustrare gli spettacoli sono stati i soci curatori artistici dell\u2019Associazione \u00a0culturale Teatro Pasolini: <strong>Giancarlo Velliscig<\/strong> (presidente dell\u2019Associazione e direttore artistico di Euritmica), <strong>Alberto Bevilacqua<\/strong> e <strong>Luisa Schiratti<\/strong> (co-direttori artistici CSS Teatro stabile di innovazione del FVG), e <strong>Giorgio Nogherotto<\/strong> (Cooperativa Bonawentura),<\/p>\n<p><strong>La stagione inizier\u00e0<\/strong> il <strong>6 novembre, <\/strong>per proseguire<strong> fino al 4 aprile<\/strong>, con <strong>9 serate <\/strong>in abbonamento del percorso di <strong>prosa e danza<\/strong>, <strong>8 serate<\/strong> <strong>di concerti<\/strong> dal vivo in abbonamento della stagione di <strong>musica<\/strong>, <strong>1 serata fuori abbonamento<\/strong> per la <strong>Giornata internazionale contro la violenza sulle donne <\/strong>del 25 novembre. Le<strong> 18 serate <\/strong>del programma si completano con le serate di <strong>programmazione settimanale di cinema<\/strong> in prima visione e d\u2019autore, con le novit\u00e0 e le rassegne speciali per gli adulti e anche per il pubblico delle famiglie e dei bambini, e con le proposte di spettacoli in matin\u00e9e \u00a0di <strong>Contatto TIG Teatro per le nuove generazioni<\/strong>.\u00a0<\/p>\n<p>La nuova stagione si arricchisce quest\u2019anno anche di<strong> un\u2019anteprima per la seconda edizione del Festival del coraggio 2019, <\/strong>con <strong>3 eventi <\/strong>che si realizzano<strong> con il sostegno dell\u2019Associazione culturale Teatro Pasolini: <\/strong>il <strong>12 ottobre<\/strong>, la Cooperativa Bonawentura cura la proiezione<strong> <em>Sulle sue spalle<\/em> <\/strong>(ore 9), mentre alle ore 21, il CSS Teatro stabile di innovazione del FVG \u00e8 il co-organizzatore dello spettacolo teatrale con protagonista<strong> Marco Baliani, <em>Del coraggio silenzioso<\/em>. <\/strong>Il <strong>13 ottobre <\/strong>il festival si conclude con<strong> <em>La musica ribelle<\/em>, <\/strong>racconto in musica con Eugenio Finardi co-organizzato con Associazione culturale Euritmica. Tutti gli eventi del Festival sono a ingresso libero.<\/p>\n<p><strong>La campagna abbonamenti pe vecchi e nuovi abbonati e il punto informazioni e biglietteria<\/strong> <strong>del Teatro Pasolini,<\/strong> in piazza Indipendenza a Cervignano, riaprono il <strong>17 settembre<\/strong>, con il seguente orario: marted\u00ec, mercoled\u00ec e venerd\u00ec ore 16-18, gioved\u00ec e sabato ore 10-12. Info al sito: <u><a href=\"http:\/\/www.teatropasolini.it\/\" target=\"_blank\" rel=\"noopener\">www.teatropasolini.it<\/a><\/u>.<\/p>\n<p>La stagione di prosa si inaugura il <strong>17 novembre<\/strong> con la commedia scritta da Luigi Pirandello, <strong><em>Pensaci, Giacomino!<\/em><\/strong> con l\u2019interpretazione di <strong>Leo Gullotta<\/strong> nel ruolo del protagonista e la regia di <strong>Fabio Grossi. <\/strong><\/p>\n<p>L\u2019eterno divario fra cultura umanistica e scientifica si intrecciano in <strong><em>L\u2019infinito tra parentesi<\/em><\/strong> (in scena il<strong> 27 novembre<\/strong>), pi\u00e9ce adattata dall\u2019omonimo romanzo di <strong>Marco Malvaldi, <\/strong>popolare giallista e chimico. Il tema del rapporto tra due mondi, fra due tipi di conoscenze apparentemente lontane, ma che si intrecciano continuamente nelle nostre vite \u00e8 il filo rosso di questo spettacolo diretto da <strong>Piero Maccarinelli<\/strong> e che coinvolge in scena <strong>Maddalena Crippa<\/strong> e <strong>Giovanni Crippa. <\/strong><\/p>\n<p>La <strong>MM Contemporary Dance Company, <\/strong>fondata dal coreografo Michele Merola<strong>, <\/strong>porta in scena il <strong>7 dicembre<\/strong>, per una doppia serata all\u2019insegna della danza, due titoli del repertorio musicale del Novecento: <strong><em>La sagra delle primavera<\/em><\/strong> di Igor&#39; Stravinskij nella recente versione coreografica di <strong>Enrico Morelli<\/strong> e il <strong><em>Bolero<\/em><\/strong> di Maurice Ravel nell\u2019interpretazione di <strong>Michele Merola.\u00a0<\/strong>Lo spettacolo \u00e8 realizzato a Cervignano in collaborazione fra Associazione culturale Teatro Pasolini e <strong>ERT Ente Regionale Teatrale &#8211; Circuito Danza FVG e Artisti Associati.<\/strong><\/p>\n<p><a href=\"http:\/\/imagazinevideotruck.it\/outlet\/relink.html\" target=\"_top\" rel=\"noopener\"><img loading=\"lazy\" decoding=\"async\" align=\"LEFT\" height=\"250\" src=\"http:\/\/imagazinevideotruck.it\/outlet\/outlet30.gif\" width=\"300\" alt=\"\" title=\"\"><\/a><\/p>\n<p>\u00a0<\/p>\n<p>\u00a0<\/p>\n<p>\u00a0<\/p>\n<p>\u00a0<\/p>\n<p>\u00a0<\/p>\n<p>\u00a0<\/p>\n<p>\u00a0<\/p>\n<p>\u00a0<\/p>\n<p>\u00a0<\/p>\n<p><a name=\"_Hlk18593848\"><strong>Elena Bucci <\/strong><\/a>e<strong> Marco Sgrosso<\/strong> inaugurano il 2020: il <strong>15 gennaio<\/strong> con <strong><em>La pazzia di Isabella. Vita e morte dei Comici Gelosi<\/em><\/strong><em>. <\/em><br \/> \u201cLa Parrucca\u201d e il \u201cPaese di Mare\u201d sono due atti unici di Natalia Ginzburg che sembrano uno la prosecuzione dell\u2019altro. E cos\u00ec vengono trattati in una novit\u00e0 teatrale di questa stagione intitolata <strong><em>La Parrucca<\/em><\/strong>, con protagonisti Maria <strong>Amelia Monti e Roberto Turchetta<\/strong>, diretti da <strong>Antonio Zavatteri\u00a0<\/strong>(in scena il <strong>31 gennaio<\/strong>).<\/p>\n<p><strong>Geppy Gleijeses<\/strong> dirige <em><strong>Arsenico e vecchi merletti<\/strong><\/em>\u00a0di Joseph Kesserling con protagoniste due delle pi\u00f9 grandi attrici del teatro italiano, <strong>Anna Maria Guarnieri e Giulia Lazzarini<\/strong>, in una commedia degli equivoci, in scena il <strong>25 febbraio<\/strong>.\u00a0<\/p>\n<p><strong><em>Si nota all\u2019imbrunire. Solitudine da paese spopolato<\/em><\/strong> \u00e8 il testo della drammaturga, regista e attrice <strong>Lucia Calamaro<\/strong>, vincitrice di tre premi UBU, che vede protagonista (in scena l\u2019<strong>8 marzo) Silvio Orlando. <\/strong><\/p>\n<p>Torna al Pasolini il <strong>24 marzo<\/strong> la comicit\u00e0 della Compagnia del <strong>Teatro Incerto<\/strong> con il nuovo spettacolo <strong><em>Fieste<\/em><\/strong>, con <strong>Fabiano Fantini, Claudio Moretti ed Elvio Scruzzi. <\/strong><\/p>\n<p>Chiude la Stagione di prosa, il <strong>15 aprile<\/strong>, lo spettacolo <strong><em>Gli sposi \u2013 romanian tragedy<\/em>, <\/strong>tratto dal testo del drammaturgo francese<strong> David Lescot.\u00a0 Gli sposi <\/strong>\u00e8 la storia di un\u2019ordinaria coppia di potere <strong>Nicolae Ceausescu ed Elena Petrescu <\/strong>interpretati oggi da<strong> Elvira Frosini e Daniele Timpano<\/strong>.<\/p>\n<p>L\u2019Associazione culturale Teatro Pasolini si fa promotrice anche di <strong>un evento fuori abbonamento e a ingresso libero<\/strong>: il <strong>25 novembre<\/strong>, nella <strong>Giornata internazionale contro la violenza sulle donne<\/strong>, al Teatro Pasolini, in collaborazione con Teatro dei Luoghi 2019, andr\u00e0 in scena <strong><em>Se non avessi pi\u00f9 te<\/em>, <\/strong>uno spettacolo interpretato da <strong>Nicoletta Oscuro e Manuel Buttus, <\/strong>con l\u2019accompagnamento dal vivo di<strong> Matteo Sgobino.<\/strong><\/p>\n<p>Il programma della <strong>stagione musicale del Pasolini <\/strong>ripercorre l&#39;impostazione e l&#39;indirizzo di quanto \u00e8 stato proposto nelle passate edizioni, rivolgendo una particolare attenzione alla musica moderna tra Novecento e contemporaneit\u00e0.\u00a0 Apertura il <strong>6 novembre<\/strong> il <strong>nuovo lavoro di Riccardo Sinigallia<\/strong>. Quindi sar\u00e0 <strong>Paolo Jannacci<\/strong>, figlio d\u2019arte, a presentare con il suo trio a Cervignano, il <strong>9 gennaio 2020<\/strong>, il <strong>nuovo progetto discografico<\/strong>.<\/p>\n<p>Ritorna <strong>Mauro Pagani<\/strong> con il capolavoro \u201c<strong>Cr\u00eauza de m\u00e4<\/strong>\u201d, che far\u00e0 riascoltare, il <strong>13 febbraio<\/strong>, con tutti i sapori e le atmosfere mediterranee che ne hanno fatto la grandezza.<\/p>\n<p>Tra le<strong> eccellenze musicali <\/strong>anche il <strong>Coro di Ruda<\/strong> che presenta al Pasolini, il <strong>20 novembre<\/strong>, il <strong>nuovo repertorio legato a colonne sonore di grandi film<\/strong>.<\/p>\n<p><strong>Riflettori poi sulla cultura e sulla musica friulana<\/strong> attraverso la performance vocale e strumentale dal titolo \u201c<strong>Las feminas In\/cjant<\/strong>\u201d del trio <strong>Grimaz-Vescovo-Virgili<\/strong> che, nel contesto della festa dedicata alle donne, il <strong>5 marzo 2020<\/strong>, proporr\u00e0 una serie di perle musicali attingendo al repertorio popolare friulano e all\u2019eredit\u00e0 poetica di <strong>Giorgio Ferigo<\/strong>.<\/p>\n<p>E ancora, i <strong>Green Waves<\/strong> e la <strong>musica etnica irlandese <\/strong>il <strong>16 dicembre<\/strong>.\u00a0E poi il <strong>jazz <\/strong>con il trio del <strong>pianista brasiliano Amaro Freitas<\/strong>, vera <strong>rivelazione dell&#39;anno nel jazz internazionale<\/strong>.<\/p>\n<p>Infine, il <strong>12 dicembre<\/strong>, a <strong>50 anni dalla strage di Piazza Fontana<\/strong>, un ricordo in musica, parole e immagini di quel tragico evento. La serata (fuori abbonamento e a ingresso libero), prevede la <strong>proiezione di due film<\/strong>: \u201c<strong>Romanzo di una strage<\/strong>\u201d di <strong>M.T. Giordana<\/strong> e \u201c<strong>12 dicembre<\/strong>\u201d di <strong>P.P. Pasolini<\/strong>, un dibattito introduttivo e, in chiusura,\u00a0 un concerto dal titolo<strong> \u201c12 dicembre nero \u2013 memoria di una strage<\/strong>\u201d, una &#8220;suite in sette parti&#8221; che il pianista <strong>Claudio Cojaniz<\/strong>, accompagnato dai\u00a0 <strong>Second Time<\/strong>, ha voluto dedicare alle vittime di quella strage.<\/p>\n<p>Anche nella stagione 2019\/2020 il Teatro Pasolini conferma la programmazione cinematografica, prevalentemente nei fine settimana. Le proposte saranno in linea con la tradizionale attenzione alle <strong>opere dei grandi autori<\/strong>, sia per il <strong>pubblico delle famiglie<\/strong>, anche con i <strong>migliori film di animazione<\/strong>, sia per gli spettatori pi\u00f9 attenti alla <strong>qualit\u00e0,<\/strong> con una selezione tra i recenti titoli del cinema d\u2019autore. Ci\u00f2 avverr\u00e0 anche grazie alla rinnovata collaborazione con il progetto <strong>Circuito-Cinema,<\/strong> cui il Teatro Pasolini aderisce da vari anni assieme ad altre sale del FVG.<\/p>\n<p>Alcuni dei titoli che non mancheranno nella scaletta: l\u2019ultimo film di <strong>Roman Polanski<\/strong> <strong><em>J\u2019accuse<\/em><\/strong> (l\u2019ufficiale e la spia), il film di <strong>Pietro Marcello<\/strong>, <strong><em>Martin Eden<\/em><\/strong>\u00a0 dall\u2019omonimo romanzo di Jack London, il film franco-giapponese <strong><em>La verit\u00e8<\/em><\/strong> \u00a0con Catherine Denevue, <strong><em>Vivere<\/em><\/strong> di <strong>Francesca Archibugi<\/strong>, <strong><em>Adults in the room<\/em><\/strong> di <strong>Costa-Gavras<\/strong>, <strong><em>Tutto il mio folle amore<\/em><\/strong> di <strong>Gabriele Salvatores<\/strong>, <strong><em>The new Pope<\/em><\/strong> di <strong>Paolo Sorrentino, <em>Il pianeta in mare<\/em><\/strong> di <strong>Andrea Segre<\/strong> e <strong><em>C\u2019era una volta a Hollywood<\/em><\/strong> di <strong>Quentin Tarantino<\/strong>.<\/p>\n<p>Per le scuole e in orario pomeridiano, verranno proposti alcuni prestigiosi <strong>documentari d\u2019arte<\/strong>, e nell\u2019arco della stagione ci saranno alcune proiezioni di <strong>opere liriche<\/strong> a poca distanza di tempo dal debutto nei principali teatri internazionali.<\/p>\n","protected":false},"excerpt":{"rendered":"<p>Presentata la nuova stagione teatrale<\/p>\n","protected":false},"author":22,"featured_media":30026,"comment_status":"closed","ping_status":"closed","sticky":false,"template":"","format":"standard","meta":{"dwc-title":[],"dwc-content":[],"footnotes":""},"categories":[37],"tags":[],"class_list":["post-30025","post","type-post","status-publish","format-standard","has-post-thumbnail","hentry","category-cultura-e-spettacolo"],"rttpg_featured_image_url":{"full":["https:\/\/imagazine.it\/wp-content\/uploads\/2024\/01\/30922-1.webp",750,487,false],"landscape":["https:\/\/imagazine.it\/wp-content\/uploads\/2024\/01\/30922-1.webp",750,487,false],"portraits":["https:\/\/imagazine.it\/wp-content\/uploads\/2024\/01\/30922-1.webp",750,487,false],"thumbnail":["https:\/\/imagazine.it\/wp-content\/uploads\/2024\/01\/30922-1-150x150.webp",150,150,true],"medium":["https:\/\/imagazine.it\/wp-content\/uploads\/2024\/01\/30922-1-300x195.webp",300,195,true],"large":["https:\/\/imagazine.it\/wp-content\/uploads\/2024\/01\/30922-1.webp",640,416,false],"thumblist":["https:\/\/imagazine.it\/wp-content\/uploads\/2024\/01\/30922-1.webp",300,195,false],"thumbrelated":["https:\/\/imagazine.it\/wp-content\/uploads\/2024\/01\/30922-1.webp",500,325,false],"meccarouselthumb":["https:\/\/imagazine.it\/wp-content\/uploads\/2024\/01\/30922-1.webp",474,308,false],"gridsquare":["https:\/\/imagazine.it\/wp-content\/uploads\/2024\/01\/30922-1.webp",391,254,false],"tileview":["https:\/\/imagazine.it\/wp-content\/uploads\/2024\/01\/30922-1.webp",300,195,false],"1536x1536":["https:\/\/imagazine.it\/wp-content\/uploads\/2024\/01\/30922-1.webp",750,487,false],"2048x2048":["https:\/\/imagazine.it\/wp-content\/uploads\/2024\/01\/30922-1.webp",750,487,false],"newsup-slider-full":["https:\/\/imagazine.it\/wp-content\/uploads\/2024\/01\/30922-1.webp",750,487,false],"newsup-featured":["https:\/\/imagazine.it\/wp-content\/uploads\/2024\/01\/30922-1.webp",750,487,false],"newsup-medium":["https:\/\/imagazine.it\/wp-content\/uploads\/2024\/01\/30922-1-720x380.webp",720,380,true],"tptn_thumbnail":["https:\/\/imagazine.it\/wp-content\/uploads\/2024\/01\/30922-1.webp",250,162,false],"sow-carousel-default":["https:\/\/imagazine.it\/wp-content\/uploads\/2024\/01\/30922-1-272x182.webp",272,182,true]},"rttpg_author":{"display_name":"Livio Nonis","author_link":"https:\/\/imagazine.it\/home_desk\/author\/nonis\/"},"rttpg_comment":0,"rttpg_category":"<a href=\"https:\/\/imagazine.it\/home_desk\/category\/cultura-e-spettacolo\/\" rel=\"category tag\">CULTURA&amp;SPETTACOLO<\/a>","rttpg_excerpt":"Presentata la nuova stagione teatrale","_links":{"self":[{"href":"https:\/\/imagazine.it\/home_desk\/wp-json\/wp\/v2\/posts\/30025","targetHints":{"allow":["GET"]}}],"collection":[{"href":"https:\/\/imagazine.it\/home_desk\/wp-json\/wp\/v2\/posts"}],"about":[{"href":"https:\/\/imagazine.it\/home_desk\/wp-json\/wp\/v2\/types\/post"}],"author":[{"embeddable":true,"href":"https:\/\/imagazine.it\/home_desk\/wp-json\/wp\/v2\/users\/22"}],"replies":[{"embeddable":true,"href":"https:\/\/imagazine.it\/home_desk\/wp-json\/wp\/v2\/comments?post=30025"}],"version-history":[{"count":0,"href":"https:\/\/imagazine.it\/home_desk\/wp-json\/wp\/v2\/posts\/30025\/revisions"}],"wp:featuredmedia":[{"embeddable":true,"href":"https:\/\/imagazine.it\/home_desk\/wp-json\/wp\/v2\/media\/30026"}],"wp:attachment":[{"href":"https:\/\/imagazine.it\/home_desk\/wp-json\/wp\/v2\/media?parent=30025"}],"wp:term":[{"taxonomy":"category","embeddable":true,"href":"https:\/\/imagazine.it\/home_desk\/wp-json\/wp\/v2\/categories?post=30025"},{"taxonomy":"post_tag","embeddable":true,"href":"https:\/\/imagazine.it\/home_desk\/wp-json\/wp\/v2\/tags?post=30025"}],"curies":[{"name":"wp","href":"https:\/\/api.w.org\/{rel}","templated":true}]}}