{"id":30017,"date":"2019-09-06T00:00:00","date_gmt":"2019-09-05T23:00:00","guid":{"rendered":"https:\/\/imagazine.it\/?p=30017"},"modified":"2019-09-06T00:00:00","modified_gmt":"2019-09-05T23:00:00","slug":"barcolana-grandi-scrittori-per-lo-spin-off-culturale","status":"publish","type":"post","link":"https:\/\/imagazine.it\/home_desk\/barcolana-grandi-scrittori-per-lo-spin-off-culturale\/","title":{"rendered":"Barcolana, grandi scrittori per lo spin-off culturale"},"content":{"rendered":"<p align=\"JUSTIFY\">Presentata al Museo d\u2019Arte Orientale di Trieste la prima edizione del Festival letterario <strong><em>\u201cBarcolana \u2013 Un mare di racconti\u201d<\/em><\/strong>, organizzato con il contributo della Fondazione CRTrieste e del Comune, allo scopo di avvicinare il pubblico ai viaggi e alla cultura del mare. Sono intervenuti l\u2019assessore comunale alla Cultura ed Eventi <strong>Giorgio Rossi<\/strong>, il presidente della Societ\u00e0 Velica Barcola Grignano organizzatrice della Barcolana, <strong>Mitja Gialuz<\/strong>, la presidente della Fondazione CRTrieste, <strong>Tiziana Benussi<\/strong> e il direttore artistico del Festival <strong>Alessandro Mezzena Lona<\/strong>.<\/p>\n<p align=\"JUSTIFY\">Jan Broken, Stefania Auci, Catherine Poulain, Stefano Mancuso, Romana Petri, Marco Missiroli, Bronja Zakelj, Pupi Avati, Giulio Cavalli, Chiara Rapaccini, Andrea Maggi, Enrico Galiano e altri ancora. Sono i nomi della letteratura italiana e internazionale che saranno al Castello di San Giusto nel corso del Festival che si svolger\u00e0 <strong>da mercoled\u00ec 2 ottobre fino a domenica 6 ottobre. <\/strong>Da un\u2019idea nata dal libro scritto in occasione del Cinquantesimo anniversario della Barcolana &#8211; <em>Un mare di racconti<\/em>.<\/p>\n<p align=\"JUSTIFY\">\u201cTrieste \u2013 ha sottolineato l\u2019assessore Giorgio Rossi \u2013 vive la Barcolana come uno degli eventi pi\u00f9 importanti nel corso dell\u2019anno e questo Festival culturale, grazie alle sinergie messe in atto tra enti e istituzioni, anche attraverso i contenitori culturali vuole contribuire ulteriormente ad accrescere lo spessore di una manifestazione velica sportiva che \u00e8 diventata un punto di riferimento di spicco a livello internazionale. E soprattutto puntare a coinvolgere i giovani, nostro futuro, in un momento molto favorevole in termini di prospettive di sviluppo economico, turistico, culturale che sta vivendo la nostra citt\u00e0\u201d.<\/p>\n<p align=\"JUSTIFY\">\u201cPer la Barcolana 50 +1 \u2013 ha dichiarato Gialuz \u2013 avevamo annunciato importanti giri di boa e novit\u00e0 pronte a innovare l\u2019evento. <em>Barcolana &#8211; Un mare di racconti<\/em> \u00e8 senza dubbio una di queste, l\u2019evento \u00e8 uno spin-off di Barcolana, che guarda al futuro in sinergia con il nuovo sviluppo letterario della citt\u00e0. Il nostro ringraziamento va alla Fondazione CRTrieste e al Comune di Trieste, che ci affiancano in questo nuovo importante viaggio. Il libro, edito nel 2018, aveva costruito un nuovo spirito attorno alla regata, messo assieme voci e punti di vista sulla vela e il viaggio: un\u2019esperienza importante e quasi magica, cui volevamo, con Alessandro Mezzena Lona che ne aveva curato il testo e oggi \u00e8 direttore del Festival, dare seguito. Ne \u00e8 nato un evento che definirei multicolore: viaggi e mari, racconti, disegni, storie e persone: il Festival parler\u00e0 di cultura del mare a tutti, nel modo in cui Barcolana si pone, con semplicit\u00e0 e voglia di coinvolgere il pubblico\u201d.<\/p>\n<p align=\"JUSTIFY\">\u201cNel costruire un Festival con tanti nomi importanti in pochi mesi \u2013 ha spiegato il direttore artistico Alessandro Mezzena Lona \u2013 \u00e8 stata fondamentale per noi un\u2019alleanza preziosissima: Trieste. Tutti gli ospiti invitati, che arriveranno dall\u2019Europa e dall\u2019Italia, hanno accettato subito l\u2019idea di partecipare al nostro progetto con grande entusiasmo. Perch\u00e9, come ha scritto in una mail lo scrittore olandese Jan Brokken, hanno capito che avrebbero parlato dei loro libri, dei film, in una citt\u00e0 che ha ospitato i pi\u00f9 grandi artisti del \u2018900\u201d.<\/p>\n<p align=\"JUSTIFY\">Tra gli ospiti, una delle scrittrici pi\u00f9 amate di quest\u2019annata letteraria: la trapanese <strong>Stefania Auci<\/strong>, con <em>I leoni di Sicilia<\/em> edito da Nord. Da mesi \u00e8 in testa alle classifiche dei libri pi\u00f9 venduti con il romanzo dedicato alla saga della famiglia dei Florio, che dovrebbe essere soltanto la prima parte di un\u2019appassionante trilogia.<\/p>\n<p align=\"JUSTIFY\">Dall\u2019Olanda arriver\u00e0 <strong>Jan Brokken<\/strong>, diventato uno scrittore di culto grazie a libri come <em>Anime baltiche<\/em>, <em>Bagliori a San Pietroburgo<\/em>, <em>Nella casa del pianista<\/em> dedicato al concertista Youri Egorov. Di recente, la casa editrice Iperborea ha pubblicato il suo <em>Jungle Rudy,<\/em> una biografia letteraria dedicata al leggendario avventuriero e pioniere che ha dedicato la sua vita alla scoperta e alla mappatura della foresta pluviale dell\u2019Orinoco.<\/p>\n<p><a href=\"http:\/\/imagazinevideotruck.it\/outlet\/relink.html\" target=\"_top\" rel=\"noopener\"><img loading=\"lazy\" decoding=\"async\" align=\"LEFT\" height=\"250\" src=\"http:\/\/imagazinevideotruck.it\/outlet\/outlet30.gif\" width=\"300\" alt=\"\" title=\"\"><\/a><\/p>\n<p align=\"JUSTIFY\">\u00a0<\/p>\n<p align=\"JUSTIFY\">\u00a0<\/p>\n<p align=\"JUSTIFY\">\u00a0<\/p>\n<p align=\"JUSTIFY\">\u00a0<\/p>\n<p align=\"JUSTIFY\">\u00a0<\/p>\n<p align=\"JUSTIFY\">\u00a0<\/p>\n<p align=\"JUSTIFY\">\u00a0<\/p>\n<p align=\"JUSTIFY\">\u00a0<\/p>\n<p align=\"JUSTIFY\">\u00a0<\/p>\n<p align=\"JUSTIFY\">A parlare del suo libro <em>Il grande marinaio,<\/em> pubblicato da Neri Pozza, dalla Francia arriver\u00e0 a Trieste <strong>Catherine Poulain<\/strong>. Una scrittrice che per dieci anni ha lavorato sulle navi da pesca dell\u2019Alaska, fino a quando il servizio d\u2019immigrazione americano l\u2019ha scoperta ed espulsa perch\u00e9 era senza permesso di lavoro. Sospeso tra racconto di viaggio, romanzo di formazione, ricerca mistica del rapporto tra uomo e Natura, il libro \u00e8 il ritratto di una donna minuta e testarda che non ha paura di andare incontro all\u2019avventura.<\/p>\n<p align=\"JUSTIFY\">E sempre a proposito di donne, <em>Barcolana &#8211; Un mare di racconti<\/em> ha voluto invitare una delle grandi voci della narrativa italiana contemporanea. <strong>Romana Petri<\/strong>, due volte vincitrice del Premio Mondello e finalista allo Strega, sar\u00e0 a Trieste per raccontare la saga della famiglia Dos Santos. Iniziata con <em>Ovunque io sia<\/em>, \u00e8 proseguita quest\u2019anno nei <em>Pranzi di famiglia,<\/em> pubblicato da Neri Pozza.<\/p>\n<p align=\"JUSTIFY\">Direttore del Laboratorio di Neurobiologia Vegetale dell\u2019Universit\u00e0 di Firenze, <strong>Stefano Mancuso<\/strong> sar\u00e0 ospite del Festival per una lectio magistralis che ruoter\u00e0 attorno a temi trattati nei suoi due libri pi\u00f9 recenti: <em>La nazione delle piante <\/em>(Laterza) e <em>Discorso sulle erbe<\/em>, realizzato per Aboca in tandem con il fisico e filosofo austriaco Fritjof Capra.<\/p>\n<p align=\"JUSTIFY\">Premiato quest\u2019anno con lo Strega Giovani, gi\u00e0 vincitore del Campiello Opera Prima, <strong>Marco Missiroli <\/strong>non sar\u00e0 ospite di <em>Barcolana &#8211; Un mare di racconti<\/em> soltanto per raccontare il suo romanzo pi\u00f9 recente, <em>Fedelt\u00e0<\/em> pubblicato da Einaudi, ma soprattutto per parlare di Gianni Rodari, di cui l\u2019anno prossimo ricorreranno i cento anni dalla nascita e i quaranta dalla morte. All\u2019autore delle <em>Favole al telefono<\/em>, il Festival dedicher\u00e0 un ricordo organizzato in collaborazione con le Edizioni El che coinvolgeranno anche <strong>Olimpia Zagnoli<\/strong>, la disegnatrice milanese che quest\u2019anno firma il manifesto della regata triestina.<\/p>\n<p align=\"JUSTIFY\">La scrittrice di Lubiana <strong>Bronja Zakelj <\/strong>dialogher\u00e0 a Trieste sul suo romanzo d\u2019esordio <em>Il bianco si lava a novanta<\/em>, tradotto da Michele Obit per Bottega Errante Edizioni. Un viaggio nel passaggio traumatico dalla Jugoslavia di Tito al lungo periodo di grave instabilit\u00e0 politica ed economica che ne \u00e8 seguito.<\/p>\n<p align=\"JUSTIFY\">Il regista <strong>Pupi Avati<\/strong> sar\u00e0 a Trieste per raccontare il suo <em>Signor Diavolo<\/em>. Tratto dall\u2019omonimo libro, scritto dall\u2019autore bolognese per Guanda. Dopo il successo del \u201cRagazzo in soffitta\u201d ambientato in parte a Trieste, il film girato tra la laguna veneziana e le foci del Po \u00e8 stato un immediato successo ai botteghini cinematografici.<\/p>\n<p align=\"JUSTIFY\">Dal Premio Campiello arriver\u00e0 lo scrittore che ha saputo raccontare il dramma di un\u2019Europa che si sente assediata da masse di profughi. <strong>Giulio Cavalli,<\/strong> nel suo <em>Carnaio<\/em>, pubblicato da Fandango Libri, immagina una cittadina del Sud dell\u2019Italia pressata all\u2019improvviso da un\u2019onda anomala di corpi umani.<\/p>\n<p align=\"JUSTIFY\">Per trent\u2019anni compagna del regista Mario Monicelli, la disegnatrice, stilista e scrittrice <strong>Chiara Rapaccini<\/strong> porter\u00e0 a Trieste la sua <em>Rossa<\/em>. Una favola distopica, pubblicata da La nave di Teseo, in cui immagina un futuro sull\u2019orlo della catastrofe ambientale e umana.<\/p>\n<p align=\"JUSTIFY\">Il festival ha pensato anche anche ai lettori pi\u00f9 giovani. Cos\u00ec, oltre ad alcuni autori di storie a fumetti, <em>Barcolana &#8211; Un mare di racconti<\/em> avr\u00e0 tra i suoi ospiti due scrittori molto noti al pubblico giovane: <strong>Andrea Maggi<\/strong>, professore televisivo che ha spopolato in tiv\u00f9 con il docu-reality <em>Il collegio<\/em>, e di cui Feltrinelli pubblica il nuovo libro <em>Guerra ai prof<\/em>, ed <strong>Enrico Galiano<\/strong>, l\u2019insegnante scrittore di Pordenone che con la serie web <em>Cose da prof<\/em> ha superato le diecimila visualizzazioni, e poi ha conquistato migliaia di lettori con i romanzi <em>Eppure cadiamo felici<\/em>, <em>Tutta la vita che vuoi<\/em> e <em>Pi\u00f9 forte di ogni addio<\/em>.<\/p>\n","protected":false},"excerpt":{"rendered":"<p>Presentato &#8220;Un mare di racconti&#8221;<\/p>\n","protected":false},"author":28,"featured_media":30018,"comment_status":"closed","ping_status":"closed","sticky":false,"template":"","format":"standard","meta":{"dwc-title":[],"dwc-content":[],"footnotes":""},"categories":[37],"tags":[],"class_list":["post-30017","post","type-post","status-publish","format-standard","has-post-thumbnail","hentry","category-cultura-e-spettacolo"],"rttpg_featured_image_url":{"full":["https:\/\/imagazine.it\/wp-content\/uploads\/2024\/01\/30897-1.webp",750,515,false],"landscape":["https:\/\/imagazine.it\/wp-content\/uploads\/2024\/01\/30897-1.webp",750,515,false],"portraits":["https:\/\/imagazine.it\/wp-content\/uploads\/2024\/01\/30897-1.webp",750,515,false],"thumbnail":["https:\/\/imagazine.it\/wp-content\/uploads\/2024\/01\/30897-1-150x150.webp",150,150,true],"medium":["https:\/\/imagazine.it\/wp-content\/uploads\/2024\/01\/30897-1-300x206.webp",300,206,true],"large":["https:\/\/imagazine.it\/wp-content\/uploads\/2024\/01\/30897-1.webp",640,439,false],"thumblist":["https:\/\/imagazine.it\/wp-content\/uploads\/2024\/01\/30897-1.webp",300,206,false],"thumbrelated":["https:\/\/imagazine.it\/wp-content\/uploads\/2024\/01\/30897-1.webp",500,343,false],"meccarouselthumb":["https:\/\/imagazine.it\/wp-content\/uploads\/2024\/01\/30897-1.webp",472,324,false],"gridsquare":["https:\/\/imagazine.it\/wp-content\/uploads\/2024\/01\/30897-1.webp",379,260,false],"tileview":["https:\/\/imagazine.it\/wp-content\/uploads\/2024\/01\/30897-1.webp",300,206,false],"1536x1536":["https:\/\/imagazine.it\/wp-content\/uploads\/2024\/01\/30897-1.webp",750,515,false],"2048x2048":["https:\/\/imagazine.it\/wp-content\/uploads\/2024\/01\/30897-1.webp",750,515,false],"newsup-slider-full":["https:\/\/imagazine.it\/wp-content\/uploads\/2024\/01\/30897-1.webp",750,515,false],"newsup-featured":["https:\/\/imagazine.it\/wp-content\/uploads\/2024\/01\/30897-1.webp",750,515,false],"newsup-medium":["https:\/\/imagazine.it\/wp-content\/uploads\/2024\/01\/30897-1-720x380.webp",720,380,true],"tptn_thumbnail":["https:\/\/imagazine.it\/wp-content\/uploads\/2024\/01\/30897-1.webp",250,172,false],"sow-carousel-default":["https:\/\/imagazine.it\/wp-content\/uploads\/2024\/01\/30897-1-272x182.webp",272,182,true]},"rttpg_author":{"display_name":"redazione","author_link":"https:\/\/imagazine.it\/home_desk\/author\/redazione\/"},"rttpg_comment":0,"rttpg_category":"<a href=\"https:\/\/imagazine.it\/home_desk\/category\/cultura-e-spettacolo\/\" rel=\"category tag\">CULTURA&amp;SPETTACOLO<\/a>","rttpg_excerpt":"Presentato \"Un mare di racconti\"","_links":{"self":[{"href":"https:\/\/imagazine.it\/home_desk\/wp-json\/wp\/v2\/posts\/30017","targetHints":{"allow":["GET"]}}],"collection":[{"href":"https:\/\/imagazine.it\/home_desk\/wp-json\/wp\/v2\/posts"}],"about":[{"href":"https:\/\/imagazine.it\/home_desk\/wp-json\/wp\/v2\/types\/post"}],"author":[{"embeddable":true,"href":"https:\/\/imagazine.it\/home_desk\/wp-json\/wp\/v2\/users\/28"}],"replies":[{"embeddable":true,"href":"https:\/\/imagazine.it\/home_desk\/wp-json\/wp\/v2\/comments?post=30017"}],"version-history":[{"count":0,"href":"https:\/\/imagazine.it\/home_desk\/wp-json\/wp\/v2\/posts\/30017\/revisions"}],"wp:featuredmedia":[{"embeddable":true,"href":"https:\/\/imagazine.it\/home_desk\/wp-json\/wp\/v2\/media\/30018"}],"wp:attachment":[{"href":"https:\/\/imagazine.it\/home_desk\/wp-json\/wp\/v2\/media?parent=30017"}],"wp:term":[{"taxonomy":"category","embeddable":true,"href":"https:\/\/imagazine.it\/home_desk\/wp-json\/wp\/v2\/categories?post=30017"},{"taxonomy":"post_tag","embeddable":true,"href":"https:\/\/imagazine.it\/home_desk\/wp-json\/wp\/v2\/tags?post=30017"}],"curies":[{"name":"wp","href":"https:\/\/api.w.org\/{rel}","templated":true}]}}