{"id":30003,"date":"2019-09-04T00:00:00","date_gmt":"2019-09-03T23:00:00","guid":{"rendered":"https:\/\/imagazine.it\/?p=30003"},"modified":"2019-09-04T00:00:00","modified_gmt":"2019-09-03T23:00:00","slug":"in-fvg-un-teatro-di-stelle","status":"publish","type":"post","link":"https:\/\/imagazine.it\/home_desk\/in-fvg-un-teatro-di-stelle\/","title":{"rendered":"In FVG un teatro di stelle"},"content":{"rendered":"<p>Presentati nella sede udinese della Regione FVG i <strong>27<\/strong> <strong>cartelloni teatrali 2019\/2020 <\/strong>che fanno capo all\u2019Ente Regionale Teatrale del Friuli Venezia Giulia. Il presidente dell\u2019ERT <strong>Sergio Cuzzi<\/strong>, il direttore <strong>Renato Manzoni<\/strong> e <strong>Walter Mramor<\/strong>, direttore di Artisti Associati, struttura con cui l\u2019ERT collabora per l\u2019attivit\u00e0 coreutica, hanno illustrato la programmazione annuale di prosa, musica e danza.<\/p>\n<p>Impegnata a Trieste per motivi istituzionali, l\u2019Assessore regionale alla Cultura, <strong>Tiziana Gibelli<\/strong>, ha partecipato in videoconferenza.<\/p>\n<p>\u00a0<\/p>\n<p><strong>La famiglia ERT cresce<\/strong><br \/> Il Circuito ERT festeggia nella stagione 2019\/2020 i 50 anni dalla Fondazione e lo fa accogliendo nella \u201cfamiglia\u201d quattro nuove piazze: il Teatro Ciasa dai Forn\u00e9s di <strong>Forni di Sopra <\/strong>che ospiter\u00e0 quattro appuntamenti in primavera, il Teatro Comunale di <strong>Polcenigo<\/strong>, il Teatro Miotto di <strong>Spilimbergo<\/strong> e l\u2019Auditorium Comunale di <strong>Talmassons<\/strong>.<\/p>\n<p><strong>I numeri <\/strong><br \/> Artegna, Casarsa della Delizia, Cividale del Friuli, Colugna di Tavagnacco, Codroipo, Cordenons, Forni di Sopra, Gemona del Friuli, Grado, Latisana, Lestizza, Lignano Sabbiadoro, Maniago, Monfalcone, Palmanova, Polcenigo, Pontebba, Prata di Pordenone, Premariacco, Sacile, San Daniele del Friuli, San Vito al Tagliamento, Sedegliano, Spilimbergo, Talmassons, Tolmezzo e Zoppola sono le 27 piazze del circuito, alle quali si aggiungono le collaborazioni per il cartellone di danza del Teatro Stabile Sloveno di Trieste, del Mascherini di Azzano Decimo, del Pasolini di Cervignano e dei Comunali di Cormons e Gradisca. Per quanto concerne le rassegne in abbonamento, gli <strong>spettacoli di prosa<\/strong> programmati a oggi sono <strong>73<\/strong> (nei prossimi giorni ci sar\u00e0 un ulteriore incremento quando verr\u00e0 perfezionato anche il cartellone di Forni di Sopra) per un totale di <strong>179 giornate recitative<\/strong>, 13 in pi\u00f9 rispetto alla stagione appena andata in archivio; <strong>14 <\/strong>sono<strong> gli spettacoli prodotti in regione<\/strong> presenti in cartellone per un totale di <strong>34<\/strong> repliche, a cui si aggiungono <strong>11 concerti <em>made in FVG<\/em><\/strong> per <strong>17 serate<\/strong>. La <strong>danza <\/strong>sar\u00e0 in circuito con <strong>8 spettacoli <\/strong>per<strong> 12<\/strong> <strong>repliche totali<\/strong>; il cartellone <strong>musicale<\/strong> verr\u00e0 completato dalle collaborazioni con rassegne e istituzioni del territorio. Il dato totale dell\u2019attivit\u00e0 di musica e danza, comprensivo delle partnership con associazioni, enti e festival, porter\u00e0 a pi\u00f9 di <strong>40 i concerti<\/strong> e a oltre <strong>35 gli appuntamenti <\/strong>dedicati all\u2019arte coreutica<strong>. <\/strong><\/p>\n<p><strong>PROSA<\/strong><br \/> <strong>Stelle<\/strong><br \/> Saranno tantissimi i nomi noti al grande pubblico che andranno a calcare i palcoscenici ERT. Tra questi spiccano la prima volta nel Circuito di <strong>Vittorio Sgarbi<\/strong>, ospite con due lezioni-spettacolo su <strong><em>Raffaello<\/em><\/strong> e su <strong><em>Leonardo<\/em><\/strong>; il ritorno dopo diverse stagioni di <strong>Gioele Dix<\/strong> con un nuovo monologo intenso, personale e divertente: <strong><em>Vorrei essere figlio di un uomo felice<\/em><\/strong>; la presenza di un doppio <strong>Marco Paolini<\/strong>, in scena con <strong><em>Filo Fil\u00f2<\/em><\/strong> e <strong><em>Nel tempo degli Dei<\/em><\/strong>, un lavoro corale sulla figura di Ulisse; la mini-tourn\u00e9e di <strong>Riccardo Rossi<\/strong> che sar\u00e0 protagonista con <strong><em>W le donne!<\/em><\/strong>; il ritorno di <strong>Massimo Lopez e Tullio Solenghi<\/strong> alla terza stagione in FVG con alle spalle due annate da tutto esaurito; l\u2019atteso <strong><em>Don Chisciotte<\/em><\/strong> con <strong>Alessio Boni<\/strong> e <strong>Serra Yilmaz<\/strong>; e <strong>Giovanni Vernia<\/strong>, cantante, imitatore e comico che con il suo <strong><em>Vernia o non Vernia: questo \u00e8 il problema<\/em><\/strong> ha sbancato i botteghini ERT vincendo anche il Premio del Pubblico nel 2018\/2019.<\/p>\n<p><strong>Ritorni<\/strong><\/p>\n<p>Gli spettacoli che nelle stagioni precedenti hanno entusiasmato il pubblico, ritornano per permettere ad altri teatri di applaudire i protagonisti della scena. Detto del duo Lopez-Solenghi e di Giovanni Vernia, meritano una menzione particolare gli <strong>Oblivion<\/strong> con il loro primo, dissacrante musical, <strong><em>La Bibbia riveduta e scorretta<\/em><\/strong>; <strong>Rocco Papaleo<\/strong> con <strong><em>Coast to coast<\/em><\/strong>, spettacolo che coniuga musica, parola e\u2026 cucina; <strong>Angela Finocchiaro<\/strong> che con il suo <strong><em>Ho perso il filo<\/em><\/strong> aprir\u00e0 le stagioni di Monfalcone, Casarsa, Sacile e Maniago; e la commedia <strong><em>Casa di famiglia<\/em><\/strong> degli attori e autori del Teatro Golden di Roma, grande successo nella tourn\u00e9e ERT della passata stagione.<\/p>\n<p><strong>Classici<\/strong><br \/> Ci sono autori e testi che hanno fatto la storia del teatro e pi\u00f9 in generale della letteratura italiana e internazionale e non possono mancare nella programmazione del Circuito. A questa categoria appartengono senz\u2019altro Carlo Goldoni, Moli\u00e8re, Luigi Pirandello e Arthur Miller. Del commediografo veneziano quest\u2019anno rivedremo <strong><em>La Locandiera<\/em><\/strong> con gli attori dell\u2019Arca Azzurra Teatro e <strong>Amanda Sandrelli<\/strong> nel ruolo di Mirandolina; il Teatro Pasolini di Casarsa ospiter\u00e0 l\u2019unica imperdibile replica del <strong><em>Misantropo<\/em><\/strong> di Moli\u00e8re con <strong>Valeria Solarino<\/strong> e <strong>Giulio Scarpati<\/strong>; il siciliano <strong>Leo Gullotta<\/strong> sar\u00e0 l\u2019interprete principale di <strong><em>Pensaci, Giacomino!<\/em><\/strong> del conterraneo Pirandello; mentre Arthur Miller sar\u00e0 rappresentato da due dei suoi testi pi\u00f9 conosciuti: <strong><em>Morte di un commesso viaggiatore<\/em><\/strong> con Alessandro Haber nei panni dell\u2019iconica figura di Willy Loman (il cui monologo \u00e8 entrato di diritto nella storia del teatro), e <strong><em>Uno sguardo dal ponte<\/em><\/strong> con <strong>Sebastiano Somma<\/strong> nel ruolo del <em>pais\u00e0<\/em> Eddie Carbone.<\/p>\n<p><strong>Nuova drammaturgia e giovani attori<\/strong><\/p>\n<p>Grandi nomi e testi classici sono fondamentali nella programmazione ERT ma il Teatro \u00e8 anche innovazione, sperimentazione, nuovi testi, nuovi attori. Il Circuito da sempre, da quando, ad esempio, \u201cscopr\u00ec\u201d un giovanissimo <strong>Marco Paolini<\/strong> e tenne a battesimo <strong>Giuliana Musso<\/strong> con il suo <em>Nati in casa<\/em>, \u00e8 attento alla nuova drammaturgia e agli attori emergenti. Tante le proposte presenti anche nei cartelloni 19\/20, tra queste segnaliamo un gruppo giovane che ha gi\u00e0 ottenuto importanti riconoscimenti in Italia ed Europa: <strong>Stivalaccio Teatro<\/strong>; la compagnia che ha rinnovato il teatro popolare e l\u2019italianissima Commedia dell\u2019Arte sar\u00e0 in Circuito con un\u2019originale versione del <strong><em>Malato immaginario (L\u2019ultimo viaggio)<\/em><\/strong> e con<strong><em> Romeo e Giulietta (L\u2019amore \u00e8 saltimbanco)<\/em><\/strong>. Dal Fringe Festival di Torino arriveranno due spettacoli: <strong><em>Con sorte<\/em><\/strong>, uno scavo sulla mafia firmato da <strong>Giacomo Guarneri<\/strong> e interpretato da <strong>Oriana Martucci<\/strong>, e <strong><em>L\u2019uno<\/em><\/strong>, una commedia degli equivoci della Compagnia Contrasto, mentre dal \u201claboratorio di idee\u201d Next dell\u2019AGIS Lombardia arriva <strong><em>Sogno Americano<\/em><\/strong>, un lavoro tratto dalle opere di Raymond Carver. <strong>Jurij Ferrini<\/strong>, attore e regista molto apprezzato anche dal pubblico regionale, metter\u00e0 in scena <strong><em>Lucido<\/em><\/strong>, testo del drammaturgo argentino <strong>Rafael Spregelburd<\/strong> che fu direttore dell\u2019Ecole des Maitres 2012, il progetto di perfezionamento teatrale ideato nel 1990 da Franco Quadri. Un amico del Circuito, <strong>Mario Perrotta<\/strong>, andr\u00e0 in scena con <strong><em>In nome del padre<\/em><\/strong>, testo scritto a quattro mani con lo psicologo <strong>Massimo Recalcati<\/strong>. <strong>Roberto Ciufoli<\/strong>, <strong>Benedicta Boccoli<\/strong>, <strong>Simone Colombari<\/strong> e <strong>Sara Biacchi<\/strong> saranno gli interpreti de <strong><em>Il test<\/em><\/strong>, commedia di <strong>Jordi Vallejo<\/strong> che in Spagna \u00e8 diventata ormai pi\u00e8ce di culto.\u00a0<\/p>\n<p><a href=\"http:\/\/imagazinevideotruck.it\/outlet\/relink.html\" target=\"_top\" rel=\"noopener\"><img loading=\"lazy\" decoding=\"async\" align=\"LEFT\" height=\"250\" src=\"http:\/\/imagazinevideotruck.it\/outlet\/outlet30.gif\" width=\"300\" alt=\"\" title=\"\"><\/a><\/p>\n<p>\u00a0<\/p>\n<p>\u00a0<\/p>\n<p>\u00a0<\/p>\n<p>\u00a0<\/p>\n<p>\u00a0<\/p>\n<p>\u00a0<\/p>\n<p>\u00a0<\/p>\n<p>\u00a0<\/p>\n<p>\u00a0<\/p>\n<p><strong>Comici<\/strong><\/p>\n<p>Nel questionario di valutazione della stagione, il pubblico indica spesso il teatro di evasione, sia esso commedia o comico, tra i generi preferiti. Anche quest\u2019anno la programmazione del Circuito prevede numerosi appuntamenti con la risata. Gi\u00e0 citato Giovanni Vernia, tra i comici in cartellone vanno senz\u2019altro segnalati <strong>Paolo Hendel<\/strong> con un generazionale <strong><em>La giovinezza \u00e8 sopravvalutata<\/em><\/strong>; <strong>Debora Villa<\/strong> alle prese con il bestseller di John Gray <strong><em>Gli uomini vengono da Marte, le donne da Venere<\/em><\/strong>, i <strong>Papu<\/strong> con il nuovo spettacolo <strong><em>A che punto \u00e8 la rotta?<\/em><\/strong>; il quartetto <strong>Alessandra Faiella<\/strong>, <strong>Rita Pelusio<\/strong>, <strong>Lucia Vasini <\/strong>e la giornalista <strong>Livia Grossi <\/strong>in <strong><em>ApPunti G<\/em><\/strong>, un viaggio nell\u2019universo sessuale femminile dove risate e informazione diventano la miscela esplosiva per riflettere su un tema dalle mille sfaccettature e implicazioni. Una novit\u00e0, in esclusiva per il Circuito ERT, \u00e8 <strong><em>Variet\u00e0 \u2013 Contenuti Zero<\/em><\/strong>, uno spettacolo che prende a prestito lo schema e la struttura del grande variet\u00e0 per puntare alla pancia dello spettatore, attraverso gag comiche, balletti, canzoni e musica.\u00a0<\/p>\n<p><strong>Esclusive<\/strong><\/p>\n<p>Anche quest&#39;anno alcuni spettacoli in programma si potranno vedere solo nelle sale del Circuito. Sono appuntamenti presentati in esclusiva per il pubblico ERT. <strong>Dario Ballantini<\/strong>, dopo aver ammaliato alcune platee la scorsa stagione con <em>Da Balla a Dalla<\/em>, omaggio a Lucio Dalla che rivedremo anche quest&#39;anno, per la nuova stagione metter\u00e0 in scena alcune delle pi\u00f9 note maschere di Ettore Petrolini in <strong><em>Ballantini &#038; Petrolini<\/em><\/strong>; <strong>Alessandro Bevenuti<\/strong> e<strong> Stefano Fresi<\/strong> rileggeranno il mito di Don Chisciotte in chiave moderna ne <strong><em>donchisci<\/em>@tte<\/strong>; <strong>Simone Cristicchi<\/strong>, vincitore del Premio del Pubblico ERT in 3 delle ultime 5 stagioni, sar\u00e0 in scena con due titoli: <strong><em>Esodo <\/em><\/strong>che racconta l&#39;esilio del 1947 dei giuliano-dalmati, e il nuovo <strong><em>Happynext <\/em><\/strong>che prende spunto da un documentario da lui girato sul significato della felicit\u00e0 e sui modi in cui ognuno di noi la ricerca; <strong>Elena Bucci <\/strong>e <strong>Marco Sgrosso<\/strong> in <strong><em>Prima della pensione ovvero Cospiratori <\/em><\/strong>rendono omaggio a Thomas Bernhard; dopo il successo de <em>Le Pr\u00e9nom<\/em>, il Teatro Ambra Jovinelli presenta una delle commedie pi\u00f9 comiche prodotte dal National Theater di Londra negli ultimi anni: <strong><em>Le regole per vivere<\/em><\/strong>, testo in cui solo allo spettatore sono svelate le regole del gioco; infine, l&#39;appuntamento con il circo de <strong><em>Machine de Cirque<\/em><\/strong>, una produzione canadese che ipotizza un mondo post apocalittico dove 5 sopravvissuti battono la terra alla ricerca di altri superstiti facendosi aiutare da una macchina stupefacente.<\/p>\n<p>\u00a0<\/p>\n<p><strong>Spettacoli FVG<\/strong><br \/> Da sempre il Circuito si occupa di selezionare e presentare al pubblico anche il meglio delle produzioni regionali. Anche quest\u2019anno tutte le principali compagnie regionali saranno presenti con i loro lavori. Queste, in sintesi, le proposte.<br \/> Gli Artisti Associati di Gorizia per la seconda stagione presenteranno <strong><em>Mi amavi ancora\u2026<\/em><\/strong>, con <strong>Ettore Bassi<\/strong> e <strong>Simona Cavallari<\/strong>, e saranno presenti con la nuova produzione <strong><em>Il rompiballe, <\/em><\/strong>una delle commedie di maggior successo di Francis Veber (<em>La cena dei cretini<\/em>, <em>L\u2019apparenza inganna<\/em>) affidata alla coppia <strong>Nicola Pistoia<\/strong> \u2013 <strong>Paolo Triestino<\/strong>.<\/p>\n<p>Il Teatro Stabile del Friuli Venezia Giulia presenter\u00e0 anche nella nuova stagione <strong><em>I Miserabili <\/em><\/strong>di Victor Hugo, nell\u2019adattamento di Luca Doninelli e con l\u2019interpretazione di <strong>Franco Branciaroli<\/strong>. <strong><em>L\u2019onore perduto di Katharina Blum<\/em><\/strong>, tratto dal romanzo di Heinrich B\u00f6ll, \u00e8 una delle due nuove produzioni, assieme a <strong><em>Infinito tra parentesi<\/em><\/strong> pi\u00e8ce con <strong>Maddalena e Giovanni Crippa<\/strong> che ha debuttato nell\u2019edizione 2019 di Mittelfest.\u00a0<\/p>\n<p>La Contrada di Trieste torner\u00e0 in circuito con uno spettacolo che ha gi\u00e0 riscontrato grande favore tra il pubblico regionale: <strong><em>Un autunno di fuoco<\/em><\/strong>, pi\u00e8ce di Eric Coble con <strong>Milena Vukotic<\/strong> e <strong>Maximilian Nisi<\/strong>. La nuova produzione \u00e8 <strong><em>Hollywood Burger<\/em><\/strong>, divertente commedia ambientata in una mensa degli Studios hollywoodiani, interpretata da <strong>Pino Quartullo<\/strong> ed <strong>Enzo Iacchetti<\/strong>.<\/p>\n<p>Del CSS di Udine in Circuito ritorner\u00e0 <strong><em>Fieste<\/em><\/strong> del Teatro Incerto, mentre tra le novit\u00e0 2019\/2020 c\u2019\u00e8 grande curiosit\u00e0 attorno a <strong><em>Hermanos<\/em><\/strong>, spettacolo di <strong>Giuliano Bonanni<\/strong> e <strong>Stefano Angelucci Marino,<\/strong> nato dall\u2019esperienza teatrale vissuta dai due artisti in Argentina, Uruguay e Paraguay a contatto con i discendenti dei migranti friulani e abruzzesi. Per il cinquecentenario della morte di Leonardo da Vinci, Golden Show di Trieste presenta <strong><em>Cos\u00ec parl\u00f2 Monna Lisa<\/em><\/strong>, pi\u00e8ce nella quale si racconta la notte del 14 giugno 1940 quando al Louvre il celebre dipinto di Leonardo prese vita. <strong>Stefania Ventura<\/strong> \u00e8 la protagonista dello spettacolo.<\/p>\n<p><strong>MUSICA<\/strong><br \/> <strong>In cartellone<\/strong><br \/> In attesa delle determinazioni in merito alla nuova orchestra regionale &#8211; la precedente \u00e8 stata partner privilegiato dell\u2019ERT per cinque anni -, non mancheranno appuntamenti musicali di rilievo nei cartelloni del Circuito. Tra i molti appuntamenti segnaliamo il ritorno di Sebastiano Somma, accompagnato da una band di cinque musicisti, che dar\u00e0 vita a un confronto tra Dalla e Battisti in <strong><em>Lucio incontra Lucio<\/em><\/strong>; la nuova data, dopo l\u2019exploit invernale a Casarsa ed estivo a Valvasone, di <strong><em>Atom Heart Mother<\/em><\/strong>, la rilettura del quinto LP in studio dei Pink Floyd fatta dall\u2019Accademia Musicale Naonis, accompagnata dalla <em>tribute band<\/em> Pink Size e dal Coro del Friuli Venezia Giulia; dopo il successo nella rassegna udinese <em>Note in Castello<\/em>, l\u2019Orchestra giovanile Filarmonici Friulani presenter\u00e0 <strong><em>Un a<br \/>\ntro mare<\/em><\/strong>, un omaggio alla tradizione popolare sudamericana (le <em>Stagioni<\/em> di Astor Piazzolla e il <em>Concerto n.1 per marimba e archi<\/em> di Ney Rosauro), e <strong><em>Impressioni del Novecento<\/em><\/strong> con alcuni brani rappresentativi del secolo breve; Wunderkammer sar\u00e0 in stagione con due serate de <strong><em>La festa del Paradiso<\/em><\/strong>, uno spettacolo che unisce musiche e danze dell\u2019epoca di Leonardo da Vinci; il Coro Polifonico di Ruda accompagnato da Ferdinando Mussutto (pianoforte), Gabriele Rampogna (percussioni) e Riccardo Pes (violoncello) in <strong><em>Beautiful that way <\/em><\/strong>interpreter\u00e0 alcune delle pi\u00f9 celebri colonne sonore della storia del cinema; il Coro Polifonico di Sant\u2019Antonio Abate di Cordenons dar\u00e0 vita a <strong><em>La buona novella<\/em><\/strong> di Fabrizio De Andr\u00e9; la Corale Polifonica di Montereale Valcellina sar\u00e0 protagonista con il progetto <strong><em>Leonardo tal Fri\u00fbl<\/em><\/strong>, la rappresentazione musicale tratta dal racconto <em>Leonardo fi di cui<\/em> di Angelo Floramo che vedr\u00e0 sul palco anche i Trigeminus e la cantante solista Tinkara Kova\u010d; infine, continua la collaborazione con il <strong>Teatro Lirico Giuseppe Verdi di Trieste<\/strong>: dopo le fortunate rappresentazioni di <em>Gianni Schicchi<\/em> e de <em>La prova di un\u2019opera seria<\/em>, e le date degli <em>Ottoni del Verdi<\/em>, quest\u2019anno ospite del Circuito sar\u00e0 l\u2019Orchestra del Teatro con un programma accattivante che non mancher\u00e0 di allietare il pubblico ERT.<\/p>\n<p>\u00a0<\/p>\n<p><strong>Collaborazioni <\/strong><\/p>\n<p>Non muta la formula che l\u2019ERT ha sperimentato con successo da quando, quattro stagioni fa, \u00e8 divenuto circuito multidisciplinare. La collaborazione con le migliori rassegne concertistiche regionali sar\u00e0 quindi il cardine intorno al quale ruoteranno molti appuntamenti. In parte selezionati direttamente dall\u2019ERT e in parte concordati con le direzioni artistiche delle varie rassegne che hanno accolto il progetto, questi concerti contribuiranno ad arricchire i\u00a0cartelloni musicali di chi da tempo &#8211; con esperienza, inventiva e capacit\u00e0 &#8211; offre musica di qualit\u00e0 nelle sale teatrali e in altri spazi del nostro territorio.<\/p>\n<p>Tra gli altri, partner dell\u2019ERT quest\u2019anno saranno ancora gli <strong>Amici della Musica<\/strong> di Udine; l\u2019<strong>Orchestra San Marco <\/strong>di Pordenone; il Festival itinerante <strong><em>Nei suoni dei luoghi<\/em><\/strong>; la <strong>Nuova orchestra da camera Ferruccio Busoni<\/strong>; la <strong>Fazioli Concert Hall<\/strong> con la quinta stagione di <em>Winners \u2013 The pianists of the next generation<\/em>, rassegna dedicata ai giovani vincitori di prestigiosi concorsi pianistici nazionali e internazionali. A San Vito al Tagliamento saranno 14 le candeline che spegner\u00e0 <strong><em>San Vito Jazz<\/em><\/strong>, rassegna diretta da Flavio Massarutto, mentre in estate proseguir\u00e0 la collaborazione con <strong><em>Carniarmonie<\/em><\/strong> e con il <strong>Comune di Udine<\/strong> per <strong><em>Udinestate<\/em><\/strong>. Ritorner\u00e0 per il terzo anno anche <strong><em>Note in Castello<\/em><\/strong>, i concerti-aperitivo organizzati in primavera in Castello a Udine assieme all\u2019amministrazione comunale.<\/p>\n<p> <strong>DANZA<\/strong><br \/> Saranno <strong>pi\u00f9 di 20 gli spettacoli di danza <\/strong>presentati in Friuli Venezia Giulia dall\u2019ERT, alcuni dei quali verranno realizzati in collaborazione, nel solco della tradizione ereditata dal Circuito Danza, con i teatri di Azzano Decimo, Cervignano, Cormons, Gradisca d\u2019Isonzo e con lo Stabile Sloveno di Trieste.<br \/> Il direttore artistico <strong>Walter Mramor<\/strong> ha voluto presentare alcune delle migliori produzioni in rappresentanza delle molte sfaccettature dell\u2019arte coreutica. Nel programma sono presenti dei graditi ritorni. Tra questi segnaliamo <strong><em>Odyssey Ballet<\/em><\/strong>, una rilettura in chiave contemporanea del mito di Ulisse della Mvula Sungani Physical Dance; dell\u2019autore italo-africano rivedremo, dopo il successo dello scorso anno, anche <strong><em>Caruso: Passione 2.0<\/em><\/strong>.<\/p>\n<p>La MM Contemporary Dance Company presenter\u00e0 nuovamente gli spettacoli a doppio titolo <strong><em>La sagra della primavera\/Bolero<\/em><\/strong> e <strong><em>Carmen\/Bolero<\/em><\/strong>, mentre Anthony Heinl (gi\u00e0 nei Momix di Moses Pendleton) riproporr\u00e0 il \u201cmagico\u201d <strong><em>Night Garden<\/em><\/strong>. Sempre in tema di danza acrobatica e giochi di luce il pubblico regionale potr\u00e0 apprezzare nuovamente <strong><em>Indaco, gli illusionisti della danza<\/em><\/strong> della RBR Dance Company.<br \/> Arrivando alle novit\u00e0, il Teatro Stabile Sloveno ospiter\u00e0 ancora una volta uno spettacolo dedicato al folklore, quest\u2019anno sar\u00e0 la volta della <strong><em>Danze Russe<\/em><\/strong> del Balletto Accademico Statale Russo \u201cE. Popov\u201d; Fabrizio Monteverde per il Balletto di Roma in <strong><em>Io, Don Chisciotte<\/em><\/strong> offrir\u00e0 la sua personale rilettura del classico di Cervantes. In tema di classici, non mancher\u00e0 l\u2019appuntamento con il Russian Classical Ballet che quest\u2019anno presenter\u00e0 <strong><em>Lo Schiaccianoci<\/em><\/strong> con musiche di Tchaikovksy e coreografie di Marius Petipa. Direttamente dalla California arriva la danza contemporanea di <strong><em>Bodytraffic<\/em><\/strong>, mentre due teatri regionali si trasformeranno in altrettante milonghe per <strong><em>Noche de Buenos Aires<\/em><\/strong> con la Tango Rouge Company.<\/p>\n<p>Proseguir\u00e0, inoltre, la stretta collaborazione con la compagnia Arearea di Udine, unica realt\u00e0 professionale che opera nel campo della produzione di danza nella nostra regione.<\/p>\n","protected":false},"excerpt":{"rendered":"<p>Presentata la stagione ERT<\/p>\n","protected":false},"author":28,"featured_media":30004,"comment_status":"closed","ping_status":"closed","sticky":false,"template":"","format":"standard","meta":{"dwc-title":[],"dwc-content":[],"footnotes":""},"categories":[37],"tags":[],"class_list":["post-30003","post","type-post","status-publish","format-standard","has-post-thumbnail","hentry","category-cultura-e-spettacolo"],"rttpg_featured_image_url":{"full":["https:\/\/imagazine.it\/wp-content\/uploads\/2024\/01\/30877-1.webp",750,441,false],"landscape":["https:\/\/imagazine.it\/wp-content\/uploads\/2024\/01\/30877-1.webp",750,441,false],"portraits":["https:\/\/imagazine.it\/wp-content\/uploads\/2024\/01\/30877-1.webp",750,441,false],"thumbnail":["https:\/\/imagazine.it\/wp-content\/uploads\/2024\/01\/30877-1-150x150.webp",150,150,true],"medium":["https:\/\/imagazine.it\/wp-content\/uploads\/2024\/01\/30877-1-300x176.webp",300,176,true],"large":["https:\/\/imagazine.it\/wp-content\/uploads\/2024\/01\/30877-1.webp",640,376,false],"thumblist":["https:\/\/imagazine.it\/wp-content\/uploads\/2024\/01\/30877-1.webp",300,176,false],"thumbrelated":["https:\/\/imagazine.it\/wp-content\/uploads\/2024\/01\/30877-1.webp",500,294,false],"meccarouselthumb":["https:\/\/imagazine.it\/wp-content\/uploads\/2024\/01\/30877-1.webp",474,279,false],"gridsquare":["https:\/\/imagazine.it\/wp-content\/uploads\/2024\/01\/30877-1.webp",391,230,false],"tileview":["https:\/\/imagazine.it\/wp-content\/uploads\/2024\/01\/30877-1.webp",300,176,false],"1536x1536":["https:\/\/imagazine.it\/wp-content\/uploads\/2024\/01\/30877-1.webp",750,441,false],"2048x2048":["https:\/\/imagazine.it\/wp-content\/uploads\/2024\/01\/30877-1.webp",750,441,false],"newsup-slider-full":["https:\/\/imagazine.it\/wp-content\/uploads\/2024\/01\/30877-1.webp",750,441,false],"newsup-featured":["https:\/\/imagazine.it\/wp-content\/uploads\/2024\/01\/30877-1.webp",750,441,false],"newsup-medium":["https:\/\/imagazine.it\/wp-content\/uploads\/2024\/01\/30877-1-720x380.webp",720,380,true],"tptn_thumbnail":["https:\/\/imagazine.it\/wp-content\/uploads\/2024\/01\/30877-1.webp",250,147,false],"sow-carousel-default":["https:\/\/imagazine.it\/wp-content\/uploads\/2024\/01\/30877-1-272x182.webp",272,182,true]},"rttpg_author":{"display_name":"redazione","author_link":"https:\/\/imagazine.it\/home_desk\/author\/redazione\/"},"rttpg_comment":0,"rttpg_category":"<a href=\"https:\/\/imagazine.it\/home_desk\/category\/cultura-e-spettacolo\/\" rel=\"category tag\">CULTURA&amp;SPETTACOLO<\/a>","rttpg_excerpt":"Presentata la stagione ERT","_links":{"self":[{"href":"https:\/\/imagazine.it\/home_desk\/wp-json\/wp\/v2\/posts\/30003","targetHints":{"allow":["GET"]}}],"collection":[{"href":"https:\/\/imagazine.it\/home_desk\/wp-json\/wp\/v2\/posts"}],"about":[{"href":"https:\/\/imagazine.it\/home_desk\/wp-json\/wp\/v2\/types\/post"}],"author":[{"embeddable":true,"href":"https:\/\/imagazine.it\/home_desk\/wp-json\/wp\/v2\/users\/28"}],"replies":[{"embeddable":true,"href":"https:\/\/imagazine.it\/home_desk\/wp-json\/wp\/v2\/comments?post=30003"}],"version-history":[{"count":0,"href":"https:\/\/imagazine.it\/home_desk\/wp-json\/wp\/v2\/posts\/30003\/revisions"}],"wp:featuredmedia":[{"embeddable":true,"href":"https:\/\/imagazine.it\/home_desk\/wp-json\/wp\/v2\/media\/30004"}],"wp:attachment":[{"href":"https:\/\/imagazine.it\/home_desk\/wp-json\/wp\/v2\/media?parent=30003"}],"wp:term":[{"taxonomy":"category","embeddable":true,"href":"https:\/\/imagazine.it\/home_desk\/wp-json\/wp\/v2\/categories?post=30003"},{"taxonomy":"post_tag","embeddable":true,"href":"https:\/\/imagazine.it\/home_desk\/wp-json\/wp\/v2\/tags?post=30003"}],"curies":[{"name":"wp","href":"https:\/\/api.w.org\/{rel}","templated":true}]}}