{"id":29999,"date":"2019-09-03T00:00:00","date_gmt":"2019-09-02T23:00:00","guid":{"rendered":"https:\/\/imagazine.it\/?p=29999"},"modified":"2019-09-03T00:00:00","modified_gmt":"2019-09-02T23:00:00","slug":"indietro-nel-tempo-per-scoprire-il-fvg","status":"publish","type":"post","link":"https:\/\/imagazine.it\/home_desk\/indietro-nel-tempo-per-scoprire-il-fvg\/","title":{"rendered":"Indietro nel tempo per scoprire il FVG"},"content":{"rendered":"<p>\u00a0<\/p>\n<p>Il <strong>5 e 6 ottobre<\/strong> torna il week end di <strong>Castelli Aperti FVG<\/strong>, con <strong>17 dimore<\/strong> aperte ai visitatori. Dal mare del golfo di Trieste alla montagna friulana, passando per le vigne dorate del Collio, Castelli Aperti \u00e8 l\u2019occasione per tornare indietro nel tempo e scoprire storia e tradizione transfrontaliera del territorio regionale.<\/p>\n<p>Grazie all\u2019opera del Consorzio per la Salvaguardia dei Castelli Storici del Friuli Venezia Giulia, manieri normalmente non accessibili si svelano tra saloni nascosti e giardini degni di una fiaba. \u00a0<\/p>\n<p>Per l\u2019edizione autunnale 2019 apriranno 17 dimore, in tutte le quattro province del Friuli Venezia Giulia: in provincia di <strong>Pordenone<\/strong>: Palazzo Panigai Ovio (Pravisdomini), Palazzo D\u2019Attimis Maniago\u00a0 e il Castello di Cordovado; nella provincia di <strong>Udine<\/strong> saranno Palazzo Romano (Case di Manzano), il Castello di Villalta (Villalta di Fagagna), Rocca Bernarda (Ipplis di Premariacco), il Castello di San Pietro (Ragogna), il Castello di Flambruzzo (Rivignano Teor), Palazzo Steffaneo Roncato (Crauglio di S. Vito al Torre), Casaforte La Brunelde (Fagagna), il Castello di Ahrensperg (San Pietro al Natisone), e le dimore di Strassoldo di Sopra e Strassoldo di Sotto; in provincia di <strong>Trieste<\/strong> il Castello di Muggia; in provincia di <strong>Gorizia<\/strong> il Castello di San Floriano del Collio, il Castello di Spessa di Capriva e Palazzo Lantieri a Gorizia.<\/p>\n<p>L\u2019ingresso a ogni singolo castello \u00e8 di 7 euro (3,5 euro per i bambini dai 7 ai 12 anni). La prenotazione non \u00e8 necessaria. Per maggiori informazioni \u00e8 consigliabile visitare il sito del Consorzio <u><a href=\"http:\/\/www.consorziocastelli.it\/\" target=\"_blank\" rel=\"noopener\"><strong>www.consorziocastelli.it<\/strong><\/a><\/u><\/p>\n<p>\u00a0<\/p>\n<p><a href=\"http:\/\/imagazinevideotruck.it\/outlet\/relink.html\" target=\"_top\" rel=\"noopener\"><img loading=\"lazy\" decoding=\"async\" align=\"LEFT\" height=\"250\" src=\"http:\/\/imagazinevideotruck.it\/outlet\/outlet30.gif\" width=\"300\" alt=\"\" title=\"\"><\/a><\/p>\n","protected":false},"excerpt":{"rendered":"<p>Il 5 e 6 ottobre<\/p>\n","protected":false},"author":28,"featured_media":30000,"comment_status":"closed","ping_status":"closed","sticky":false,"template":"","format":"standard","meta":{"dwc-title":[],"dwc-content":[],"footnotes":""},"categories":[8],"tags":[],"class_list":["post-29999","post","type-post","status-publish","format-standard","has-post-thumbnail","hentry","category-turismo"],"rttpg_featured_image_url":{"full":["https:\/\/imagazine.it\/wp-content\/uploads\/2024\/01\/30865-1.webp",750,422,false],"landscape":["https:\/\/imagazine.it\/wp-content\/uploads\/2024\/01\/30865-1.webp",750,422,false],"portraits":["https:\/\/imagazine.it\/wp-content\/uploads\/2024\/01\/30865-1.webp",750,422,false],"thumbnail":["https:\/\/imagazine.it\/wp-content\/uploads\/2024\/01\/30865-1-150x150.webp",150,150,true],"medium":["https:\/\/imagazine.it\/wp-content\/uploads\/2024\/01\/30865-1-300x169.webp",300,169,true],"large":["https:\/\/imagazine.it\/wp-content\/uploads\/2024\/01\/30865-1.webp",640,360,false],"thumblist":["https:\/\/imagazine.it\/wp-content\/uploads\/2024\/01\/30865-1.webp",300,169,false],"thumbrelated":["https:\/\/imagazine.it\/wp-content\/uploads\/2024\/01\/30865-1.webp",500,281,false],"meccarouselthumb":["https:\/\/imagazine.it\/wp-content\/uploads\/2024\/01\/30865-1.webp",474,267,false],"gridsquare":["https:\/\/imagazine.it\/wp-content\/uploads\/2024\/01\/30865-1.webp",391,220,false],"tileview":["https:\/\/imagazine.it\/wp-content\/uploads\/2024\/01\/30865-1.webp",300,169,false],"1536x1536":["https:\/\/imagazine.it\/wp-content\/uploads\/2024\/01\/30865-1.webp",750,422,false],"2048x2048":["https:\/\/imagazine.it\/wp-content\/uploads\/2024\/01\/30865-1.webp",750,422,false],"newsup-slider-full":["https:\/\/imagazine.it\/wp-content\/uploads\/2024\/01\/30865-1.webp",750,422,false],"newsup-featured":["https:\/\/imagazine.it\/wp-content\/uploads\/2024\/01\/30865-1.webp",750,422,false],"newsup-medium":["https:\/\/imagazine.it\/wp-content\/uploads\/2024\/01\/30865-1-720x380.webp",720,380,true],"tptn_thumbnail":["https:\/\/imagazine.it\/wp-content\/uploads\/2024\/01\/30865-1.webp",250,141,false],"sow-carousel-default":["https:\/\/imagazine.it\/wp-content\/uploads\/2024\/01\/30865-1-272x182.webp",272,182,true]},"rttpg_author":{"display_name":"redazione","author_link":"https:\/\/imagazine.it\/home_desk\/author\/redazione\/"},"rttpg_comment":0,"rttpg_category":"<a href=\"https:\/\/imagazine.it\/home_desk\/category\/turismo\/\" rel=\"category tag\">TURISMO<\/a>","rttpg_excerpt":"Il 5 e 6 ottobre","_links":{"self":[{"href":"https:\/\/imagazine.it\/home_desk\/wp-json\/wp\/v2\/posts\/29999","targetHints":{"allow":["GET"]}}],"collection":[{"href":"https:\/\/imagazine.it\/home_desk\/wp-json\/wp\/v2\/posts"}],"about":[{"href":"https:\/\/imagazine.it\/home_desk\/wp-json\/wp\/v2\/types\/post"}],"author":[{"embeddable":true,"href":"https:\/\/imagazine.it\/home_desk\/wp-json\/wp\/v2\/users\/28"}],"replies":[{"embeddable":true,"href":"https:\/\/imagazine.it\/home_desk\/wp-json\/wp\/v2\/comments?post=29999"}],"version-history":[{"count":0,"href":"https:\/\/imagazine.it\/home_desk\/wp-json\/wp\/v2\/posts\/29999\/revisions"}],"wp:featuredmedia":[{"embeddable":true,"href":"https:\/\/imagazine.it\/home_desk\/wp-json\/wp\/v2\/media\/30000"}],"wp:attachment":[{"href":"https:\/\/imagazine.it\/home_desk\/wp-json\/wp\/v2\/media?parent=29999"}],"wp:term":[{"taxonomy":"category","embeddable":true,"href":"https:\/\/imagazine.it\/home_desk\/wp-json\/wp\/v2\/categories?post=29999"},{"taxonomy":"post_tag","embeddable":true,"href":"https:\/\/imagazine.it\/home_desk\/wp-json\/wp\/v2\/tags?post=29999"}],"curies":[{"name":"wp","href":"https:\/\/api.w.org\/{rel}","templated":true}]}}