{"id":29997,"date":"2019-09-03T00:00:00","date_gmt":"2019-09-02T23:00:00","guid":{"rendered":"https:\/\/imagazine.it\/?p=29997"},"modified":"2019-09-03T00:00:00","modified_gmt":"2019-09-02T23:00:00","slug":"il-teatro-triestino-rialza-il-sipario","status":"publish","type":"post","link":"https:\/\/imagazine.it\/home_desk\/il-teatro-triestino-rialza-il-sipario\/","title":{"rendered":"Il teatro triestino rialza il sipario"},"content":{"rendered":"<p align=\"JUSTIFY\"><strong>La <\/strong><strong>35esima Stagione del Teatro in Dialetto Triestino de L\u2019ARMONIA-<\/strong><strong>Associazione tra le Compagnie Teatrali Triestine<\/strong> (affiliata F.I.T.A. \u2013 F.I.T.A.-U.I.L.T. FVG) \u00e8 stata presentata oggi in municipio a Trieste. L\u2019evento \u00e8 inserito nel Progetto L\u2019ARMONIA teatro amatoriale finanziato con fondi regionali dalla F.I.T.A. \u2013 U.I.L.T. FVG.<\/p>\n<p align=\"JUSTIFY\">La nuova stagione <strong>prender\u00e0 il via il 18 ottobre e si concluder\u00e0 a met\u00e0 aprile<\/strong> (venerd\u00ec e sabato ore 20.30, domenica ore 16.30) nella sede del <strong>t<\/strong><strong>eatro \u201cSilvio Pellico\u201d di via Ananian.<\/strong><\/p>\n<p align=\"JUSTIFY\">Il cartellone 2019-2020 prevede <strong>8 commedie in abbonamento, una delle quali a<\/strong><strong> ingresso gratuito<\/strong>, e 2 <strong>fuori abbonamento<\/strong>, con protagonisti gli oltre 220 soci (autori, registi, attrici, attori, tecnici) delle 10 Compagnie de L\u2019ARMONIA, tutte affiliate F.I.T.A. \u2013 Federazione Italiana Teatro Amatori.<\/p>\n<p align=\"JUSTIFY\">Il debutto della nuova Stagione vedr\u00e0 protagonista Il Gruppo IL GABBIANO e la commedia divertente <em><strong>VIVA I SPOSI!<\/strong><\/em> da <em>\u201cVa tutto storto\u201d<\/em> di Olivier Lejeune, adattamento in dialetto triestino e regia di Riccardo Fortuna (18-19-20 \/ 25-26-27 ottobre).<\/p>\n<p align=\"JUSTIFY\">Il secondo spettacolo in abbonamento sar\u00e0 del Gruppo PROPOSTE TEATRALI con la commedia <em><strong>NO XE DUE SENZA TRE <\/strong><\/em>testo e regia di Alessandra Privileggi (1-2-3 \/ 8-9-10 novembre).<\/p>\n<p align=\"JUSTIFY\">Il cartellone proseguir\u00e0 con il Gruppo AMICI DI SAN GIOVANNI e lo spettacolo <em><strong>EL RUMOR DEL VENTO<\/strong><\/em> di Bertina Lange, regia di Giuliano Zannier (15-16-17 \/ 22-23-24 novembre).<\/p>\n<p align=\"JUSTIFY\">Ancora un appuntamento con il divertimento con la Compagnia QUEI DE SCALA SANTA e la commedia brillante <em><strong>8 SETIMANE\u2026 <\/strong><\/em>testo e regia di Adriana Ravalico (29-30 novembre 1 \/ 6-7-8 dicembre).<\/p>\n<p><a href=\"http:\/\/imagazinevideotruck.it\/outlet\/relink.html\" target=\"_top\" rel=\"noopener\"><img loading=\"lazy\" decoding=\"async\" align=\"LEFT\" height=\"250\" src=\"http:\/\/imagazinevideotruck.it\/outlet\/outlet30.gif\" width=\"300\" alt=\"\" title=\"\"><\/a><\/p>\n<p align=\"JUSTIFY\">\u00a0<\/p>\n<p align=\"JUSTIFY\">\u00a0<\/p>\n<p align=\"JUSTIFY\">\u00a0<\/p>\n<p align=\"JUSTIFY\">\u00a0<\/p>\n<p align=\"JUSTIFY\">\u00a0<\/p>\n<p align=\"JUSTIFY\">\u00a0<\/p>\n<p align=\"JUSTIFY\">\u00a0<\/p>\n<p align=\"JUSTIFY\">\u00a0<\/p>\n<p align=\"JUSTIFY\">\u00a0<\/p>\n<p align=\"JUSTIFY\">A inizio 2020 ritorner\u00e0 al teatro di via Ananian la Compagnia EX ALLIEVI DEL TOTI con <em><strong>LE NOZE DE VIRGINIA <\/strong><\/em><em>da \u201cEcco la Sposa\u201d <\/em>di Ray Cooney e John Chapman, traduzione di Maria Teresa Petruzzi (per gentile concessione della MTP Concessionari Associati S.r.l. \u2013 Roma), adattamento in dialetto triestino di Roberto Tramontini, regia di Paolo Dalfovo (17-18-19 \/ 24-25-26 gennaio).<\/p>\n<p align=\"JUSTIFY\">A seguire la Compagnia TUTTO FA BRODUEI con lo spettacolo musicale <em><strong>SIGNORI, EL DELITO XE SERVIDO! <\/strong><\/em>ispirato al film \u201c<em>Clue<\/em>\u201d di Jonathan Lynn, adattamento e regia di Stefano Volo &#038; Laura Vicenzotti<strong> (presentato eccezionalmente per tre turni di repliche <\/strong>31 gennaio 1-2 \/ 7-8-9 \/ 15-16 febbraio, gli abbonati a turno libero avranno possibilit\u00e0 di scegliere anche la terza settimana).<\/p>\n<p align=\"JUSTIFY\">Ritorna sul palco del \u201cSilvio Pellico\u201d la Compagnia I ZERCANOME con una commedia <em><strong>fuori abbonamento<\/strong><\/em> intitolata <em><strong>PAPACI, CARO PAPACI <\/strong><\/em>di Gianfranco Gabrielli, regia di Luciano Volpi (28-29 febbraio 1 \/ 6-7-8 marzo).<\/p>\n<p align=\"JUSTIFY\">La stagione de L\u2019ARMONIA proseguir\u00e0 con la COMPAGNIA DEI GIOVANI e la divertente <em><strong>TUTI OGI?!? <\/strong><\/em>da <em>\u201cTom, Dick e Harry\u201d<\/em> di Ray e Michael Cooney, traduzione di Maria Teresa Petruzzi (per gentile concessione della MTP Concessionari Associati S.r.l. \u2013 Roma) adattamento in dialetto triestino di Agostino Tommasi, regia di Julian Sgherla (13-14-15 \/ 20-21-22 marzo).<\/p>\n<p align=\"JUSTIFY\">L\u2019ultimo spettacolo in abbonamento, per il sesto anno consecutivo, sar\u00e0 <strong>offerto agli abbonati da BANCA MEDIOLANUM.<\/strong> Verr\u00e0 allestito tradizionalmente dalla Compagnia de L\u2019ARMONIA che presenter\u00e0 <em><strong>MISM<\/strong><\/em><em><strong>\u00e0<\/strong><\/em><em><strong>S<\/strong><\/em> da \u201cCanc\u00fan\u201d di Jordi Galcer\u00e1n, adattamento in dialetto triestino e regia di Riccardo Fortuna (27-28-29 marzo \/ 3-4-5 aprile).<\/p>\n<p align=\"JUSTIFY\">Il programma non si esaurisce qui, dopo Pasqua, i giorni 17-18-19 aprile ci sar\u00e0 il secondo <em><strong>fuori abbonamento<\/strong><\/em>. Sar\u00e0 ospite della Stagione la Compagnia FARITEATRO con uno spettacolo musicale a tema religioso: <strong>MADRE TERESA il musical <\/strong>di Michele Paulicelli e Pietro Castellacci, responsabile del canto Massimo Cefal\u00f9, coreografie di Mara Rubieri, regia di Alessandro Predonzan.<\/p>\n<p align=\"JUSTIFY\">A illustrare il programma della stagione sono intervenuti l\u2019assessore comunale ai Teatri, <strong>Serena Tonel,<\/strong> e i vicepresidenti de L\u2019Armonia, <strong>Paolo Dalfovo<\/strong> e <strong>Giorgio Fonn,<\/strong> con <strong>Sabrina Censky Gojak<\/strong>, per la F.I.T.A.-U.I.L.T. FVG.<\/p>\n","protected":false},"excerpt":{"rendered":"<p>Presentata la stagione de &#8220;L&#8217;Armonia&#8221;<\/p>\n","protected":false},"author":28,"featured_media":29998,"comment_status":"closed","ping_status":"closed","sticky":false,"template":"","format":"standard","meta":{"dwc-title":[],"dwc-content":[],"footnotes":""},"categories":[37],"tags":[],"class_list":["post-29997","post","type-post","status-publish","format-standard","has-post-thumbnail","hentry","category-cultura-e-spettacolo"],"rttpg_featured_image_url":{"full":["https:\/\/imagazine.it\/wp-content\/uploads\/2024\/01\/30856-1.webp",750,489,false],"landscape":["https:\/\/imagazine.it\/wp-content\/uploads\/2024\/01\/30856-1.webp",750,489,false],"portraits":["https:\/\/imagazine.it\/wp-content\/uploads\/2024\/01\/30856-1.webp",750,489,false],"thumbnail":["https:\/\/imagazine.it\/wp-content\/uploads\/2024\/01\/30856-1-150x150.webp",150,150,true],"medium":["https:\/\/imagazine.it\/wp-content\/uploads\/2024\/01\/30856-1-300x196.webp",300,196,true],"large":["https:\/\/imagazine.it\/wp-content\/uploads\/2024\/01\/30856-1.webp",640,417,false],"thumblist":["https:\/\/imagazine.it\/wp-content\/uploads\/2024\/01\/30856-1.webp",300,196,false],"thumbrelated":["https:\/\/imagazine.it\/wp-content\/uploads\/2024\/01\/30856-1.webp",500,326,false],"meccarouselthumb":["https:\/\/imagazine.it\/wp-content\/uploads\/2024\/01\/30856-1.webp",474,309,false],"gridsquare":["https:\/\/imagazine.it\/wp-content\/uploads\/2024\/01\/30856-1.webp",391,255,false],"tileview":["https:\/\/imagazine.it\/wp-content\/uploads\/2024\/01\/30856-1.webp",300,196,false],"1536x1536":["https:\/\/imagazine.it\/wp-content\/uploads\/2024\/01\/30856-1.webp",750,489,false],"2048x2048":["https:\/\/imagazine.it\/wp-content\/uploads\/2024\/01\/30856-1.webp",750,489,false],"newsup-slider-full":["https:\/\/imagazine.it\/wp-content\/uploads\/2024\/01\/30856-1.webp",750,489,false],"newsup-featured":["https:\/\/imagazine.it\/wp-content\/uploads\/2024\/01\/30856-1.webp",750,489,false],"newsup-medium":["https:\/\/imagazine.it\/wp-content\/uploads\/2024\/01\/30856-1-720x380.webp",720,380,true],"tptn_thumbnail":["https:\/\/imagazine.it\/wp-content\/uploads\/2024\/01\/30856-1.webp",250,163,false],"sow-carousel-default":["https:\/\/imagazine.it\/wp-content\/uploads\/2024\/01\/30856-1-272x182.webp",272,182,true]},"rttpg_author":{"display_name":"redazione","author_link":"https:\/\/imagazine.it\/home_desk\/author\/redazione\/"},"rttpg_comment":0,"rttpg_category":"<a href=\"https:\/\/imagazine.it\/home_desk\/category\/cultura-e-spettacolo\/\" rel=\"category tag\">CULTURA&amp;SPETTACOLO<\/a>","rttpg_excerpt":"Presentata la stagione de \"L'Armonia\"","_links":{"self":[{"href":"https:\/\/imagazine.it\/home_desk\/wp-json\/wp\/v2\/posts\/29997","targetHints":{"allow":["GET"]}}],"collection":[{"href":"https:\/\/imagazine.it\/home_desk\/wp-json\/wp\/v2\/posts"}],"about":[{"href":"https:\/\/imagazine.it\/home_desk\/wp-json\/wp\/v2\/types\/post"}],"author":[{"embeddable":true,"href":"https:\/\/imagazine.it\/home_desk\/wp-json\/wp\/v2\/users\/28"}],"replies":[{"embeddable":true,"href":"https:\/\/imagazine.it\/home_desk\/wp-json\/wp\/v2\/comments?post=29997"}],"version-history":[{"count":0,"href":"https:\/\/imagazine.it\/home_desk\/wp-json\/wp\/v2\/posts\/29997\/revisions"}],"wp:featuredmedia":[{"embeddable":true,"href":"https:\/\/imagazine.it\/home_desk\/wp-json\/wp\/v2\/media\/29998"}],"wp:attachment":[{"href":"https:\/\/imagazine.it\/home_desk\/wp-json\/wp\/v2\/media?parent=29997"}],"wp:term":[{"taxonomy":"category","embeddable":true,"href":"https:\/\/imagazine.it\/home_desk\/wp-json\/wp\/v2\/categories?post=29997"},{"taxonomy":"post_tag","embeddable":true,"href":"https:\/\/imagazine.it\/home_desk\/wp-json\/wp\/v2\/tags?post=29997"}],"curies":[{"name":"wp","href":"https:\/\/api.w.org\/{rel}","templated":true}]}}