{"id":29971,"date":"2019-08-23T00:00:00","date_gmt":"2019-08-22T23:00:00","guid":{"rendered":"https:\/\/imagazine.it\/?p=29971"},"modified":"2019-08-23T00:00:00","modified_gmt":"2019-08-22T23:00:00","slug":"trieste-stregata-dallo-sguardo-di-mary-nolan","status":"publish","type":"post","link":"https:\/\/imagazine.it\/home_desk\/trieste-stregata-dallo-sguardo-di-mary-nolan\/","title":{"rendered":"Trieste stregata dallo sguardo di Mary Nolan"},"content":{"rendered":"<p>Ha il volto e la presenza carismatica di <strong>Mary Nolan<\/strong>, diva degli anni \u201930, l\u2019icona della XVIII edizione de <em>I Mille Occhi<\/em>, Festival del Cinema e delle Arti, in programma dal 13 al 18 settembre al Teatro Miela a Trieste.<\/p>\n<p>Ogni anno <em>I Mille Occhi<\/em> sceglie una figura emblematica, che possa trasmettere la fascinazione per il cinema: nel 2019 l\u2019icona \u00e8 Mary Nolan in una foto di scena del film di Tod Browning\u00a0<em>Outside The Law\u00a0<\/em>(1930), che concentra sensazioni e sentimenti, unisce magnetismo e presenza fisica e attoriale insieme a una componente orrorifica e un grande fascino femminile. E questa icona \u00e8 anche una sfida al destino di quest&#39;attrice, che come un&#39;eroina ante litteram del #MeToo denunci\u00f2 un produttore per maltrattamenti e si gioc\u00f2 cos\u00ec la carriera nel cinema.<\/p>\n<p>Il festival internazionale del cinema e delle arti <em>I Mille Occhi<\/em> si realizzer\u00e0 &#8211; in una XVIII edizione dal titolo rosselliniano\u00a0<em>La Macchina Ammazzacattivi<\/em>\u00a0&#8211; grazie all&#39;Associazione Anno Uno.<\/p>\n<p>I percorsi del festival, 11 quest\u2019anno, sono il frutto di diverse partnership: in primis quella con la Cineteca del Friuli, archivio regionale di rilievo internazionale, ma anche gli ulteriori archivi cinematografici nazionali partecipano alla ricerca del direttivo del festival: il Centro Sperimentale di Cinematografia \u2013 Cineteca Nazionale di Roma, il Museo Nazionale del Cinema di Torino, la Cineteca Italiana di Milano e la Cineteca di Bologna, insieme ad altri archivi e istituzioni italiani ed europei.<\/p>\n<p><em>I Mille Occhi<\/em>, tra le prime anticipazioni, annuncia la personale completa dedicata al documentarista\u00a0<strong>Franco Piavoli<\/strong>. Il\u00a0regista de\u00a0<em>Il Pianeta Azzurro<\/em>\u00a0(1982) &#8211; un capolavoro come lo defin\u00ec Tarkovskij &#8211; sar\u00e0 a Trieste con le copie originali dei suoi film e terr\u00e0 un incontro-lezione coordinato da <strong>Cecilia Ermini<\/strong>. Al regista verr\u00e0 anche consegnato il\u00a0<strong><em>Premio Anno Uno<\/em><\/strong>, unico riconoscimento del Festival a un preminente cineasta del nostro tempo.<\/p>\n<p>Oltre a questa prima anticipazione, il direttore artistico\u00a0<strong>Sergio M. Grmek Germani\u00a0<\/strong>annuncia anche la proiezione di una delle pi\u00f9 belle produzioni girate nel Friuli Venezia Giulia:\u00a0<em>Maria Zef<\/em>\u00a0(1981) di\u00a0<strong>Vittorio Cottafavi<\/strong>. Il film, recentemente restaurato\u00a0dal Museo Nazionale del Cinema di Torino insieme alla Cineteca del Friuli, verr\u00e0 proiettato nell&#39;originale formato in copia 35mm\u00a0subito dopo essere presentato in file digitale alla Biennale del Cinema a Venezia,\u00a0ci\u00f2 in linea con la scelta generale del festival di proiettare i film sempre nel loro formato originale: digitale quando nati in digitale, in pellicola quando nati in pellicola. La proiezione a <em>I Mille Occhi<\/em> sar\u00e0 in coordinamento con il Museo Nazionale del Cinema di Torino e la Cineteca del Friuli.<\/p>\n<p><a href=\"http:\/\/imagazinevideotruck.it\/outlet\/relink.html\" target=\"_top\" rel=\"noopener\"><img loading=\"lazy\" decoding=\"async\" align=\"LEFT\" height=\"250\" src=\"http:\/\/imagazinevideotruck.it\/outlet\/outlet30.gif\" width=\"300\" alt=\"\" title=\"\"><\/a><\/p>\n<p>\u00a0<\/p>\n<p>\u00a0<\/p>\n<p>\u00a0<\/p>\n<p>\u00a0<\/p>\n<p>\u00a0<\/p>\n<p>\u00a0<\/p>\n<p>\u00a0<\/p>\n<p>\u00a0<\/p>\n<p>\u00a0<\/p>\n<p>Altra presenza annunciata \u00e8 quella del regista austriaco\u00a0<strong>Peter Schreiner<\/strong>\u00a0con il suo sguardo sui popoli e paesi italiani a cui il critico\u00a0<strong>Olaf M\u00f6ller<\/strong>\u00a0sta dedicando una rassegna personale completa a Vienna. Entrambi, regista e curatore, saranno presenti a Trieste e accompagneranno la proiezione de\u00a0<em>I Cimbri<\/em>\u00a0e\u00a0<em>Bellavista.<\/em><\/p>\n<p>Ulteriore tassello di questa XVIII edizione sar\u00e0 l\u2019incontro con la giornalista e critica cinematografica\u00a0<strong>Marina Silvestri<\/strong>\u00a0che a Trieste presenter\u00e0 la sua indagine su Anna Gruber, segretaria di edizione dei tre film del percorso\u00a0<strong><em>Germogli<\/em>, <em>Il trittico lacerato di Pietro Germi<\/em><\/strong><em>\u00a0&#8211; Il ferroviere, L&#39;uomo di paglia, Un maledetto imbroglio &#8211;\u00a0<\/em>oltre a\u00a0un&#39;anticipazione del suo volume sui progetti cinematografici irrealizzati di Linuccia Saba<em>,\u00a0<\/em>figlia del noto poeta triestino.<\/p>\n<p>E tra le prime anticipazioni viene annunciato anche il\u00a0<strong>Piccolo omaggio al grande genio di Laurel &#038; Hardy\u00a0<\/strong>con alcune delle loro pellicole pi\u00f9 esilaranti nel doppiaggio italiano di Zambuto &#038; Sordi.<\/p>\n","protected":false},"excerpt":{"rendered":"<p>Torna &#8220;I Mille Occhi&#8221;<\/p>\n","protected":false},"author":28,"featured_media":29972,"comment_status":"closed","ping_status":"closed","sticky":false,"template":"","format":"standard","meta":{"dwc-title":[],"dwc-content":[],"footnotes":""},"categories":[37],"tags":[],"class_list":["post-29971","post","type-post","status-publish","format-standard","has-post-thumbnail","hentry","category-cultura-e-spettacolo"],"rttpg_featured_image_url":{"full":["https:\/\/imagazine.it\/wp-content\/uploads\/2024\/01\/30766-1.webp",750,587,false],"landscape":["https:\/\/imagazine.it\/wp-content\/uploads\/2024\/01\/30766-1.webp",750,587,false],"portraits":["https:\/\/imagazine.it\/wp-content\/uploads\/2024\/01\/30766-1.webp",750,587,false],"thumbnail":["https:\/\/imagazine.it\/wp-content\/uploads\/2024\/01\/30766-1-150x150.webp",150,150,true],"medium":["https:\/\/imagazine.it\/wp-content\/uploads\/2024\/01\/30766-1-300x235.webp",300,235,true],"large":["https:\/\/imagazine.it\/wp-content\/uploads\/2024\/01\/30766-1.webp",640,501,false],"thumblist":["https:\/\/imagazine.it\/wp-content\/uploads\/2024\/01\/30766-1.webp",300,235,false],"thumbrelated":["https:\/\/imagazine.it\/wp-content\/uploads\/2024\/01\/30766-1.webp",500,391,false],"meccarouselthumb":["https:\/\/imagazine.it\/wp-content\/uploads\/2024\/01\/30766-1.webp",414,324,false],"gridsquare":["https:\/\/imagazine.it\/wp-content\/uploads\/2024\/01\/30766-1.webp",332,260,false],"tileview":["https:\/\/imagazine.it\/wp-content\/uploads\/2024\/01\/30766-1.webp",300,235,false],"1536x1536":["https:\/\/imagazine.it\/wp-content\/uploads\/2024\/01\/30766-1.webp",750,587,false],"2048x2048":["https:\/\/imagazine.it\/wp-content\/uploads\/2024\/01\/30766-1.webp",750,587,false],"newsup-slider-full":["https:\/\/imagazine.it\/wp-content\/uploads\/2024\/01\/30766-1.webp",750,587,false],"newsup-featured":["https:\/\/imagazine.it\/wp-content\/uploads\/2024\/01\/30766-1.webp",750,587,false],"newsup-medium":["https:\/\/imagazine.it\/wp-content\/uploads\/2024\/01\/30766-1-720x380.webp",720,380,true],"tptn_thumbnail":["https:\/\/imagazine.it\/wp-content\/uploads\/2024\/01\/30766-1.webp",250,196,false],"sow-carousel-default":["https:\/\/imagazine.it\/wp-content\/uploads\/2024\/01\/30766-1-272x182.webp",272,182,true]},"rttpg_author":{"display_name":"redazione","author_link":"https:\/\/imagazine.it\/home_desk\/author\/redazione\/"},"rttpg_comment":0,"rttpg_category":"<a href=\"https:\/\/imagazine.it\/home_desk\/category\/cultura-e-spettacolo\/\" rel=\"category tag\">CULTURA&amp;SPETTACOLO<\/a>","rttpg_excerpt":"Torna \"I Mille Occhi\"","_links":{"self":[{"href":"https:\/\/imagazine.it\/home_desk\/wp-json\/wp\/v2\/posts\/29971","targetHints":{"allow":["GET"]}}],"collection":[{"href":"https:\/\/imagazine.it\/home_desk\/wp-json\/wp\/v2\/posts"}],"about":[{"href":"https:\/\/imagazine.it\/home_desk\/wp-json\/wp\/v2\/types\/post"}],"author":[{"embeddable":true,"href":"https:\/\/imagazine.it\/home_desk\/wp-json\/wp\/v2\/users\/28"}],"replies":[{"embeddable":true,"href":"https:\/\/imagazine.it\/home_desk\/wp-json\/wp\/v2\/comments?post=29971"}],"version-history":[{"count":0,"href":"https:\/\/imagazine.it\/home_desk\/wp-json\/wp\/v2\/posts\/29971\/revisions"}],"wp:featuredmedia":[{"embeddable":true,"href":"https:\/\/imagazine.it\/home_desk\/wp-json\/wp\/v2\/media\/29972"}],"wp:attachment":[{"href":"https:\/\/imagazine.it\/home_desk\/wp-json\/wp\/v2\/media?parent=29971"}],"wp:term":[{"taxonomy":"category","embeddable":true,"href":"https:\/\/imagazine.it\/home_desk\/wp-json\/wp\/v2\/categories?post=29971"},{"taxonomy":"post_tag","embeddable":true,"href":"https:\/\/imagazine.it\/home_desk\/wp-json\/wp\/v2\/tags?post=29971"}],"curies":[{"name":"wp","href":"https:\/\/api.w.org\/{rel}","templated":true}]}}