{"id":29887,"date":"2019-07-25T00:00:00","date_gmt":"2019-07-24T23:00:00","guid":{"rendered":"https:\/\/imagazine.it\/?p=29887"},"modified":"2019-07-25T00:00:00","modified_gmt":"2019-07-24T23:00:00","slug":"da-barbana-al-lussari-per-le-sfide-dellautismo","status":"publish","type":"post","link":"https:\/\/imagazine.it\/home_desk\/da-barbana-al-lussari-per-le-sfide-dellautismo\/","title":{"rendered":"Da Barbana al Lussari per le sfide dell&#8217;autismo"},"content":{"rendered":"<p>Un cammino di 220 km, dal mare Adriatico alle Alpi Giulie, per sensibilizzare cittadini e istituzioni sulle sfide che, ogni giorno, affrontano le persone autistiche e le loro famiglie: <strong>Valentino Gregoris<\/strong>, artigiano di San Vito al Tagliamento, partir\u00e0 luned\u00ec 29 luglio dal santuario dell&#39;isola di Barbana a Grado per raggiungere, lungo il Cammino celeste che unisce luoghi di fede del Friuli Venezia Giulia, l&#39;8 agosto il santuario sul Monte Lussari a Tarvisio. Al suo fianco Friulovest Banca e Confartigianato Pordenone, oltre a una serie di altre aziende e Comuni che hanno dato il loro patrocinio al progetto \u201cAutismo Percorso di Vita\u201d<\/p>\n<p>Nella sede della banca, a San Giorgio della Richinvelda, si \u00e8 tenuta un momento informativo prima della partenza, con la consegna da parte di Gregoris a <strong>Lino Mian<\/strong>, presidente di Friulovest Banca, e a <strong>Silvano Pascolo<\/strong>, presidente di Confartigianato Pordenone, di un gagliardetto in mosaico realizzato dagli utenti dei laboratori curati dalla Fondazione Bambini Autismo. \u201cRealt\u00e0 \u2013 ha spiegato Gregoris \u2013 che vuole creare a Pordenone un centro per gestire le emergenze al quale le famiglie con figli autistici possano rivolgersi, come anche il nostro sogno \u00e8 quello che ogni Comune si doti di uno Sportello autismo per aiutare le famiglie su come affrontare la situazione gi\u00e0 dai primi tempi dopo la diagnosi\u201d.<\/p>\n<p>Diagnosi che, se realizzata in tempi rapidi, pu\u00f2 essere fondamentale per gestire nel miglior modo possibile l&#39;autismo. \u201cStiamo parlando \u2013 ha aggiunto Gregoris, anch&#39;egli genitore di un bambino autistico \u2013, secondo le pi\u00f9 recenti statistiche, di 1 caso ogni 68 nuovi nati e di questi casi 3 su 4 sono maschi. Tra i 6 mesi e i 2 anni di vita si pu\u00f2 gi\u00e0 capire da alcuni segnali se si \u00e8 di fronte a un caso di autismo. Ma spesso le famiglie non sanno cosa fare e a chi rivolgersi: questo racconter\u00f2 nel corso di ogni tappa del cammino nei paesi che toccher\u00f2. Grazie a Friulovest Banca e a Confartigianato che hanno capito l&#39;importanza del progetto\u201d.<\/p>\n<p>Insieme a degli accompagnatori e con una diretta social sulla pagina Facebook chiamata anch&#39;essa \u201cAutismo Percorso di Vita\u201d, affronter\u00e0 un dislivello positivo di 7 mila metri durante il cammino per una media di 20-30 km al giorno dandosi cos\u00ec anche il tempo di incontrare le persone lungo il viaggio per parlare di questa patologia.<\/p>\n<p>\u201cSiamo convinti \u2013 ha dichiarato Mian \u2013 nel sostenere questo progetto cos\u00ec importante, testimoniando ancora una volta come la nostra sia una banca attenta alle esigenze del territorio. L&#39;approccio alle malattie sta cambiando: pi\u00f9 informazione fa bene, per aiutare malati e loro famiglie nell&#39;approccio con gli altri nella vita quotidiana\u201d.<\/p>\n<p>\u201cGregoris \u00e8 un nostro associato \u2013 ha aggiunto Pascolo \u2013 ma il nostro sostegno va oltre questo fatto, \u00e8 un&#39;attenzione a un problema rilevante per le famiglie coinvolte e che meritano per questo la massima sensibilizzazione\u201d.<\/p>\n","protected":false},"excerpt":{"rendered":"<p>Percorso di 220 km<\/p>\n","protected":false},"author":28,"featured_media":29888,"comment_status":"closed","ping_status":"closed","sticky":false,"template":"","format":"standard","meta":{"dwc-title":[],"dwc-content":[],"footnotes":""},"categories":[5],"tags":[],"class_list":["post-29887","post","type-post","status-publish","format-standard","has-post-thumbnail","hentry","category-attualita"],"rttpg_featured_image_url":{"full":["https:\/\/imagazine.it\/wp-content\/uploads\/2024\/01\/30530-1.webp",750,508,false],"landscape":["https:\/\/imagazine.it\/wp-content\/uploads\/2024\/01\/30530-1.webp",750,508,false],"portraits":["https:\/\/imagazine.it\/wp-content\/uploads\/2024\/01\/30530-1.webp",750,508,false],"thumbnail":["https:\/\/imagazine.it\/wp-content\/uploads\/2024\/01\/30530-1-150x150.webp",150,150,true],"medium":["https:\/\/imagazine.it\/wp-content\/uploads\/2024\/01\/30530-1-300x203.webp",300,203,true],"large":["https:\/\/imagazine.it\/wp-content\/uploads\/2024\/01\/30530-1.webp",640,433,false],"thumblist":["https:\/\/imagazine.it\/wp-content\/uploads\/2024\/01\/30530-1.webp",300,203,false],"thumbrelated":["https:\/\/imagazine.it\/wp-content\/uploads\/2024\/01\/30530-1.webp",500,339,false],"meccarouselthumb":["https:\/\/imagazine.it\/wp-content\/uploads\/2024\/01\/30530-1.webp",474,321,false],"gridsquare":["https:\/\/imagazine.it\/wp-content\/uploads\/2024\/01\/30530-1.webp",384,260,false],"tileview":["https:\/\/imagazine.it\/wp-content\/uploads\/2024\/01\/30530-1.webp",300,203,false],"1536x1536":["https:\/\/imagazine.it\/wp-content\/uploads\/2024\/01\/30530-1.webp",750,508,false],"2048x2048":["https:\/\/imagazine.it\/wp-content\/uploads\/2024\/01\/30530-1.webp",750,508,false],"newsup-slider-full":["https:\/\/imagazine.it\/wp-content\/uploads\/2024\/01\/30530-1.webp",750,508,false],"newsup-featured":["https:\/\/imagazine.it\/wp-content\/uploads\/2024\/01\/30530-1.webp",750,508,false],"newsup-medium":["https:\/\/imagazine.it\/wp-content\/uploads\/2024\/01\/30530-1-720x380.webp",720,380,true],"tptn_thumbnail":["https:\/\/imagazine.it\/wp-content\/uploads\/2024\/01\/30530-1.webp",250,169,false],"sow-carousel-default":["https:\/\/imagazine.it\/wp-content\/uploads\/2024\/01\/30530-1-272x182.webp",272,182,true]},"rttpg_author":{"display_name":"redazione","author_link":"https:\/\/imagazine.it\/home_desk\/author\/redazione\/"},"rttpg_comment":0,"rttpg_category":"<a href=\"https:\/\/imagazine.it\/home_desk\/category\/attualita\/\" rel=\"category tag\">ATTUALIT\u00c0<\/a>","rttpg_excerpt":"Percorso di 220 km","_links":{"self":[{"href":"https:\/\/imagazine.it\/home_desk\/wp-json\/wp\/v2\/posts\/29887","targetHints":{"allow":["GET"]}}],"collection":[{"href":"https:\/\/imagazine.it\/home_desk\/wp-json\/wp\/v2\/posts"}],"about":[{"href":"https:\/\/imagazine.it\/home_desk\/wp-json\/wp\/v2\/types\/post"}],"author":[{"embeddable":true,"href":"https:\/\/imagazine.it\/home_desk\/wp-json\/wp\/v2\/users\/28"}],"replies":[{"embeddable":true,"href":"https:\/\/imagazine.it\/home_desk\/wp-json\/wp\/v2\/comments?post=29887"}],"version-history":[{"count":0,"href":"https:\/\/imagazine.it\/home_desk\/wp-json\/wp\/v2\/posts\/29887\/revisions"}],"wp:featuredmedia":[{"embeddable":true,"href":"https:\/\/imagazine.it\/home_desk\/wp-json\/wp\/v2\/media\/29888"}],"wp:attachment":[{"href":"https:\/\/imagazine.it\/home_desk\/wp-json\/wp\/v2\/media?parent=29887"}],"wp:term":[{"taxonomy":"category","embeddable":true,"href":"https:\/\/imagazine.it\/home_desk\/wp-json\/wp\/v2\/categories?post=29887"},{"taxonomy":"post_tag","embeddable":true,"href":"https:\/\/imagazine.it\/home_desk\/wp-json\/wp\/v2\/tags?post=29887"}],"curies":[{"name":"wp","href":"https:\/\/api.w.org\/{rel}","templated":true}]}}