{"id":29885,"date":"2019-07-23T00:00:00","date_gmt":"2019-07-22T23:00:00","guid":{"rendered":"https:\/\/imagazine.it\/?p=29885"},"modified":"2019-07-23T00:00:00","modified_gmt":"2019-07-22T23:00:00","slug":"il-potere-della-parola-2","status":"publish","type":"post","link":"https:\/\/imagazine.it\/home_desk\/il-potere-della-parola-2\/","title":{"rendered":"Il potere della parola"},"content":{"rendered":"<p><strong>Pacifico, il 27 luglio arriva in Friuli con il suo nuovo tour (<u><a href=\"http:\/\/www.imagazine.it\/eventi\/pacifico\" target=\"_blank\" rel=\"noopener\">guarda i dettagli del concerto<\/a><\/u>) partito lo scorso marzo: che esperienza \u00e8 stata finora?<\/strong><\/p>\n<p>\u201cBellissima. Sono stati concerti pieni di energia e imprevedibilit\u00e0, spesso fuori dal mio controllo. All&#39;inizio ero un po&#39; rigido, ora mi diverto ogni sera\u201d.<\/p>\n<p><strong>Il tour \u201cBastasse il cielo\u201d prende il nome dall\u2019omonimo album di inediti. Perch\u00e9 al giorno d\u2019oggi nelle nostre vite il cielo non basta pi\u00f9?<\/strong><\/p>\n<p>\u201cPer molti basta, e ognuno deve tenersi stretti i suoi appigli. Io non faccio affidamento sul cielo, anche se spesso all&#39;oscurit\u00e0 indirizzo speranze o desideri. Ma questo mi costringe a guardarmi intorno, a vedere cosa ho costruito, a capire il valore di cose anche minuscole che mi sono necessarie per andare avanti\u201d.<\/p>\n<p><strong>Tra i brani presenti nel nuovo album a quale \u00e8 pi\u00f9 affezionato? <\/strong><\/p>\n<p>\u201cNessuno in particolare. Ho scritto molte pi\u00f9 canzoni delle dieci incluse, quindi quelle che ci sono le preferite\u201d.<\/p>\n<p><strong>Lei ha scritto testi per grandi cantanti italiani. Qual \u00e8 la differenza tra scrivere brani per gli altri e scriverli per s\u00e9 stessi?<\/strong><\/p>\n<p>\u201cGeneralizzando, scrivendo per s\u00e9 stessi \u00e8 difficile, se non proprio inutile, sfuggire alla sincerit\u00e0, anche quando \u00e8 feroce. Per gli altri non si tratta di mentire, ma si tratta di ritrarre, di capire quali sono le note e le parole per quell&#39;artista in quel momento della sua vita e carriera\u201d.\u00a0<\/p>\n<p><strong>Da anni lei vive a Parigi: visto dalla Francia, come valuta lo stato di salute della musica italiana?<\/strong><\/p>\n<p>\u201cI ragazzi si chiudono in camera a suonare, come sempre, quella spinta non pu\u00f2 esaurirsi. Ma il mercato \u00e8 minuscolo, e questo diminuisce gli investimenti e aumenta la pretesa di radio e discografici di ricevere proposte musicali simili\u201d.\u00a0<\/p>\n<p><strong>I suoi testi sono autentiche poesie; nel panorama attuale in cui <em>rap<\/em> e <em>trap<\/em> spadroneggiano tra le nuove generazioni, un artista della parola come Pacifico come si sente?<\/strong><\/p>\n<p>\u201cIl rap \u00e8 parola e ritmo. E alcuni di quei testi sono belli e sorprendenti. La differenza sta nei codici, nell&#39;et\u00e0 di chi scrive e di chi si riconosce ascoltando. Ma conosco, da ascoltatore e da autore, il potere della parola, di come pu\u00f2 toccare persone diverse per et\u00e0 e estrazione. Quindi non mi sento confuso, sento che la scrittura serve ancora\u201d.<\/p>\n<p><strong>Che cos\u2019\u00e8 per lei la musica?<\/strong><\/p>\n<p>\u201cLa musica \u00e8 la compagna di una vita. Mi ha cresciuto, mi ha tenuto compagnia di notte mentre smaniavo per diventar grande. Ma forse oggi la scrittura, la parola, \u00e8 la mia vera scialuppa\u201d.\u00a0<\/p>\n<p><strong>Il dottor Pacifico si \u00e8 laureato in Scienze Politiche. Oggi molti giovanotti nemmeno ventenni si ritrovano nei primi posti delle classifiche di gradimento con testi spesso ripetitivi nei contenuti. C\u2019\u00e8 ancora spazio per la cultura nella musica?<\/strong><\/p>\n<p>\u201cIo sono laureato ma sono un pozzo di ignoranza rispetto a molti amici che ho, veri intellettuali. Ho una formazione culturale traballante &#8211; ragioneria e Scienze politiche &#8211; e gli sfondoni sono sempre dietro l&#39;angolo. Ma scrivere \u00e8 un istinto che precede l&#39;acculturamento. Io da bimbo, pi\u00f9 che dai pistoleri,\u00a0ero attratto dai gentiluomini delle commedie americane che parlavano perfettamente. Quindi non so se la canzone ha bisogno necessariamente di cultura. So per\u00f2 che ha bisogno di applicazione, bisogna scriverne a centinaia per trovarne una decente\u201d.<\/p>\n<p><strong>\u201cBastasse il cielo\u201d \u00e8 il sesto album della sua carriera: a suo avviso quali sono le differenze principali con i cinque precedenti?<\/strong><\/p>\n<p>\u201cA me sembra simile al primo, come se lo avesse recuperato in certi sentimenti; ma suonato con maturit\u00e0, con esperienza e delicatezza\u201d.<\/p>\n<p><strong>Dopo la conclusione di questo tour quali saranno i futuri impegni per Pacifico?<\/strong><\/p>\n<p>\u201cSempre la scrittura, canzoni, monologhi, spettacoli teatrali\u201d.<\/p>\n<p>\u00a0<\/p>\n<p>\u00a0<\/p>\n<p>Biografia<\/p>\n<p>Gino De Crescenzo nasce a Milano la sera del 5 marzo 1964. Dopo il diploma di ragioneria, si laurea in scienze politiche. Musicista autodidatta, suona la chitarra e il pianoforte. Esplora fin da giovane diversi stili musicali unendosi a formazioni fusion, jazz e rock. Nel 1989 fonda con Luca Gemma i Rossomaltese, coi quali pubblica due album, \u201cSantantonio\u201d e \u201cMosche libere\u201d.<\/p>\n<p>Nel 1999 collabora con la regista Roberta Torre alla composizione della colonna sonora del musical cinematografico Sud Side Stori e dello spettacolo teatrale \u201cInvece che all\u2019una alle due\u201d al Teatro Stabile di Catania.<\/p>\n<p>Successivamente incide un demo, grazie al quale il produttore artistico Paolo Iafelice (gi\u00e0 collaboratore di Fabrizio De Andr\u00e9 e Vinicio Capossela) lo convince a cantare i brani in prima persona. Adotta quindi il nome d\u2019arte Pacifico e nel 2001 pubblica l\u2019omonimo album d\u2019esordio \u201cPacifico\u201d, che gli varr\u00e0 la targa Tenco<\/p>\n<p>come Migliore opera prima, il Premio Grinzane Cavour per il testo del brano \u201cLe mie parole\u201d, il Premio del\u00a0critico al P.I.M. (Premio Italiano della Musica) nel 2002. Intraprende quindi un tour estivo e si esibisce in\u00a0apertura di numerosi artisti italiani e stranieri.<\/p>\n<p>Lo stesso anno, Adriano Celentano gli affida il testo del brano \u201cI passi che facciamo\u201d, dall\u2019album \u201cPer\u00a0sempre\u201d.\u00a0A cavallo fra il 2002 e il 2003 il suo nuovo singolo \u201cFine fine\u201d resiste per dieci settimane consecutive fra i\u00a0dischi pi\u00f9 venduti e per quattro mesi fra le cinquanta canzoni pi\u00f9 trasmesse dalle radio. Il video omonimo\u00a0va in alta rotazione sulle principali emittenti musicali.\u00a0Nel 2003 \u00e8 presente nella colonna sonora del film \u201cRicordati di me\u201d di Gabriele Muccino con le canzoni \u201cIl\u00a0faraone\u201d e \u201cRicordati di me\u201d, con la quale si aggiudica una nomination ai Nastri d\u2019Argento nella categoria\u00a0Miglior canzone. Lo stesso anno partecipa al tour di Samuele Bersani come ospite speciale.<\/p>\n<p>Nell\u2019estate dello stesso anno, il video del suo brano \u201cGli occhi al cielo\u201d, per la regia di Frankie HI-NRG MC\u00a0e Laura Chiossone, si aggiudica il Premio videoclip italiano 2003 come Migliore realizzazione indipendente\u00a0ad alto budget. Il sodalizio fra i due artisti prosegue nell\u2019album \u201cEro un autarchico\u201d di Frankie HI-NRG MC,\u00a0che duetta con Pacifico nel brano \u201cAnima nera\u201d.<\/p>\n<p>Nel\u00a0 2004 partecipa per la prima volta al festival di Sanremo con il brano \u201cSolo un sogno\u201d, che si aggiudica il\u00a0premio della Critica. Il brano anticipa l\u2019uscita di \u201cMusica Leggera\u201d, secondo album che vede tra gli ospiti\u00a0Ivano Fossati nel brano \u201cA poche ore\u201d.\u00a0Il 27 gennaio 2006 esce il terzo album, \u201cDolci frutti tropicali\u201d, lanciato dal singolo \u201cDal giardino tropicale\u201d.\u00a0All\u2019album collaborano diversi artisti, tra cui Samuele Bersani nel brano \u201cDa qui\u201d, Petra Magoni nel brano\u00a0\u201cCaff\u00e8\u201d e il trombettista Roy Paci nel brano \u201cL\u2019altalena\u201d. La copertina \u00e8 opera di Tanino Liberatore, grande\u00a0fumettista tra i fondatori di Frigidaire.<\/p>\n<p>Nel 2007 partecipa alla trasmissione di Fabio Volo, \u201cItalo-Francese\u201d in onda su MTV da Montmartre,\u00a0eseguendo l\u2019accompagnamento musicale live nel corso di tutte le puntate.\u00a0Il 16 gennaio 2009 esce il quarto album, \u201cDentro ogni casa\u201d, anticipato dal singolo \u201cTu che sei parte di me\u201d\u00a0uscito il 28 novembre 2008. L\u2019album vede la partecipazione di Gianna Nannini nel brano \u201cTu che sei parte\u00a0di me\u201d, di Malika Ayane nel brano \u201cVerr\u00e0 l\u2019estate\u201d, di Amedeo Pace dei Blonde Redhead alla chitarra nel brano \u201cSpiccioli\u201d e dell\u2019attore Fabrizio Gifuni in \u201cDentro ogni casa\u201d. L\u201911 settembre 2009 esce su iTunes il singolo \u201cBoxe a Milano\u201d, dedicato al mondo della boxe degli anni\u00a0cinquanta nel quale \u00e8 possibile udire in sottofondo la voce narrante di Ottavio Tazzi.<\/p>\n<p>Pacifico scrive per i pi\u00f9 importanti artisti italiani. Per Gianna Nannini, con la quale firma tutti gli ultimi\u00a0successi (\u201cSei nell\u2019anima\u201d, \u201cSuicidio d\u2019amore\u201d, \u201cSalvami\u201d, \u201cInno\u201d, \u201cIn the rain\u201d), per Adriano Celentano (\u201cTi penso e cambia il mondo\u201d), per Andrea Bocelli (\u201cBellissime stelle\u201d), per Gianni Morandi (\u201cStringimi le mani\u201d\u00a0e \u201cBisogna Vivere\u201d), per Zucchero (\u201cOltre le rive\u201d), per Malika Ayane (\u201cRicomincio da qui\u201d, \u201cControvento\u201d e\u00a0altre), per Fiorella Mannoia, Raf, Musica Nuda, Noemi, Nina Zilli, Antonello Venditti.<\/p>\n<p>Il 27 marzo 2012 esce il quinto album in studio, \u201cUna voce non basta\u201d. Anticipato in radio dal singolo\u00a0\u201cL\u2019unica cosa che resta\u201d, scritto ed interpretato dal cantautore in duetto con Malika Ayane, il cd comprende 14 duetti con: N.A.N.O, Cristina Marocco, Musica Nuda, Francesco Bianconi, Dakota days, Raiz,\u00a0Manupuma, Ana Moura, Samuele Bersani, Bud Spencer Bluex Explosion\/Frankie Hi NRG, Cristina Don\u00e0 e\u00a0Manuel Agnelli.<\/p>\n","protected":false},"excerpt":{"rendered":"<p>Intervista a Pacifico<\/p>\n","protected":false},"author":22,"featured_media":29886,"comment_status":"closed","ping_status":"closed","sticky":false,"template":"","format":"standard","meta":{"dwc-title":[],"dwc-content":[],"footnotes":""},"categories":[37],"tags":[],"class_list":["post-29885","post","type-post","status-publish","format-standard","has-post-thumbnail","hentry","category-cultura-e-spettacolo"],"rttpg_featured_image_url":{"full":["https:\/\/imagazine.it\/wp-content\/uploads\/2024\/01\/30527-1.webp",750,500,false],"landscape":["https:\/\/imagazine.it\/wp-content\/uploads\/2024\/01\/30527-1.webp",750,500,false],"portraits":["https:\/\/imagazine.it\/wp-content\/uploads\/2024\/01\/30527-1.webp",750,500,false],"thumbnail":["https:\/\/imagazine.it\/wp-content\/uploads\/2024\/01\/30527-1-150x150.webp",150,150,true],"medium":["https:\/\/imagazine.it\/wp-content\/uploads\/2024\/01\/30527-1-300x200.webp",300,200,true],"large":["https:\/\/imagazine.it\/wp-content\/uploads\/2024\/01\/30527-1.webp",640,427,false],"thumblist":["https:\/\/imagazine.it\/wp-content\/uploads\/2024\/01\/30527-1.webp",300,200,false],"thumbrelated":["https:\/\/imagazine.it\/wp-content\/uploads\/2024\/01\/30527-1.webp",500,333,false],"meccarouselthumb":["https:\/\/imagazine.it\/wp-content\/uploads\/2024\/01\/30527-1.webp",474,316,false],"gridsquare":["https:\/\/imagazine.it\/wp-content\/uploads\/2024\/01\/30527-1.webp",391,260,false],"tileview":["https:\/\/imagazine.it\/wp-content\/uploads\/2024\/01\/30527-1.webp",300,200,false],"1536x1536":["https:\/\/imagazine.it\/wp-content\/uploads\/2024\/01\/30527-1.webp",750,500,false],"2048x2048":["https:\/\/imagazine.it\/wp-content\/uploads\/2024\/01\/30527-1.webp",750,500,false],"newsup-slider-full":["https:\/\/imagazine.it\/wp-content\/uploads\/2024\/01\/30527-1.webp",750,500,false],"newsup-featured":["https:\/\/imagazine.it\/wp-content\/uploads\/2024\/01\/30527-1.webp",750,500,false],"newsup-medium":["https:\/\/imagazine.it\/wp-content\/uploads\/2024\/01\/30527-1-720x380.webp",720,380,true],"tptn_thumbnail":["https:\/\/imagazine.it\/wp-content\/uploads\/2024\/01\/30527-1.webp",250,167,false],"sow-carousel-default":["https:\/\/imagazine.it\/wp-content\/uploads\/2024\/01\/30527-1-272x182.webp",272,182,true]},"rttpg_author":{"display_name":"Livio Nonis","author_link":"https:\/\/imagazine.it\/home_desk\/author\/nonis\/"},"rttpg_comment":0,"rttpg_category":"<a href=\"https:\/\/imagazine.it\/home_desk\/category\/cultura-e-spettacolo\/\" rel=\"category tag\">CULTURA&amp;SPETTACOLO<\/a>","rttpg_excerpt":"Intervista a Pacifico","_links":{"self":[{"href":"https:\/\/imagazine.it\/home_desk\/wp-json\/wp\/v2\/posts\/29885","targetHints":{"allow":["GET"]}}],"collection":[{"href":"https:\/\/imagazine.it\/home_desk\/wp-json\/wp\/v2\/posts"}],"about":[{"href":"https:\/\/imagazine.it\/home_desk\/wp-json\/wp\/v2\/types\/post"}],"author":[{"embeddable":true,"href":"https:\/\/imagazine.it\/home_desk\/wp-json\/wp\/v2\/users\/22"}],"replies":[{"embeddable":true,"href":"https:\/\/imagazine.it\/home_desk\/wp-json\/wp\/v2\/comments?post=29885"}],"version-history":[{"count":0,"href":"https:\/\/imagazine.it\/home_desk\/wp-json\/wp\/v2\/posts\/29885\/revisions"}],"wp:featuredmedia":[{"embeddable":true,"href":"https:\/\/imagazine.it\/home_desk\/wp-json\/wp\/v2\/media\/29886"}],"wp:attachment":[{"href":"https:\/\/imagazine.it\/home_desk\/wp-json\/wp\/v2\/media?parent=29885"}],"wp:term":[{"taxonomy":"category","embeddable":true,"href":"https:\/\/imagazine.it\/home_desk\/wp-json\/wp\/v2\/categories?post=29885"},{"taxonomy":"post_tag","embeddable":true,"href":"https:\/\/imagazine.it\/home_desk\/wp-json\/wp\/v2\/tags?post=29885"}],"curies":[{"name":"wp","href":"https:\/\/api.w.org\/{rel}","templated":true}]}}