{"id":29883,"date":"2019-07-23T00:00:00","date_gmt":"2019-07-22T23:00:00","guid":{"rendered":"https:\/\/imagazine.it\/?p=29883"},"modified":"2019-07-23T00:00:00","modified_gmt":"2019-07-22T23:00:00","slug":"la-coppa-mondiale-del-tiramisu-in-friuli-venezia-giulia","status":"publish","type":"post","link":"https:\/\/imagazine.it\/home_desk\/la-coppa-mondiale-del-tiramisu-in-friuli-venezia-giulia\/","title":{"rendered":"La Coppa Mondiale del tiramis\u00f9 in Friuli Venezia Giulia"},"content":{"rendered":"<p>La Tiramis\u00f9 World Cup 2019, la \u201csfida pi\u00f9 golosa dell\u2019anno\u201d, presenta quest\u2019oggi a Trieste le \u201cFriuli Venezia Giulia Selection\u201d, che si terranno a Villa Manin di Passariano, nel fine settimana del 21 e 22 settembre. Giunta alla sua terza edizione, la rassegna che premia \u201cchi fa davvero il tiramis\u00f9 pi\u00f9 buono del mondo\u201d \u00e8 un evento capace di portare alla scoperta del territorio attraverso uno dei suoi prodotti pi\u00f9 tipici.<\/p>\n<p>La TWC conta gi\u00e0 centinaia di appassionati chef da tutto il mondo (rigorosamente non-professionisti), che si stanno allenando per sfidarsi anche quest\u2019anno nella preparazione del Tiramis\u00f9 (ricetta originale: savoiardi, mascarpone, uova, zucchero, caff\u00e8 e cacao) o del Tiramis\u00f9 creativo (con la possibilit\u00e0 di aggiungere fino a tre prodotti e di sostituire il biscotto).<\/p>\n<p>L\u2019appuntamento con le \u201cFVG Selection\u201d \u00e8 per il primo fine settimana d\u2019autunno (21-22 settembre 2019), a Villa Manin di Passariano. I vincitori delle selezioni accederanno di diritto alle semifinali che si terranno nel mattino del 3 novembre a Treviso.<\/p>\n<p>Le iscrizioni alla gara sono aperte (<u><a href=\"http:\/\/www.tiramisuworldcup.com\" target=\"_blank\" rel=\"noopener\">www.tiramisuworldcup.com<\/a><\/u>) e per le \u201cFVG Selection\u201d si registrano iscrizioni di concorrenti da tutta Italia e altri sono attesi dall\u2019estero.<\/p>\n<p>\u00abOgni giorno dialoghiamo con la community della Tiramis\u00f9 World Cup, fatta di Campioni e finalisti delle passate edizioni, di giudici, concorrenti, ma anche di tanti appassionati che vorrebbero assaggiare le centinaia di versioni in gara &#8211; ha spiegato <strong>Francesco Redi<\/strong> di Twissen, ideatore e organizzatore della rassegna. Ecco allora l\u2019idea di portare il nostro pubblico proprio l\u00ec dove sa di poter gustare da vicino il Tiramis\u00f9 nelle sue versioni friulane e dove ci aspettano tanti concorrenti della zona, gi\u00e0 pronti a sfidarsi a colpi di mascarpone: il Friuli Venezia Giulia e in particolare in una location splendida come \u00e8 quella di Villa Manin di Passariano\u00bb.<\/p>\n<p>Una grande sorpresa aspetta inoltre i vincitori di quest\u2019anno: chi verr\u00e0 incoronato \u201cCampione TWC 2019\u201d voler\u00e0 a Curitiba, Paran\u00e1, in Brasile. A met\u00e0 novembre, i due Campioni saranno ospiti e protagonisti della \u201cSettimana della Cucina Italiana nel mondo\u201d, evento promosso dal Ministero degli Esteri in tutte le Ambasciate del Mondo. \u00abPer questo, ringraziamo il Console Generale d\u2019Italia a Curitiba, Raffaele Festa, e il Presidente del Centro Europeo, Carlos Sandrini, per l\u2019importante appoggio e collaborazione\u00bb, ha detto ancora Redi.<\/p>\n<p>\u00abIl dessert italiano per eccellenza, conosciuto in tutto il mondo come uno dei simboli della buona cucina d\u2019Italia, in realt\u00e0 \u00e8 un brand che unisce due regioni, Veneto e Friuli Venezia Giulia \u2013 ha dichiarato <strong>Lucio Gomiero<\/strong>, direttore generale di PromoTurismoFVG. \u00c8 in entrambi i territori, infatti, che questo dolce affonda le sue radici, con ricette legate a storie di persone e tradizioni tramandate da generazione in generazione fino a oggi. La terza edizione della Tiramis\u00f9 World Cup 2019 diventa cos\u00ec un esempio concreto del gemellaggio tra Friuli Venezia Giulia e Veneto che si attuer\u00e0 attraverso la condivisione delle tappe di promozione di questo dessert, anche da un punto di vista turistico, a livello nazionale e internazionale. In Friuli Venezia Giulia, in particolare, il tiramis\u00f9 gode di una tradizione fortissima che si radica in localit\u00e0 come Tolmezzo (in Carnia) e Pieris (in provincia di Gorizia): entrambe si stanno muovendo insieme per valorizzare le opportunit\u00e0 turistiche connesse al dolce, con ristoranti che ripropongono le ricette originali e musei a tema. Nella tappa di Villa Manin, inoltre, non mancher\u00e0 l\u2019occasione per far conoscere al pubblico altri prodotti brand del Friuli Venezia Giulia, come i vini del Collio, il prosciutto di San Daniele e il formaggio Montasio\u00bb.<\/p>\n<p>\u00abLa collaborazione della Camera di Commercio Venezia Giulia con PromoTurismoFVG nell\u2019ambito della Tiramis\u00f9 World Cup consentir\u00e0 un salto di qualit\u00e0 nella promozione e diffusione del Tirime su-Coppa Vetturino, consentendo proprio delle iniziative della Tiramis\u00f9 World Cup: la distribuzione in tre lingue (Italiano, Inglese e tedesco) di materiale specifico e integrato per la promozione del dolce; la divulgazione del filmato dedicato al Tirime su-Coppa Vetturino da 8 minuti (in lingua italiana); prevedere la presenza della signora Flavia Cosolo, figlia dello chef Mario Cosolo come testimonial che effettuer\u00e0 una preparazione sul posto \u2013 ha spiegato <strong>Antonio Paoletti<\/strong>, presidente della Camera di Commercio Venezia Giulia. Ringrazio inoltre PromoTurismoFVG per aver scelto di affiancarci nell\u2019azione di valorizzazione, attraverso il dolce, il territorio del monfalconese, attraverso azioni rivolte agli esercizi commerciali, ai turisti, ai tour operator e ai giornalisti nonch\u00e9 Integrare la promozione della Coppa Vetturino-Tirime Su in tutte le azioni promozionali previste dal piano strategico in Italia e all\u2019estero che lo permettano (fiere, eventi, piano media etc)\u00bb.<\/p>\n<p>\u00abL\u2019ente camerale di Pordenone-Udine gi\u00e0 dal 2018 ha voluto avviare un percorso di valorizzazione che unisca la notoriet\u00e0 del marchio tiramis\u00f9 all\u2019unicit\u00e0 della nostra terra \u2013 ha dichiarato <strong>Giovanni Da Pozzo<\/strong>, presidente della Camera di Commercio di Pordenone-Udine. Ha dunque mosso i primi passi di un progetto, in collaborazione con le associazioni di categoria e in particolare Confcommercio e Confartigianato, pensato per una nuova promozione del territorio legata proprio a questo prodotto di qualit\u00e0, amato in tutto il mondo: una promozione comune per un comune modo di presentarlo a chi, qui da noi, lo assaggia e lo compra\u00bb.<\/p>\n","protected":false},"excerpt":{"rendered":"<p>Presentata a Trieste<\/p>\n","protected":false},"author":28,"featured_media":29884,"comment_status":"closed","ping_status":"closed","sticky":false,"template":"","format":"standard","meta":{"dwc-title":[],"dwc-content":[],"footnotes":""},"categories":[6],"tags":[],"class_list":["post-29883","post","type-post","status-publish","format-standard","has-post-thumbnail","hentry","category-societa"],"rttpg_featured_image_url":{"full":["https:\/\/imagazine.it\/wp-content\/uploads\/2024\/01\/30522-1.webp",750,527,false],"landscape":["https:\/\/imagazine.it\/wp-content\/uploads\/2024\/01\/30522-1.webp",750,527,false],"portraits":["https:\/\/imagazine.it\/wp-content\/uploads\/2024\/01\/30522-1.webp",750,527,false],"thumbnail":["https:\/\/imagazine.it\/wp-content\/uploads\/2024\/01\/30522-1-150x150.webp",150,150,true],"medium":["https:\/\/imagazine.it\/wp-content\/uploads\/2024\/01\/30522-1-300x211.webp",300,211,true],"large":["https:\/\/imagazine.it\/wp-content\/uploads\/2024\/01\/30522-1.webp",640,450,false],"thumblist":["https:\/\/imagazine.it\/wp-content\/uploads\/2024\/01\/30522-1.webp",300,211,false],"thumbrelated":["https:\/\/imagazine.it\/wp-content\/uploads\/2024\/01\/30522-1.webp",500,351,false],"meccarouselthumb":["https:\/\/imagazine.it\/wp-content\/uploads\/2024\/01\/30522-1.webp",461,324,false],"gridsquare":["https:\/\/imagazine.it\/wp-content\/uploads\/2024\/01\/30522-1.webp",370,260,false],"tileview":["https:\/\/imagazine.it\/wp-content\/uploads\/2024\/01\/30522-1.webp",300,211,false],"1536x1536":["https:\/\/imagazine.it\/wp-content\/uploads\/2024\/01\/30522-1.webp",750,527,false],"2048x2048":["https:\/\/imagazine.it\/wp-content\/uploads\/2024\/01\/30522-1.webp",750,527,false],"newsup-slider-full":["https:\/\/imagazine.it\/wp-content\/uploads\/2024\/01\/30522-1.webp",750,527,false],"newsup-featured":["https:\/\/imagazine.it\/wp-content\/uploads\/2024\/01\/30522-1.webp",750,527,false],"newsup-medium":["https:\/\/imagazine.it\/wp-content\/uploads\/2024\/01\/30522-1-720x380.webp",720,380,true],"tptn_thumbnail":["https:\/\/imagazine.it\/wp-content\/uploads\/2024\/01\/30522-1.webp",250,176,false],"sow-carousel-default":["https:\/\/imagazine.it\/wp-content\/uploads\/2024\/01\/30522-1-272x182.webp",272,182,true]},"rttpg_author":{"display_name":"redazione","author_link":"https:\/\/imagazine.it\/home_desk\/author\/redazione\/"},"rttpg_comment":0,"rttpg_category":"<a href=\"https:\/\/imagazine.it\/home_desk\/category\/societa\/\" rel=\"category tag\">SOCIET\u00c0<\/a>","rttpg_excerpt":"Presentata a Trieste","_links":{"self":[{"href":"https:\/\/imagazine.it\/home_desk\/wp-json\/wp\/v2\/posts\/29883","targetHints":{"allow":["GET"]}}],"collection":[{"href":"https:\/\/imagazine.it\/home_desk\/wp-json\/wp\/v2\/posts"}],"about":[{"href":"https:\/\/imagazine.it\/home_desk\/wp-json\/wp\/v2\/types\/post"}],"author":[{"embeddable":true,"href":"https:\/\/imagazine.it\/home_desk\/wp-json\/wp\/v2\/users\/28"}],"replies":[{"embeddable":true,"href":"https:\/\/imagazine.it\/home_desk\/wp-json\/wp\/v2\/comments?post=29883"}],"version-history":[{"count":0,"href":"https:\/\/imagazine.it\/home_desk\/wp-json\/wp\/v2\/posts\/29883\/revisions"}],"wp:featuredmedia":[{"embeddable":true,"href":"https:\/\/imagazine.it\/home_desk\/wp-json\/wp\/v2\/media\/29884"}],"wp:attachment":[{"href":"https:\/\/imagazine.it\/home_desk\/wp-json\/wp\/v2\/media?parent=29883"}],"wp:term":[{"taxonomy":"category","embeddable":true,"href":"https:\/\/imagazine.it\/home_desk\/wp-json\/wp\/v2\/categories?post=29883"},{"taxonomy":"post_tag","embeddable":true,"href":"https:\/\/imagazine.it\/home_desk\/wp-json\/wp\/v2\/tags?post=29883"}],"curies":[{"name":"wp","href":"https:\/\/api.w.org\/{rel}","templated":true}]}}