{"id":29881,"date":"2019-07-23T00:00:00","date_gmt":"2019-07-22T23:00:00","guid":{"rendered":"https:\/\/imagazine.it\/?p=29881"},"modified":"2019-07-23T00:00:00","modified_gmt":"2019-07-22T23:00:00","slug":"grado-contributi-per-la-pratica-sportiva-dei-giovani","status":"publish","type":"post","link":"https:\/\/imagazine.it\/home_desk\/grado-contributi-per-la-pratica-sportiva-dei-giovani\/","title":{"rendered":"Grado, contributi per la pratica sportiva dei giovani"},"content":{"rendered":"<p>L\u2019amministrazione di Grado conferma anche quest\u2019anno un fondo di 10 mila euro a sostegno delle attivit\u00e0 extrascolastiche dei giovani con famiglie a basso reddito. Il progetto \u00e8 rivolto alle famiglie che possiedono un ISEE pari o uguale a 12 mila euro e residenti a Grado da almeno un anno con figli dai 6 ai 17 anni e si prefigge di sostenere l\u2019attivit\u00e0 sportiva, culturale e di sostegno allo studio dei ragazzi.<\/p>\n<p>L\u2019iniziativa \u00e8 sostenuta dal\u00a0<strong>vicesindaco e assessore allo Sport, Matteo Polo<\/strong>, che prosegue il progetto gi\u00e0 partito in via sperimentale nel 2018 per volont\u00e0 del consigliere <strong>Damiano Marchesan<\/strong>, e da <strong>Greta Reverdito<\/strong>, delegata alle politiche giovanili.<\/p>\n<p>\u201c<em>Un sostegno alle famiglie a basso reddito \u2013 <\/em>sottolinea Polo<em> \u2013 attivato gi\u00e0 l&#39;anno scorso per fare in modo che i nostri ragazzi abbiano uguali possibilit\u00e0 di praticare sport e che ora abbiamo voluto estendere anche alle attivit\u00e0 culturali e di sostegno allo studio extra-scolastico. Sostenere i giovani \u00e8 il miglior investimento nel futuro della nostra comunit\u00e0<\/em>\u201d.<\/p>\n<p>I ragazzi residenti a Grado nella fascia d\u2019et\u00e0 6-17 anni sono 242. Visto il carattere educativo e socializzante della pratica motoria, della cultura musicale e dei laboratori teatrali, l\u2019amministrazione propone di sostenere i bambini e ragazzi che desiderano praticare queste attivit\u00e0, specialmente quelli appartenenti a nuclei familiari con difficolt\u00e0 economiche. Questo con lo scopo di aiutare le famiglie che vivono una situazione di disagio e che non rinunciano ad offrire ai figli l\u2019opportunit\u00e0 di fare sport, movimento, musica, teatro, laboratori creativi e di sostegno allo studio, avendone compreso il valore educativo.<\/p>\n<p>I contributi saranno assegnati sino all\u2019esaurimento delle risorse disponibili tenendo conto di una graduatoria formulata in base al valore dell\u2019attestazione ISEE. Il contributo per ogni singolo ragazzo \u00e8 pari al 50% del costo sostenuto per l\u2019iscrizione e partecipazione a corsi svolti nell\u2019anno sportivo 2018\/2019 fino ad un importo massimo di 150 euro a ragazzo e di 400 euro a nucleo familiare.<\/p>\n<p>Il contributo pu\u00f2 essere richiesto per uno o pi\u00f9 discipline entro il 30 settembre 2019. \u00a0<\/p>\n<p>Per informazioni:\u00a0<u><a href=\"https:\/\/www.comunegrado.it\/119-news\/1722-contributi-per-attivit%C3%A0-motorie,-culturali,-educative,-laboratoriali-per-i-minori\" target=\"_blank\" rel=\"noopener\">https:\/\/www.comunegrado.it\/119-news\/1722-contributi-per-attivit%C3%A0-motorie,-culturali,-educative,-laboratoriali-per-i-minori<\/a><\/u><\/p>\n","protected":false},"excerpt":{"rendered":"<p>Fondo di 10 mila euro<\/p>\n","protected":false},"author":28,"featured_media":29882,"comment_status":"closed","ping_status":"closed","sticky":false,"template":"","format":"standard","meta":{"dwc-title":[],"dwc-content":[],"footnotes":""},"categories":[5],"tags":[],"class_list":["post-29881","post","type-post","status-publish","format-standard","has-post-thumbnail","hentry","category-attualita"],"rttpg_featured_image_url":{"full":["https:\/\/imagazine.it\/wp-content\/uploads\/2024\/01\/30520-1.webp",750,500,false],"landscape":["https:\/\/imagazine.it\/wp-content\/uploads\/2024\/01\/30520-1.webp",750,500,false],"portraits":["https:\/\/imagazine.it\/wp-content\/uploads\/2024\/01\/30520-1.webp",750,500,false],"thumbnail":["https:\/\/imagazine.it\/wp-content\/uploads\/2024\/01\/30520-1-150x150.webp",150,150,true],"medium":["https:\/\/imagazine.it\/wp-content\/uploads\/2024\/01\/30520-1-300x200.webp",300,200,true],"large":["https:\/\/imagazine.it\/wp-content\/uploads\/2024\/01\/30520-1.webp",640,427,false],"thumblist":["https:\/\/imagazine.it\/wp-content\/uploads\/2024\/01\/30520-1.webp",300,200,false],"thumbrelated":["https:\/\/imagazine.it\/wp-content\/uploads\/2024\/01\/30520-1.webp",500,333,false],"meccarouselthumb":["https:\/\/imagazine.it\/wp-content\/uploads\/2024\/01\/30520-1.webp",474,316,false],"gridsquare":["https:\/\/imagazine.it\/wp-content\/uploads\/2024\/01\/30520-1.webp",391,260,false],"tileview":["https:\/\/imagazine.it\/wp-content\/uploads\/2024\/01\/30520-1.webp",300,200,false],"1536x1536":["https:\/\/imagazine.it\/wp-content\/uploads\/2024\/01\/30520-1.webp",750,500,false],"2048x2048":["https:\/\/imagazine.it\/wp-content\/uploads\/2024\/01\/30520-1.webp",750,500,false],"newsup-slider-full":["https:\/\/imagazine.it\/wp-content\/uploads\/2024\/01\/30520-1.webp",750,500,false],"newsup-featured":["https:\/\/imagazine.it\/wp-content\/uploads\/2024\/01\/30520-1.webp",750,500,false],"newsup-medium":["https:\/\/imagazine.it\/wp-content\/uploads\/2024\/01\/30520-1-720x380.webp",720,380,true],"tptn_thumbnail":["https:\/\/imagazine.it\/wp-content\/uploads\/2024\/01\/30520-1.webp",250,167,false],"sow-carousel-default":["https:\/\/imagazine.it\/wp-content\/uploads\/2024\/01\/30520-1-272x182.webp",272,182,true]},"rttpg_author":{"display_name":"redazione","author_link":"https:\/\/imagazine.it\/home_desk\/author\/redazione\/"},"rttpg_comment":0,"rttpg_category":"<a href=\"https:\/\/imagazine.it\/home_desk\/category\/attualita\/\" rel=\"category tag\">ATTUALIT\u00c0<\/a>","rttpg_excerpt":"Fondo di 10 mila euro","_links":{"self":[{"href":"https:\/\/imagazine.it\/home_desk\/wp-json\/wp\/v2\/posts\/29881","targetHints":{"allow":["GET"]}}],"collection":[{"href":"https:\/\/imagazine.it\/home_desk\/wp-json\/wp\/v2\/posts"}],"about":[{"href":"https:\/\/imagazine.it\/home_desk\/wp-json\/wp\/v2\/types\/post"}],"author":[{"embeddable":true,"href":"https:\/\/imagazine.it\/home_desk\/wp-json\/wp\/v2\/users\/28"}],"replies":[{"embeddable":true,"href":"https:\/\/imagazine.it\/home_desk\/wp-json\/wp\/v2\/comments?post=29881"}],"version-history":[{"count":0,"href":"https:\/\/imagazine.it\/home_desk\/wp-json\/wp\/v2\/posts\/29881\/revisions"}],"wp:featuredmedia":[{"embeddable":true,"href":"https:\/\/imagazine.it\/home_desk\/wp-json\/wp\/v2\/media\/29882"}],"wp:attachment":[{"href":"https:\/\/imagazine.it\/home_desk\/wp-json\/wp\/v2\/media?parent=29881"}],"wp:term":[{"taxonomy":"category","embeddable":true,"href":"https:\/\/imagazine.it\/home_desk\/wp-json\/wp\/v2\/categories?post=29881"},{"taxonomy":"post_tag","embeddable":true,"href":"https:\/\/imagazine.it\/home_desk\/wp-json\/wp\/v2\/tags?post=29881"}],"curies":[{"name":"wp","href":"https:\/\/api.w.org\/{rel}","templated":true}]}}