{"id":29877,"date":"2019-07-22T00:00:00","date_gmt":"2019-07-21T23:00:00","guid":{"rendered":"https:\/\/imagazine.it\/?p=29877"},"modified":"2019-07-22T00:00:00","modified_gmt":"2019-07-21T23:00:00","slug":"visco-25-anni-senza-luciano-minut","status":"publish","type":"post","link":"https:\/\/imagazine.it\/home_desk\/visco-25-anni-senza-luciano-minut\/","title":{"rendered":"Visco, 25 anni senza Luciano Minut"},"content":{"rendered":"<p>\u201cL&#39;amicizia sincera \u00e8 un grande dono, il pi\u00f9 caro che c&#39;\u00e8\u201d che il tempo non cancella anche se la persona non c&#39;\u00e8 pi\u00f9, diceva una vecchia canzone di Herbert Pagani.<\/p>\n<p>Per Luciano Minut il tempo si \u00e8 fermato il 30 luglio del 1994, una giornata di normale lavoro in autostrada con il suo mezzo del soccorso ACI, per assistere un automezzo in panne: all&#39;improvviso la tragedia e Luciano muore a soli 27 anni.<\/p>\n<p>A Visco, suo paese natale, \u00e8 stata organizzata, nel campo sportivo che porta il suo nome, una serata in suo ricordo, con una partita di calcio femminile. In campo sono scese le vecchie glorie, quelle ragazze che avevano conosciuto e apprezzato Luciano in quanto allora dirigente della locale squadra femminile che disputava il campionato di serie C, assieme a squadre blasonate come il Chiasiellis e il Tavagnacco, molte delle quali erano in forza al Visco calcio 25 anni fa.<\/p>\n<p>Per la cronaca la squadra di Visco 1994 Rossa ha battuto quella color Bianco per 6 a 4 dopo i calci di rigori (i tempi regolamentari si erano conclusi sul 2 a 2). Al termine dell\u2019incontro \u00e8 stata officiata la messa sul campo di calcio dal parroco <strong>don Giorgio Longo<\/strong> che ha ricordato nella sua omelia la figura di Luciano.<\/p>\n<p>Gli amici, gli arbitri, i conoscenti venerd\u00ec 26 luglio alle ore 19 presso la chiesetta di sant&#39;Anna ricorderanno il sindaco, ma anche arbitro di serie A, Dario Boemo, a dieci anni dalla sua prematura scomparsa. Il giorno dopo, 27 luglio, alle 19 presso il campo parrocchiale di Visco a lui intitolato si disputer\u00e0 un incontro di calcio amatoriale per ricordare Boemo.\u00a0<\/p>\n","protected":false},"excerpt":{"rendered":"<p>Dopo la scomparsa nel 1994<\/p>\n","protected":false},"author":22,"featured_media":29878,"comment_status":"closed","ping_status":"closed","sticky":false,"template":"","format":"standard","meta":{"dwc-title":[],"dwc-content":[],"footnotes":""},"categories":[38],"tags":[],"class_list":["post-29877","post","type-post","status-publish","format-standard","has-post-thumbnail","hentry","category-sport"],"rttpg_featured_image_url":{"full":["https:\/\/imagazine.it\/wp-content\/uploads\/2024\/01\/30509-1.webp",750,364,false],"landscape":["https:\/\/imagazine.it\/wp-content\/uploads\/2024\/01\/30509-1.webp",750,364,false],"portraits":["https:\/\/imagazine.it\/wp-content\/uploads\/2024\/01\/30509-1.webp",750,364,false],"thumbnail":["https:\/\/imagazine.it\/wp-content\/uploads\/2024\/01\/30509-1-150x150.webp",150,150,true],"medium":["https:\/\/imagazine.it\/wp-content\/uploads\/2024\/01\/30509-1-300x146.webp",300,146,true],"large":["https:\/\/imagazine.it\/wp-content\/uploads\/2024\/01\/30509-1.webp",640,311,false],"thumblist":["https:\/\/imagazine.it\/wp-content\/uploads\/2024\/01\/30509-1.webp",300,146,false],"thumbrelated":["https:\/\/imagazine.it\/wp-content\/uploads\/2024\/01\/30509-1.webp",500,243,false],"meccarouselthumb":["https:\/\/imagazine.it\/wp-content\/uploads\/2024\/01\/30509-1.webp",474,230,false],"gridsquare":["https:\/\/imagazine.it\/wp-content\/uploads\/2024\/01\/30509-1.webp",391,190,false],"tileview":["https:\/\/imagazine.it\/wp-content\/uploads\/2024\/01\/30509-1.webp",300,146,false],"1536x1536":["https:\/\/imagazine.it\/wp-content\/uploads\/2024\/01\/30509-1.webp",750,364,false],"2048x2048":["https:\/\/imagazine.it\/wp-content\/uploads\/2024\/01\/30509-1.webp",750,364,false],"newsup-slider-full":["https:\/\/imagazine.it\/wp-content\/uploads\/2024\/01\/30509-1.webp",750,364,false],"newsup-featured":["https:\/\/imagazine.it\/wp-content\/uploads\/2024\/01\/30509-1.webp",750,364,false],"newsup-medium":["https:\/\/imagazine.it\/wp-content\/uploads\/2024\/01\/30509-1-720x364.webp",720,364,true],"tptn_thumbnail":["https:\/\/imagazine.it\/wp-content\/uploads\/2024\/01\/30509-1.webp",250,121,false],"sow-carousel-default":["https:\/\/imagazine.it\/wp-content\/uploads\/2024\/01\/30509-1-272x182.webp",272,182,true]},"rttpg_author":{"display_name":"Livio Nonis","author_link":"https:\/\/imagazine.it\/home_desk\/author\/nonis\/"},"rttpg_comment":0,"rttpg_category":"<a href=\"https:\/\/imagazine.it\/home_desk\/category\/sport\/\" rel=\"category tag\">SPORT<\/a>","rttpg_excerpt":"Dopo la scomparsa nel 1994","_links":{"self":[{"href":"https:\/\/imagazine.it\/home_desk\/wp-json\/wp\/v2\/posts\/29877","targetHints":{"allow":["GET"]}}],"collection":[{"href":"https:\/\/imagazine.it\/home_desk\/wp-json\/wp\/v2\/posts"}],"about":[{"href":"https:\/\/imagazine.it\/home_desk\/wp-json\/wp\/v2\/types\/post"}],"author":[{"embeddable":true,"href":"https:\/\/imagazine.it\/home_desk\/wp-json\/wp\/v2\/users\/22"}],"replies":[{"embeddable":true,"href":"https:\/\/imagazine.it\/home_desk\/wp-json\/wp\/v2\/comments?post=29877"}],"version-history":[{"count":0,"href":"https:\/\/imagazine.it\/home_desk\/wp-json\/wp\/v2\/posts\/29877\/revisions"}],"wp:featuredmedia":[{"embeddable":true,"href":"https:\/\/imagazine.it\/home_desk\/wp-json\/wp\/v2\/media\/29878"}],"wp:attachment":[{"href":"https:\/\/imagazine.it\/home_desk\/wp-json\/wp\/v2\/media?parent=29877"}],"wp:term":[{"taxonomy":"category","embeddable":true,"href":"https:\/\/imagazine.it\/home_desk\/wp-json\/wp\/v2\/categories?post=29877"},{"taxonomy":"post_tag","embeddable":true,"href":"https:\/\/imagazine.it\/home_desk\/wp-json\/wp\/v2\/tags?post=29877"}],"curies":[{"name":"wp","href":"https:\/\/api.w.org\/{rel}","templated":true}]}}