{"id":29859,"date":"2019-07-18T00:00:00","date_gmt":"2019-07-17T23:00:00","guid":{"rendered":"https:\/\/imagazine.it\/?p=29859"},"modified":"2019-07-18T00:00:00","modified_gmt":"2019-07-17T23:00:00","slug":"calcio-gorizia-nerazzurra-per-unintera-settimana","status":"publish","type":"post","link":"https:\/\/imagazine.it\/home_desk\/calcio-gorizia-nerazzurra-per-unintera-settimana\/","title":{"rendered":"Calcio, Gorizia nerazzurra per un&#8217;intera settimana"},"content":{"rendered":"<p>Il prato dello stadio \u201cBearzot\u201d di Gorizia per una settimana da biancazzurro \u00e8 diventato nerazzurro. In questi giorni \u00e8 in corso di svolgimento la terza edizione dell\u2019<em>Atalanta Football Camp<\/em> dove una cinquantina di ragazzi dai 6 ai 14 anni, guidati dai tecnici del settore giovanile dell\u2019Atalanta, potranno sperimentare come sia divertente imparare il calcio attraverso esercizi adeguati, ma soprattutto giocando.<\/p>\n<p>La giornata per i partecipanti inizia con il ritrovo a partire dalle ore 8 per poi chiudersi la sera alle 18 con una sosta intorno all\u2019ora di pranzo anche per ripararsi dal caldo di questi giorni. Sia al mattino che al pomeriggio i ragazzi si esercitano seguendo un programma dettagliato, personalizzato a partire dalle capacit\u00e0 calcistiche di ogni bambino.<\/p>\n<p>Il camp si chiuder\u00e0 venerd\u00ec 19 luglio nel tardo pomeriggio con una festa che vedr\u00e0 protagonisti tutti i giovani calciatori partecipanti, i quali riceveranno una vera e propria \u201cpagella\u201d su quanto svolto nell\u2019arco della settimana.<\/p>\n<p>L\u2019<em>Atalanta<\/em> <em>Football Camp<\/em> rappresenta una delle attivit\u00e0 frutto dell\u2019affiliazione siglato tra la Pro Gorizia e la societ\u00e0 bergamasca. Affiliazione rinnovata anche quest\u2019anno e che rappresenta uno dei cardini del progetto giovanile dei biancazzurri.<\/p>\n","protected":false},"excerpt":{"rendered":"<p>Per l\u2019Atalanta Football Camp<\/p>\n","protected":false},"author":28,"featured_media":29860,"comment_status":"closed","ping_status":"closed","sticky":false,"template":"","format":"standard","meta":{"dwc-title":[],"dwc-content":[],"footnotes":""},"categories":[38],"tags":[],"class_list":["post-29859","post","type-post","status-publish","format-standard","has-post-thumbnail","hentry","category-sport"],"rttpg_featured_image_url":{"full":["https:\/\/imagazine.it\/wp-content\/uploads\/2024\/01\/30468-1.webp",750,473,false],"landscape":["https:\/\/imagazine.it\/wp-content\/uploads\/2024\/01\/30468-1.webp",750,473,false],"portraits":["https:\/\/imagazine.it\/wp-content\/uploads\/2024\/01\/30468-1.webp",750,473,false],"thumbnail":["https:\/\/imagazine.it\/wp-content\/uploads\/2024\/01\/30468-1-150x150.webp",150,150,true],"medium":["https:\/\/imagazine.it\/wp-content\/uploads\/2024\/01\/30468-1-300x189.webp",300,189,true],"large":["https:\/\/imagazine.it\/wp-content\/uploads\/2024\/01\/30468-1.webp",640,404,false],"thumblist":["https:\/\/imagazine.it\/wp-content\/uploads\/2024\/01\/30468-1.webp",300,189,false],"thumbrelated":["https:\/\/imagazine.it\/wp-content\/uploads\/2024\/01\/30468-1.webp",500,315,false],"meccarouselthumb":["https:\/\/imagazine.it\/wp-content\/uploads\/2024\/01\/30468-1.webp",474,299,false],"gridsquare":["https:\/\/imagazine.it\/wp-content\/uploads\/2024\/01\/30468-1.webp",391,247,false],"tileview":["https:\/\/imagazine.it\/wp-content\/uploads\/2024\/01\/30468-1.webp",300,189,false],"1536x1536":["https:\/\/imagazine.it\/wp-content\/uploads\/2024\/01\/30468-1.webp",750,473,false],"2048x2048":["https:\/\/imagazine.it\/wp-content\/uploads\/2024\/01\/30468-1.webp",750,473,false],"newsup-slider-full":["https:\/\/imagazine.it\/wp-content\/uploads\/2024\/01\/30468-1.webp",750,473,false],"newsup-featured":["https:\/\/imagazine.it\/wp-content\/uploads\/2024\/01\/30468-1.webp",750,473,false],"newsup-medium":["https:\/\/imagazine.it\/wp-content\/uploads\/2024\/01\/30468-1-720x380.webp",720,380,true],"tptn_thumbnail":["https:\/\/imagazine.it\/wp-content\/uploads\/2024\/01\/30468-1.webp",250,158,false],"sow-carousel-default":["https:\/\/imagazine.it\/wp-content\/uploads\/2024\/01\/30468-1-272x182.webp",272,182,true]},"rttpg_author":{"display_name":"redazione","author_link":"https:\/\/imagazine.it\/home_desk\/author\/redazione\/"},"rttpg_comment":0,"rttpg_category":"<a href=\"https:\/\/imagazine.it\/home_desk\/category\/sport\/\" rel=\"category tag\">SPORT<\/a>","rttpg_excerpt":"Per l\u2019Atalanta Football Camp","_links":{"self":[{"href":"https:\/\/imagazine.it\/home_desk\/wp-json\/wp\/v2\/posts\/29859","targetHints":{"allow":["GET"]}}],"collection":[{"href":"https:\/\/imagazine.it\/home_desk\/wp-json\/wp\/v2\/posts"}],"about":[{"href":"https:\/\/imagazine.it\/home_desk\/wp-json\/wp\/v2\/types\/post"}],"author":[{"embeddable":true,"href":"https:\/\/imagazine.it\/home_desk\/wp-json\/wp\/v2\/users\/28"}],"replies":[{"embeddable":true,"href":"https:\/\/imagazine.it\/home_desk\/wp-json\/wp\/v2\/comments?post=29859"}],"version-history":[{"count":0,"href":"https:\/\/imagazine.it\/home_desk\/wp-json\/wp\/v2\/posts\/29859\/revisions"}],"wp:featuredmedia":[{"embeddable":true,"href":"https:\/\/imagazine.it\/home_desk\/wp-json\/wp\/v2\/media\/29860"}],"wp:attachment":[{"href":"https:\/\/imagazine.it\/home_desk\/wp-json\/wp\/v2\/media?parent=29859"}],"wp:term":[{"taxonomy":"category","embeddable":true,"href":"https:\/\/imagazine.it\/home_desk\/wp-json\/wp\/v2\/categories?post=29859"},{"taxonomy":"post_tag","embeddable":true,"href":"https:\/\/imagazine.it\/home_desk\/wp-json\/wp\/v2\/tags?post=29859"}],"curies":[{"name":"wp","href":"https:\/\/api.w.org\/{rel}","templated":true}]}}