{"id":29826,"date":"2019-07-12T00:00:00","date_gmt":"2019-07-11T23:00:00","guid":{"rendered":"https:\/\/imagazine.it\/?p=29826"},"modified":"2019-07-12T00:00:00","modified_gmt":"2019-07-11T23:00:00","slug":"nuovi-vertici-per-trieste-airport","status":"publish","type":"post","link":"https:\/\/imagazine.it\/home_desk\/nuovi-vertici-per-trieste-airport\/","title":{"rendered":"Nuovi vertici per Trieste Airport"},"content":{"rendered":"<p>2i Aeroporti S.p.a. perfeziona l\u2019acquisizione del 55% del capitale di Aeroporto Friuli Venezia Giulia S.p.A per un controvalore di 32,8 milioni di euro. La Regione Friuli Venezia Giulia continuer\u00e0 a detenere una quota del 45%.<\/p>\n<p>2i Aeroporti \u00e8 controllata al 51% da F2i sgr, societ\u00e0 che gestisce i principali fondi infrastrutturali italiani focalizzati sul Paese, e al 49% da un consorzio guidato da Ardian Infrastructure \u2013 investitore internazionale leader nel settore infrastrutturale europeo.<\/p>\n<p>Grazie a questa operazione, l\u2019aeroporto di Trieste entra a far parte di uno dei maggiori network aeroportuali italiani, che include gli aeroporti di Napoli, Torino, Alghero, Milano (Linate e Malpensa), Bologna ed indirettamente Bergamo. Nel 2018 gli aeroporti del network 2i Aeroporti hanno gestito in totale circa 71 milioni di passeggeri, corrispondenti al 39% del traffico nazionale con un volume d\u2019affari aggregato di circa 1,2 miliardi di euro.<\/p>\n<p>\u201cL\u2019operazione \u2013 ha sottolineato il governatore <strong>Massimiliano Fedriga<\/strong> \u2013 \u00e8 funzionale all\u2019inserimento dello scalo regionale in quelle dinamiche complesse che, grazie al coinvolgimento di partner privati di comprovata competenza e affidabilit\u00e0, si pongono l\u2019obiettivo di sviluppare il traffico aereo sui cieli del Friuli Venezia Giulia\u201d.<\/p>\n<p>\u201cL\u2019aeroporto di Trieste \u00e8 un tassello molto importante nella nostra strategia di sviluppo di un network indipendente di aeroporti in Italia. Con questa acquisizione si amplia la rete di 2i Aeroporti grazie a cui le realt\u00e0 locali aeroportuali possono godere di efficienze ed economie di scala rese possibili dalla presenza di investitori robusti, di lungo termine e con una chiara visione infrastrutturale. Penso che grazie alla collaborazione tra pubblico e privato il nostro aeroporto potr\u00e0 svolgere un ruolo molto importante a favore dello sviluppo economico del territorio, divenendo uno snodo strategico del disegno di sviluppo dell\u2019intermodalit\u00e0 regionale\u201d ha dichiarato <strong>Renato Ravanelli<\/strong>, amministratore delegato di F2i.<\/p>\n<p>\u201cCondividiamo con F2i e la Regione Friuli Venezia Giulia il progetto di crescita dell\u2019aeroporto di Trieste che sar\u00e0 sempre pi\u00f9 al servizio dei passeggeri e del territorio (aziende, enti locali, comunit\u00e0 limitrofe). Lavoreremo in stretta sinergia con il management team per aumentare le destinazioni internazionali, attingendo alle nostre competenze e alle consolidate relazioni con le compagnie aeree che abbiamo sviluppato negli anni, grazie agli investimenti di Ardian nel settore aeroportuale e in quello infrastrutturale a livello mondiale\u201d, ha aggiunto <strong>Mathias Burghardt<\/strong>, membro del Comitato Esecutivo e a capo di Ardian Infrastructure.<\/p>\n<p>\u201cQuesta operazione ci permette di entrare in un network di primaria importanza e di rafforzare cos\u00ec il posizionamento strategico del nostro scalo anche in chiave commerciale\u201d, ha concluso <strong>Antonio Marano<\/strong> presidente di Trieste Airport.<\/p>\n<p>I nuovi azionisti, d\u2019intesa con la Regione Friuli Venezia Giulia, lavoreranno per sviluppare ulteriormente i collegamenti dell\u2019aeroporto di Trieste verso l&#39;Italia e l&#39;estero e per un\u2019offerta di servizi di qualit\u00e0, con attenzione all\u2019innovazione, alla sostenibilit\u00e0 e alla creazione di valore nel lungo periodo. Il piano investimenti dei prossimi anni prevede 15 milioni di euro destinati al potenziamento delle infrastrutture di volo, 11 milioni di euro a ulteriori miglioramenti infrastrutturali e dei servizi del terminal e di altri edifici. Due milioni di euro saranno inoltre investiti in chiave \u201cgreen\u201d per l\u2019installazione di impianti di energia rinnovabile ed infine altri due milioni di euro saranno destinati alla security aeroportuale e all\u2019ulteriore potenziamento della viabilit\u00e0 di accesso. Tali investimenti saranno a breve approvati da ENAC (Ente Nazionale per l\u2019Aviazione Civile) e dal Comitato per gli Utenti.<\/p>\n<p>Nel corso della cerimonia odierna, nel Salone di Rappresentanza della Regione Friuli Venezia Giulia \u00e8 stato presentato il nuovo Consiglio di Amministrazione del Trieste Airport che avr\u00e0 il compito di continuare a sviluppare lo scalo in chiave nazionale e internazionale con un ambizioso piano industriale che prevede il superamento del milione di passeggeri annui entro il 2022.<\/p>\n<p>Il nuovo Consiglio di Amministrazione \u00e8 composto da cinque membri, due di nomina della Regione e tre nominati da 2i Aeroporti, tra cui l\u2019amministratore delegato. Il collegio sindacale \u00e8 stato integrato da tre a cinque membri: due nuovi membri sono stati nominati da 2i Aeroporti, gli altri sono di designazione uno per ciascun ente pubblico interessato (Ministero dell\u2019Economia e delle Finanze, Ministero delle Infrastrutture e dei Trasporti e Regione Friuli Venezia Giulia).<\/p>\n<p>Il nuovo Consiglio di Amministrazione \u00e8 quindi composto da <strong>Antonio Marano<\/strong> (confermato presidente), <strong>Marco Consalvo<\/strong> (amministratore delegato, gi\u00e0 direttore generale), <strong>Laura Pascotto<\/strong> (partner F2i e presidente di 2i Aeroporti), <strong>Daniele Rizzolini<\/strong> (Director Ardian Infrastructure), <strong>Rita Cozzi<\/strong> (Regione FVG).<\/p>\n<p>Il Collegio Sindacale \u00e8 composto da <strong>Giuseppe Albanese<\/strong> (presidente), <strong>Antonia Coppola<\/strong>, <strong>Carmine Meoli<\/strong>, <strong>Silvia Bassoli<\/strong> e <strong>Gabriella Magurano<\/strong>.<\/p>\n<p>\u00a0<\/p>\n<div>\n<p><strong>2i Aeroporti<\/strong><\/p>\n<p><em>2i Aeroporti \u00e8 la pi\u00f9 grande piattaforma di aeroporti italiani: in totale oltre 69 milioni di passeggeri hanno transitato nel 2018 attraverso uno degli aeroporti partecipati da 2i Aeroporti, che \u00e8 controllata al 51% da F2i e al 49% dal consorzio guidato da Ardian.<\/em><\/p>\n<p><strong>F2i SGR<\/strong><\/p>\n<p><em>F2i, acronimo di Fondi italiani per le infrastrutture, \u00e8 una societ\u00e0 di gestione del risparmio fondata nel 2007 e guidata dall\u2019amministratore delegato Renato Ravanelli. F2i gestisce i pi\u00f9 grandi fondi infrastrutturali chiusi in Italia e tra i maggiori in Europa, con asset per circa 5 miliardi di euro investiti in settori chiave dell\u2019economia italiana: aeroporti, energie rinnovabili, distribuzione del gas naturale, ciclo idrico integrato, telecomunicazioni, reti logiche, sanit\u00e0. Attraverso le sue partecipate F2i d\u00e0 lavoro a pi\u00f9 di 17 mila persone in Italia e milioni di utenti ogni giorno utilizzano i servizi e le infrastrutture delle societ\u00e0 in portafoglio. F2i Sgr ha 19 azionisti, tra cui fondazioni di origine bancaria, casse di previdenza e fondi pensione nazionali ed esteri, istituzioni finanziarie nazionali e internazionali, fondi sovrani.\u00a0I fondi gestiti da F2i Sgr sono sottoscritti da investitori professionali italiani ed esteri, in ugual misura.<\/em><\/p>\n<\/p><\/div>\n<p>\u00a0<\/p>\n<p><strong>ARDIAN<\/strong><\/p>\n<p><em>Ardian \u00e8 una societ\u00e0 di investimento privata leader a livello mondiale con 90 miliardi di dollari in gestione o oggetto di consulenza in Europa, nelle Americhe e in Asia. La societ\u00e0, la cui maggioranza \u00e8 detenuta dai propri dipendenti, \u00e8 animata da uno spirito imprenditoriale e focalizzata nel generare per i propri investitori a livello globale eccellenti performance. Attraverso la sua filosofia di condivisione dei risultati con tutti gli stakeholder, l\u2019attivit\u00e0 di Ardian stimola la crescita individuale, aziendale ed economica in tutto il mondo. Ispirata da quelli che da sempre sono i suoi valori fondamentali, eccellenza, lealt\u00e0 e imprenditorialit\u00e0, Ardian conta su una vera e propria rete globale, con oltre 590 dipendenti distribuiti tra le 15 sedi in Europa (Francoforte, Jersey, Londra, Lussemburgo, Madrid, Milano, Parigi e Zurigo), nelle Americhe (New York, San Francisco e Santiago) e in Asia (Pechino, Singapore, Tokyo e Seul). La societ\u00e0 gestisce fondi per conto dei suoi circa 880 investitori attraverso cinque aree di investimento in cui vanta grande esperienza: Fondi di Fondi, Fondi Diretti, Infrastrutture, Real Estate e Private Debt.<\/em><\/p>\n","protected":false},"excerpt":{"rendered":"<p>Nominato il nuovo Consiglio di Amministrazione<\/p>\n","protected":false},"author":28,"featured_media":29827,"comment_status":"closed","ping_status":"closed","sticky":false,"template":"","format":"standard","meta":{"dwc-title":[],"dwc-content":[],"footnotes":""},"categories":[5],"tags":[],"class_list":["post-29826","post","type-post","status-publish","format-standard","has-post-thumbnail","hentry","category-attualita"],"rttpg_featured_image_url":{"full":["https:\/\/imagazine.it\/wp-content\/uploads\/2024\/01\/30398-1.webp",750,513,false],"landscape":["https:\/\/imagazine.it\/wp-content\/uploads\/2024\/01\/30398-1.webp",750,513,false],"portraits":["https:\/\/imagazine.it\/wp-content\/uploads\/2024\/01\/30398-1.webp",750,513,false],"thumbnail":["https:\/\/imagazine.it\/wp-content\/uploads\/2024\/01\/30398-1-150x150.webp",150,150,true],"medium":["https:\/\/imagazine.it\/wp-content\/uploads\/2024\/01\/30398-1-300x205.webp",300,205,true],"large":["https:\/\/imagazine.it\/wp-content\/uploads\/2024\/01\/30398-1.webp",640,438,false],"thumblist":["https:\/\/imagazine.it\/wp-content\/uploads\/2024\/01\/30398-1.webp",300,205,false],"thumbrelated":["https:\/\/imagazine.it\/wp-content\/uploads\/2024\/01\/30398-1.webp",500,342,false],"meccarouselthumb":["https:\/\/imagazine.it\/wp-content\/uploads\/2024\/01\/30398-1.webp",474,324,false],"gridsquare":["https:\/\/imagazine.it\/wp-content\/uploads\/2024\/01\/30398-1.webp",380,260,false],"tileview":["https:\/\/imagazine.it\/wp-content\/uploads\/2024\/01\/30398-1.webp",300,205,false],"1536x1536":["https:\/\/imagazine.it\/wp-content\/uploads\/2024\/01\/30398-1.webp",750,513,false],"2048x2048":["https:\/\/imagazine.it\/wp-content\/uploads\/2024\/01\/30398-1.webp",750,513,false],"newsup-slider-full":["https:\/\/imagazine.it\/wp-content\/uploads\/2024\/01\/30398-1.webp",750,513,false],"newsup-featured":["https:\/\/imagazine.it\/wp-content\/uploads\/2024\/01\/30398-1.webp",750,513,false],"newsup-medium":["https:\/\/imagazine.it\/wp-content\/uploads\/2024\/01\/30398-1-720x380.webp",720,380,true],"tptn_thumbnail":["https:\/\/imagazine.it\/wp-content\/uploads\/2024\/01\/30398-1.webp",250,171,false],"sow-carousel-default":["https:\/\/imagazine.it\/wp-content\/uploads\/2024\/01\/30398-1-272x182.webp",272,182,true]},"rttpg_author":{"display_name":"redazione","author_link":"https:\/\/imagazine.it\/home_desk\/author\/redazione\/"},"rttpg_comment":0,"rttpg_category":"<a href=\"https:\/\/imagazine.it\/home_desk\/category\/attualita\/\" rel=\"category tag\">ATTUALIT\u00c0<\/a>","rttpg_excerpt":"Nominato il nuovo Consiglio di Amministrazione","_links":{"self":[{"href":"https:\/\/imagazine.it\/home_desk\/wp-json\/wp\/v2\/posts\/29826","targetHints":{"allow":["GET"]}}],"collection":[{"href":"https:\/\/imagazine.it\/home_desk\/wp-json\/wp\/v2\/posts"}],"about":[{"href":"https:\/\/imagazine.it\/home_desk\/wp-json\/wp\/v2\/types\/post"}],"author":[{"embeddable":true,"href":"https:\/\/imagazine.it\/home_desk\/wp-json\/wp\/v2\/users\/28"}],"replies":[{"embeddable":true,"href":"https:\/\/imagazine.it\/home_desk\/wp-json\/wp\/v2\/comments?post=29826"}],"version-history":[{"count":0,"href":"https:\/\/imagazine.it\/home_desk\/wp-json\/wp\/v2\/posts\/29826\/revisions"}],"wp:featuredmedia":[{"embeddable":true,"href":"https:\/\/imagazine.it\/home_desk\/wp-json\/wp\/v2\/media\/29827"}],"wp:attachment":[{"href":"https:\/\/imagazine.it\/home_desk\/wp-json\/wp\/v2\/media?parent=29826"}],"wp:term":[{"taxonomy":"category","embeddable":true,"href":"https:\/\/imagazine.it\/home_desk\/wp-json\/wp\/v2\/categories?post=29826"},{"taxonomy":"post_tag","embeddable":true,"href":"https:\/\/imagazine.it\/home_desk\/wp-json\/wp\/v2\/tags?post=29826"}],"curies":[{"name":"wp","href":"https:\/\/api.w.org\/{rel}","templated":true}]}}