{"id":29804,"date":"2019-07-10T00:00:00","date_gmt":"2019-07-09T23:00:00","guid":{"rendered":"https:\/\/imagazine.it\/?p=29804"},"modified":"2019-07-10T00:00:00","modified_gmt":"2019-07-09T23:00:00","slug":"palmanova-due-scenari-per-sei-strutture","status":"publish","type":"post","link":"https:\/\/imagazine.it\/home_desk\/palmanova-due-scenari-per-sei-strutture\/","title":{"rendered":"Palmanova, due scenari per sei strutture"},"content":{"rendered":"<p>Sono stati presentati al Comune di Palmanova, alla Regione FVG, al Ministero della Difesa, alla Soprintendenza beni architettonici e paesaggistici della Regione e all\u2019Agenzia del Demanio (il committente) due dei possibili\u00a0<strong>scenari di riutilizzo di sei degli immobili non pi\u00f9 utilizzati nella citt\u00e0 stellata<\/strong>.<\/p>\n<p>Il primo disegna un\u00a0<strong>centro per la salvaguardia dei beni museali<\/strong>, dove poter archiviare, visitare, monitorare, digitalizzare e recuperare reperti storici provenienti da Italia ed estero. Un vero e proprio\u00a0<strong>\u201cospedale\u201d per le opere d\u2019arte<\/strong>, un luogo per l\u2019allestimento temporaneo di basi di soccorso, un centro per l\u2019archiviazione digitale della memoria. Centri simili si trovano a Lievin in Francia (centro di conservazione del Museo Louvre), a Spoleto con il deposito-ricovero di S. Chiodo, a Lima in Per\u00f9 con il Museo di arte precolombiana Larco, in Inghilterra con il sistema di monitoraggio \u201cEnglish Heritage\u201d o a Pavia con l\u2019ENI Green Data Center.<\/p>\n<p>Il secondo prospetta una Palmanova\u00a0<strong>polo tecnologico della biodiversit\u00e0<\/strong>, centro di ricerca sulle emergenze ambientali e banca del germoplasma mediterraneo. Un luogo dove scienziati e ricercatori possano studiare l\u2019agroalimentare, la gestione dei rifiuti e le materie prime rinnovabili. Esempi similari possono essere Matrica di Porto Torres, il Kilometro Rosso di Bergamo o il deposito globale dei semi delle Svalbard in Norvegia.<\/p>\n<p><a href=\"http:\/\/imagazinevideotruck.it\/outlet\/relink.html\" target=\"_top\" rel=\"noopener\"><img loading=\"lazy\" decoding=\"async\" align=\"LEFT\" height=\"250\" src=\"http:\/\/imagazinevideotruck.it\/outlet\/outlet30.gif\" width=\"300\" alt=\"\" title=\"\"><\/a><\/p>\n<p>\u00a0<\/p>\n<p>\u00a0<\/p>\n<p>\u00a0<\/p>\n<p>\u00a0<\/p>\n<p>\u00a0<\/p>\n<p>\u00a0<\/p>\n<p>\u00a0<\/p>\n<p>\u00a0<\/p>\n<p>\u00a0<\/p>\n<p>\u201cPalmanova \u00e8 nata per difendere, proteggere e includere. Rientra nel sistema degli elementi fortificati veneziani. \u00c8 uno snodo di connessioni. Oltre a questo, i suoi vuoti urbani sono un\u2019altra grande potenzialit\u00e0. Il nostro obiettivo come professionisti \u00e8 quello di scoprire le potenzialit\u00e0 nascoste in queste su caratteristiche, con l\u2019obiettivo di rigenerare i luoghi, stimolare fermenti e attrarre talenti cosmopoliti\u201d, cos\u00ec durante la presentazione dello studio\u00a0<strong>Guendalina Salimei\u00a0<\/strong>di Tstudio a nome della cordata di professionisti vincitrice del bando.<\/p>\n<p>A presentare i due scenari, come previsto dal bando dell\u2019Agenzia del Demanio all\u2019interno del\u00a0<strong>PUVaT (Progetto Unitario di Valorizzazione Territoriale di Immobili Pubblici)\u00a0<\/strong>un\u00a0<strong>raggruppamento temporaneo di professionisti<\/strong>\u00a0di cui fanno parte il Tstudio di Roma dell&#39;architetto Guendalina Salimei, gli Architetti Associati Laura Romagnoli e Guido Batocchioni di Roma, le societ\u00e0 Uppercut di Fagagna e FJFM srl di Roma, il dott. Michele Trimarchi di Roma, l&#39;associazione Kallipolis APS e l\u2019architetto Barbara Chiarelli di Trieste.<\/p>\n<p>I professionisti hanno\u00a0l\u2019obiettivo di trovare la migliore soluzione per la gestione di\u00a0<strong>sei immobili: l\u2019ex Caserma Ederle, l\u2019ex Caserma Piave, l\u2019ex Caserma dei Carabinieri di Piazza Grande, i Bastioni e le porte d\u2019ingresso alla citt\u00e0, l\u2019ex Caserma Montezemolo e la casa vicino alla Loggia della Gran Guardia di Borgo Aquileia.<\/strong><\/p>\n<p>Il\u00a0progetto di riuso delle caserme dismesse e sulla cinta fortificata prevede la realizzazione di un\u00a0percorso partecipativo oltre all\u2019elaborazione di un piano di recupero. Il dibattito, aperto con il primo incontro, prevede una discussione sui temi della valorizzazione di luoghi dall\u2019identit\u00e0 cos\u00ec forte e sui possibili scenari di sviluppo emersi nel quadro di uno studio sulle dinamiche urbane e territoriali, socio-economiche e culturali.<\/p>\n<p>A questa prima fase, che si concluder\u00e0 entro l\u2019estate, seguir\u00e0 poi una seconda, da completarsi entro l\u2019anno, che prevedr\u00e0 un\u00a0<strong>approfondimento sulla convenienza economica, finanziaria e gestionale<\/strong>\u00a0e sulle possibili strategie di comunicazione che possano animare il mercato e orientarlo verso l\u2019acquisto e la valorizzazione dei sei siti.<\/p>\n","protected":false},"excerpt":{"rendered":"<p>Progetto Unitario di Valorizzazione Territoriale di Immobili Pubblici<\/p>\n","protected":false},"author":28,"featured_media":29805,"comment_status":"closed","ping_status":"closed","sticky":false,"template":"","format":"standard","meta":{"dwc-title":[],"dwc-content":[],"footnotes":""},"categories":[5],"tags":[],"class_list":["post-29804","post","type-post","status-publish","format-standard","has-post-thumbnail","hentry","category-attualita"],"rttpg_featured_image_url":{"full":["https:\/\/imagazine.it\/wp-content\/uploads\/2024\/01\/30366-1.webp",750,502,false],"landscape":["https:\/\/imagazine.it\/wp-content\/uploads\/2024\/01\/30366-1.webp",750,502,false],"portraits":["https:\/\/imagazine.it\/wp-content\/uploads\/2024\/01\/30366-1.webp",750,502,false],"thumbnail":["https:\/\/imagazine.it\/wp-content\/uploads\/2024\/01\/30366-1-150x150.webp",150,150,true],"medium":["https:\/\/imagazine.it\/wp-content\/uploads\/2024\/01\/30366-1-300x201.webp",300,201,true],"large":["https:\/\/imagazine.it\/wp-content\/uploads\/2024\/01\/30366-1.webp",640,428,false],"thumblist":["https:\/\/imagazine.it\/wp-content\/uploads\/2024\/01\/30366-1.webp",300,201,false],"thumbrelated":["https:\/\/imagazine.it\/wp-content\/uploads\/2024\/01\/30366-1.webp",500,335,false],"meccarouselthumb":["https:\/\/imagazine.it\/wp-content\/uploads\/2024\/01\/30366-1.webp",474,317,false],"gridsquare":["https:\/\/imagazine.it\/wp-content\/uploads\/2024\/01\/30366-1.webp",388,260,false],"tileview":["https:\/\/imagazine.it\/wp-content\/uploads\/2024\/01\/30366-1.webp",300,201,false],"1536x1536":["https:\/\/imagazine.it\/wp-content\/uploads\/2024\/01\/30366-1.webp",750,502,false],"2048x2048":["https:\/\/imagazine.it\/wp-content\/uploads\/2024\/01\/30366-1.webp",750,502,false],"newsup-slider-full":["https:\/\/imagazine.it\/wp-content\/uploads\/2024\/01\/30366-1.webp",750,502,false],"newsup-featured":["https:\/\/imagazine.it\/wp-content\/uploads\/2024\/01\/30366-1.webp",750,502,false],"newsup-medium":["https:\/\/imagazine.it\/wp-content\/uploads\/2024\/01\/30366-1-720x380.webp",720,380,true],"tptn_thumbnail":["https:\/\/imagazine.it\/wp-content\/uploads\/2024\/01\/30366-1.webp",250,167,false],"sow-carousel-default":["https:\/\/imagazine.it\/wp-content\/uploads\/2024\/01\/30366-1-272x182.webp",272,182,true]},"rttpg_author":{"display_name":"redazione","author_link":"https:\/\/imagazine.it\/home_desk\/author\/redazione\/"},"rttpg_comment":0,"rttpg_category":"<a href=\"https:\/\/imagazine.it\/home_desk\/category\/attualita\/\" rel=\"category tag\">ATTUALIT\u00c0<\/a>","rttpg_excerpt":"Progetto Unitario di Valorizzazione Territoriale di Immobili Pubblici","_links":{"self":[{"href":"https:\/\/imagazine.it\/home_desk\/wp-json\/wp\/v2\/posts\/29804","targetHints":{"allow":["GET"]}}],"collection":[{"href":"https:\/\/imagazine.it\/home_desk\/wp-json\/wp\/v2\/posts"}],"about":[{"href":"https:\/\/imagazine.it\/home_desk\/wp-json\/wp\/v2\/types\/post"}],"author":[{"embeddable":true,"href":"https:\/\/imagazine.it\/home_desk\/wp-json\/wp\/v2\/users\/28"}],"replies":[{"embeddable":true,"href":"https:\/\/imagazine.it\/home_desk\/wp-json\/wp\/v2\/comments?post=29804"}],"version-history":[{"count":0,"href":"https:\/\/imagazine.it\/home_desk\/wp-json\/wp\/v2\/posts\/29804\/revisions"}],"wp:featuredmedia":[{"embeddable":true,"href":"https:\/\/imagazine.it\/home_desk\/wp-json\/wp\/v2\/media\/29805"}],"wp:attachment":[{"href":"https:\/\/imagazine.it\/home_desk\/wp-json\/wp\/v2\/media?parent=29804"}],"wp:term":[{"taxonomy":"category","embeddable":true,"href":"https:\/\/imagazine.it\/home_desk\/wp-json\/wp\/v2\/categories?post=29804"},{"taxonomy":"post_tag","embeddable":true,"href":"https:\/\/imagazine.it\/home_desk\/wp-json\/wp\/v2\/tags?post=29804"}],"curies":[{"name":"wp","href":"https:\/\/api.w.org\/{rel}","templated":true}]}}