{"id":29796,"date":"2019-07-09T00:00:00","date_gmt":"2019-07-08T23:00:00","guid":{"rendered":"https:\/\/imagazine.it\/?p=29796"},"modified":"2019-07-09T00:00:00","modified_gmt":"2019-07-08T23:00:00","slug":"oltre-quaranta-proposte-per-rinnovare-grado","status":"publish","type":"post","link":"https:\/\/imagazine.it\/home_desk\/oltre-quaranta-proposte-per-rinnovare-grado\/","title":{"rendered":"Oltre quaranta proposte per rinnovare Grado"},"content":{"rendered":"<p>Si sono chiusi i termini per la presentazione dei progetti relativamente ai concorsi di idee per la riqualificazione del retro spiaggia e completamento della passeggiata a mare di Costa Azzurra e per Piazza Carpaccio di Grado.<\/p>\n<p>\u201c<em>La partecipazione \u2013 <\/em>dichiara l\u2019assessore ai Lavori Pubblici e Urbanistica\u00a0<strong>Fabio Fabris<\/strong><em> \u2013 \u00e8 stata al di l\u00e0 delle aspettative:15 progetti per Piazza Carpaccio e 27 per Costa Azzurra. A fine estate avremo i risultati con i progetti vincitori<\/em>\u201d.<\/p>\n<p>Per quanto riguarda il concorso di idee per Costa Azzurra, la finalit\u00e0 dell\u2019amministrazione era quella di ottenere degli spazi fruibili durante tutto l\u2019anno, che possano essere utilizzati non solo dai turisti ma anche dai residenti, magari ampliando e riprogettando spazi, percorsi e usi di Costa Azzurra, considerando come preponderante l\u2019esigenza di allargare la fruibilit\u00e0 del retro spiaggia nell\u2019ambito del rispetto ambientale e normativo. Tra gli obiettivi proposti vi era tra gli altri l\u2019esigenza di riqualificare il rapporto del turista con il mare, anche nelle stagioni non estive. Inoltre realizzare un\u2019area verde attrezzata, organizzata\u00a0e protetta dal mare che risolva il distacco tra la passeggiata pedonale esistente e le zone pi\u00f9 densamente utilizzate della spiaggia, aumentare e ridistribuire i servizi potenziando l\u2019offerta di spazi dedicati allo sport, allo spettacolo, aree verdi attrezzate, giochi per bambini, attivit\u00e0 di somministrazione di alimenti e bevande nonch\u00e9 ottimizzare gli spazi destinati a deposito per le attrezzature da spiaggia e a servizio delle attivit\u00e0 esistenti e previste. Infine, migliorare la viabilit\u00e0 ciclabile e pedonale in modo da risolvere i conflitti in prossimit\u00e0 degli accessi alla spiaggia.<\/p>\n<p>Per Piazza Carpaccio invece gli obiettivi riguardavano una risistemazione dell\u2019area considerata come strategica, che possa stimolare e contribuire a una riqualificazione virtuosa a scala urbana che riponga un\u2019attenta cura nella valorizzazione della piazza come ingresso alla cittadina e punto di arrivo finale della Ciclovia Alpe Adria ma anche delle aree limitrofe, come la fruibilit\u00e0 verso Riva Gregori. Il sistema viario esistente non va modificato, a eccezione della viabilit\u00e0 all\u2019interno del parcheggio e delle vie Grego e Rizzo che devono essere alleggerite dal traffico. Attualmente in Piazza Carpaccio sono presenti 250 posti auto: con questo progetto era richiesto ai partecipanti di ricavarne 350, sistemati in modo non impattante (anche in una struttura parzialmente interrata). Tra gli obiettivi anche quello di realizzare un infopoint turistico, la sistemazione della viabilit\u00e0 ciclabile e pedonale con maggiore attenzione all\u2019utenza debole e la risistemazione del verde pubblico.<\/p>\n<p>Al soggetto vincitore di ciascun concorso verr\u00e0 affidata successivamente, previo reperimento delle risorse economiche necessarie (ed eventuale variante al Piano Regolatore), la fase successiva della progettazione preliminare, con procedura negoziata senza bando. Il costo stimato per la realizzazione dell&#39;opera per Costa Azzurra \u00e8 di 2 milioni di euro, mentre per Piazza Carpaccio \u00e8 di 4 milioni di euro, entrambi al netto di IVA e oneri della sicurezza e al netto delle somme a disposizione (spese tecniche, costi generali).<\/p>\n<p>La nomina della Commissione giudicatrice avverr\u00e0 con atto del Comune di Grado, nominata secondo criteri di trasparenza e competenza, e sar\u00e0 composta da 3 membri esperti.<\/p>\n<p><a href=\"http:\/\/imagazinevideotruck.it\/outlet\/relink.html\" target=\"_top\" rel=\"noopener\"><img loading=\"lazy\" decoding=\"async\" align=\"LEFT\" height=\"250\" src=\"http:\/\/imagazinevideotruck.it\/outlet\/outlet30.gif\" width=\"300\" alt=\"\" title=\"\"><\/a><\/p>\n<p>\u00a0<\/p>\n<p>\u00a0<\/p>\n<p>\u00a0<\/p>\n<p>\u00a0<\/p>\n<p>\u00a0<\/p>\n<p>\u00a0<\/p>\n<p>\u00a0<\/p>\n<p>\u00a0<\/p>\n<p>\u00a0<\/p>\n<p>Entrambi i concorsi si concluderanno con una specifica graduatoria di merito e con l&#39;attribuzione di alcuni premi: per il primo classificato: 8.000 euro; per il secondo classificato: 3.500 euro; per il terzo classificato: 2.500 euro; per il quarto classificato: 1.500 euro; per il quinto classificato: 500 euro. Agli autori di tutte le proposte meritevoli (primi cinque classificati pi\u00f9 eventuali altre proposte meritevoli di menzione), verr\u00e0 rilasciato un Certificato di Buona Esecuzione del Servizio, utilizzabile a livello curriculare, quale studio di fattibilit\u00e0, sia in termini di requisiti di partecipazione che di merito tecnico, nell&#39;ambito di procedure di affidamento di servizi di architettura e ingegneria.<\/p>\n","protected":false},"excerpt":{"rendered":"<p>Chiusi i termini per i concorsi di idee<\/p>\n","protected":false},"author":28,"featured_media":29797,"comment_status":"closed","ping_status":"closed","sticky":false,"template":"","format":"standard","meta":{"dwc-title":[],"dwc-content":[],"footnotes":""},"categories":[5],"tags":[],"class_list":["post-29796","post","type-post","status-publish","format-standard","has-post-thumbnail","hentry","category-attualita"],"rttpg_featured_image_url":{"full":["https:\/\/imagazine.it\/wp-content\/uploads\/2024\/01\/30351-1.webp",750,475,false],"landscape":["https:\/\/imagazine.it\/wp-content\/uploads\/2024\/01\/30351-1.webp",750,475,false],"portraits":["https:\/\/imagazine.it\/wp-content\/uploads\/2024\/01\/30351-1.webp",750,475,false],"thumbnail":["https:\/\/imagazine.it\/wp-content\/uploads\/2024\/01\/30351-1-150x150.webp",150,150,true],"medium":["https:\/\/imagazine.it\/wp-content\/uploads\/2024\/01\/30351-1-300x190.webp",300,190,true],"large":["https:\/\/imagazine.it\/wp-content\/uploads\/2024\/01\/30351-1.webp",640,405,false],"thumblist":["https:\/\/imagazine.it\/wp-content\/uploads\/2024\/01\/30351-1.webp",300,190,false],"thumbrelated":["https:\/\/imagazine.it\/wp-content\/uploads\/2024\/01\/30351-1.webp",500,317,false],"meccarouselthumb":["https:\/\/imagazine.it\/wp-content\/uploads\/2024\/01\/30351-1.webp",474,300,false],"gridsquare":["https:\/\/imagazine.it\/wp-content\/uploads\/2024\/01\/30351-1.webp",391,248,false],"tileview":["https:\/\/imagazine.it\/wp-content\/uploads\/2024\/01\/30351-1.webp",300,190,false],"1536x1536":["https:\/\/imagazine.it\/wp-content\/uploads\/2024\/01\/30351-1.webp",750,475,false],"2048x2048":["https:\/\/imagazine.it\/wp-content\/uploads\/2024\/01\/30351-1.webp",750,475,false],"newsup-slider-full":["https:\/\/imagazine.it\/wp-content\/uploads\/2024\/01\/30351-1.webp",750,475,false],"newsup-featured":["https:\/\/imagazine.it\/wp-content\/uploads\/2024\/01\/30351-1.webp",750,475,false],"newsup-medium":["https:\/\/imagazine.it\/wp-content\/uploads\/2024\/01\/30351-1-720x380.webp",720,380,true],"tptn_thumbnail":["https:\/\/imagazine.it\/wp-content\/uploads\/2024\/01\/30351-1.webp",250,158,false],"sow-carousel-default":["https:\/\/imagazine.it\/wp-content\/uploads\/2024\/01\/30351-1-272x182.webp",272,182,true]},"rttpg_author":{"display_name":"redazione","author_link":"https:\/\/imagazine.it\/home_desk\/author\/redazione\/"},"rttpg_comment":0,"rttpg_category":"<a href=\"https:\/\/imagazine.it\/home_desk\/category\/attualita\/\" rel=\"category tag\">ATTUALIT\u00c0<\/a>","rttpg_excerpt":"Chiusi i termini per i concorsi di idee","_links":{"self":[{"href":"https:\/\/imagazine.it\/home_desk\/wp-json\/wp\/v2\/posts\/29796","targetHints":{"allow":["GET"]}}],"collection":[{"href":"https:\/\/imagazine.it\/home_desk\/wp-json\/wp\/v2\/posts"}],"about":[{"href":"https:\/\/imagazine.it\/home_desk\/wp-json\/wp\/v2\/types\/post"}],"author":[{"embeddable":true,"href":"https:\/\/imagazine.it\/home_desk\/wp-json\/wp\/v2\/users\/28"}],"replies":[{"embeddable":true,"href":"https:\/\/imagazine.it\/home_desk\/wp-json\/wp\/v2\/comments?post=29796"}],"version-history":[{"count":0,"href":"https:\/\/imagazine.it\/home_desk\/wp-json\/wp\/v2\/posts\/29796\/revisions"}],"wp:featuredmedia":[{"embeddable":true,"href":"https:\/\/imagazine.it\/home_desk\/wp-json\/wp\/v2\/media\/29797"}],"wp:attachment":[{"href":"https:\/\/imagazine.it\/home_desk\/wp-json\/wp\/v2\/media?parent=29796"}],"wp:term":[{"taxonomy":"category","embeddable":true,"href":"https:\/\/imagazine.it\/home_desk\/wp-json\/wp\/v2\/categories?post=29796"},{"taxonomy":"post_tag","embeddable":true,"href":"https:\/\/imagazine.it\/home_desk\/wp-json\/wp\/v2\/tags?post=29796"}],"curies":[{"name":"wp","href":"https:\/\/api.w.org\/{rel}","templated":true}]}}