{"id":29794,"date":"2019-07-09T00:00:00","date_gmt":"2019-07-08T23:00:00","guid":{"rendered":"https:\/\/imagazine.it\/?p=29794"},"modified":"2019-07-09T00:00:00","modified_gmt":"2019-07-08T23:00:00","slug":"friuli-protagonista-del-turismo-sulla-luna","status":"publish","type":"post","link":"https:\/\/imagazine.it\/home_desk\/friuli-protagonista-del-turismo-sulla-luna\/","title":{"rendered":"Friuli protagonista del turismo sulla Luna"},"content":{"rendered":"<p>Era l\u2019estate del 1969 quando il primo uomo mise piede sulla Luna. Un \u201cgrande passo per l\u2019Umanit\u00e0\u201d al quale, per\u00f2, non fece seguito un percorso di \u201cconquista\u201d, per molti motivi. Ci\u00f2 nonostante, recentemente, alcune aziende commerciali hanno lavorato per costruire la prospettiva reale di accedere allo spazio in maniera pi\u00f9 economica rispetto a quella delle missioni Apollo, con livelli di sicurezza equivalenti a quelli delle agenzie governative. Grazie allo sforzo di organizzazioni come SpaceX, Virgin Galactic e Blue Origin, ma non solo, si sta acquisendo una nuova consapevolezza che lo spazio sar\u00e0 accessibile, a breve, a migliaia di persone.<\/p>\n<p>Per una riflessione sulla ricorrenza e su questi temi, CrediFriuli e Afam di Remanzacco hanno organizzato un incontro molto partecipato con il pilota spaziale friulano, <strong>Nicola Pecile<\/strong>, presso la Sala convegni della banca, a Udine. La presentazione ha analizzato i programmi attuali commerciali e governativi per un ritorno dell\u2019uomo sulla Luna anche attraverso i progressi recenti di Virgin Galactic e del programma SpaceShipTwo (Pecile, 46 anni, \u00e8 il pi\u00f9 giovane e unico italiano del gruppo di 7 piloti che si stanno preparando per aprire una nuova era del volo) che prometter\u00e0, nei prossimi anni, di raggiungere lo spazio sub-orbitale con voli regolari, fornendo a migliaia di persone la possibilit\u00e0 di ammirare dallo spazio il nostro pianeta.<\/p>\n<p><a href=\"http:\/\/imagazinevideotruck.it\/outlet\/relink.html\" target=\"_top\" rel=\"noopener\"><img loading=\"lazy\" decoding=\"async\" align=\"LEFT\" height=\"250\" src=\"http:\/\/imagazinevideotruck.it\/outlet\/outlet30.gif\" width=\"300\" alt=\"\" title=\"\"><\/a><\/p>\n<p>\u00a0<\/p>\n<p>\u00a0<\/p>\n<p>\u00a0<\/p>\n<p>\u00a0<\/p>\n<p>\u00a0<\/p>\n<p>\u00a0<\/p>\n<p>\u00a0<\/p>\n<p>\u00a0<\/p>\n<p>\u00a0<\/p>\n<p>\u00abAbbiamo fin da subito sposato il progetto dell\u2019Afam per l\u2019acquisto di un nuovo telescopio rifrattore \u2013 ha affermato il presidente di CrediFiuli, <strong>Luciano Sartoretti<\/strong> \u2013 che permetta una pi\u00f9 accurata osservazione dei cieli, da parte degli amanti dell\u2019astronomia del nostro territorio\u00bb.<\/p>\n<p>\u00abL&#39;incontro con Nicola Pecile, oltre a inserirsi nelle manifestazioni dei 50 anni dallo sbarco sulla Luna \u2013 ha sottolineato <strong>Paolo Corelli<\/strong>, presidente dell&#39;Afam \u2013, rientra nella serie di iniziative promosse dal nostro sodalizio per celebrare i 30 anni dall&#39;inaugurazione della StAR, la Stazione Astronomica di Remanzacco, il cui scopo principale \u00e8 quello di avvicinare il grande pubblico e i ragazzi delle scuole a questo affascinante mondo. Grazie alla disponibilit\u00e0 dell&#39;Istituto che ci ospita, la StAR disporr\u00e0, entro il prossimo anno, di uno strumento principe che sar\u00e0 messo a disposizione dei tanti appassionati friulani e tutto ci\u00f2 non sarebbe per\u00f2 stato possibile senza la sensibilit\u00e0 di CrediFriuli e senza l&#39;aiuto ricevuto dall&#39;Amministrazione comunale di Remanzacco che ci ospita dal 1984\u00bb.<\/p>\n<p>\u00abI rapporti con l&#39;Afam \u2013 ha evidenziato il sindaco di Remanzacco, <strong>Daniela Briz<\/strong> \u2013 sono sempre stati ottimi e siamo orgogliosi di avere in casa una simile eccellenza che ha proiettato il nome di Remanzacco nel mondo, anche con la scoperta di 9 asteroidi, uno dei quali porta proprio il nome della nostra cittadina\u00bb.<\/p>\n","protected":false},"excerpt":{"rendered":"<p>Nuove prospettive a 50 anni dallo sbarco<\/p>\n","protected":false},"author":28,"featured_media":29795,"comment_status":"closed","ping_status":"closed","sticky":false,"template":"","format":"standard","meta":{"dwc-title":[],"dwc-content":[],"footnotes":""},"categories":[6],"tags":[],"class_list":["post-29794","post","type-post","status-publish","format-standard","has-post-thumbnail","hentry","category-societa"],"rttpg_featured_image_url":{"full":["https:\/\/imagazine.it\/wp-content\/uploads\/2024\/01\/30348-1.webp",750,439,false],"landscape":["https:\/\/imagazine.it\/wp-content\/uploads\/2024\/01\/30348-1.webp",750,439,false],"portraits":["https:\/\/imagazine.it\/wp-content\/uploads\/2024\/01\/30348-1.webp",750,439,false],"thumbnail":["https:\/\/imagazine.it\/wp-content\/uploads\/2024\/01\/30348-1-150x150.webp",150,150,true],"medium":["https:\/\/imagazine.it\/wp-content\/uploads\/2024\/01\/30348-1-300x176.webp",300,176,true],"large":["https:\/\/imagazine.it\/wp-content\/uploads\/2024\/01\/30348-1.webp",640,375,false],"thumblist":["https:\/\/imagazine.it\/wp-content\/uploads\/2024\/01\/30348-1.webp",300,176,false],"thumbrelated":["https:\/\/imagazine.it\/wp-content\/uploads\/2024\/01\/30348-1.webp",500,293,false],"meccarouselthumb":["https:\/\/imagazine.it\/wp-content\/uploads\/2024\/01\/30348-1.webp",474,277,false],"gridsquare":["https:\/\/imagazine.it\/wp-content\/uploads\/2024\/01\/30348-1.webp",391,229,false],"tileview":["https:\/\/imagazine.it\/wp-content\/uploads\/2024\/01\/30348-1.webp",300,176,false],"1536x1536":["https:\/\/imagazine.it\/wp-content\/uploads\/2024\/01\/30348-1.webp",750,439,false],"2048x2048":["https:\/\/imagazine.it\/wp-content\/uploads\/2024\/01\/30348-1.webp",750,439,false],"newsup-slider-full":["https:\/\/imagazine.it\/wp-content\/uploads\/2024\/01\/30348-1.webp",750,439,false],"newsup-featured":["https:\/\/imagazine.it\/wp-content\/uploads\/2024\/01\/30348-1.webp",750,439,false],"newsup-medium":["https:\/\/imagazine.it\/wp-content\/uploads\/2024\/01\/30348-1-720x380.webp",720,380,true],"tptn_thumbnail":["https:\/\/imagazine.it\/wp-content\/uploads\/2024\/01\/30348-1.webp",250,146,false],"sow-carousel-default":["https:\/\/imagazine.it\/wp-content\/uploads\/2024\/01\/30348-1-272x182.webp",272,182,true]},"rttpg_author":{"display_name":"redazione","author_link":"https:\/\/imagazine.it\/home_desk\/author\/redazione\/"},"rttpg_comment":0,"rttpg_category":"<a href=\"https:\/\/imagazine.it\/home_desk\/category\/societa\/\" rel=\"category tag\">SOCIET\u00c0<\/a>","rttpg_excerpt":"Nuove prospettive a 50 anni dallo sbarco","_links":{"self":[{"href":"https:\/\/imagazine.it\/home_desk\/wp-json\/wp\/v2\/posts\/29794","targetHints":{"allow":["GET"]}}],"collection":[{"href":"https:\/\/imagazine.it\/home_desk\/wp-json\/wp\/v2\/posts"}],"about":[{"href":"https:\/\/imagazine.it\/home_desk\/wp-json\/wp\/v2\/types\/post"}],"author":[{"embeddable":true,"href":"https:\/\/imagazine.it\/home_desk\/wp-json\/wp\/v2\/users\/28"}],"replies":[{"embeddable":true,"href":"https:\/\/imagazine.it\/home_desk\/wp-json\/wp\/v2\/comments?post=29794"}],"version-history":[{"count":0,"href":"https:\/\/imagazine.it\/home_desk\/wp-json\/wp\/v2\/posts\/29794\/revisions"}],"wp:featuredmedia":[{"embeddable":true,"href":"https:\/\/imagazine.it\/home_desk\/wp-json\/wp\/v2\/media\/29795"}],"wp:attachment":[{"href":"https:\/\/imagazine.it\/home_desk\/wp-json\/wp\/v2\/media?parent=29794"}],"wp:term":[{"taxonomy":"category","embeddable":true,"href":"https:\/\/imagazine.it\/home_desk\/wp-json\/wp\/v2\/categories?post=29794"},{"taxonomy":"post_tag","embeddable":true,"href":"https:\/\/imagazine.it\/home_desk\/wp-json\/wp\/v2\/tags?post=29794"}],"curies":[{"name":"wp","href":"https:\/\/api.w.org\/{rel}","templated":true}]}}