{"id":29792,"date":"2019-07-08T00:00:00","date_gmt":"2019-07-07T23:00:00","guid":{"rendered":"https:\/\/imagazine.it\/?p=29792"},"modified":"2019-07-08T00:00:00","modified_gmt":"2019-07-07T23:00:00","slug":"girare-il-mondo-attraverso-il-cibo","status":"publish","type":"post","link":"https:\/\/imagazine.it\/home_desk\/girare-il-mondo-attraverso-il-cibo\/","title":{"rendered":"Girare il mondo attraverso il cibo"},"content":{"rendered":"<p>Perch\u00e9 si organizza la cena multietnica di Joannis di Aiello del Friuli? Perch\u00e9 ogni anno (questo \u00e8 il quinto) si organizza questo incontro conviviale? C&#39;\u00e8 chi dice per\u00a0l&#39;integrazione, chi per curiosit\u00e0 di voler conoscere i sapori e i gusti altrui, insomma\u00a0voler valorizzare i nostri cinque sensi per capire le diversit\u00e0 che sono sparse sulla\u00a0terra: possiamo scherzosamente dire una globalizzazione della passione culinaria. I\u00a0motivi sono tanti, anche sottintesi, l&#39;importante \u00e8 credere in quello che si fa e\u00a0nell&#39;impegno non facile per allestire questo momento: ma ogni anno, puntuale, ecco\u00a0arrivare l&#39;incontro tra popoli e culture diverse.<\/p>\n<p>Il lavoro dietro alle quinte \u00e8 notevole anche se gli invitati vedono solo il risultato finale, ossia il piatto pronto da gustare e apprezzare. Lo staff del <strong>C.I.L. (Comitato Iniziative Locali) e della Parrocchia di Sant&#39;Agnese<\/strong> e gli ideatori dei piatti hanno creato un vero connubio di colori e profumi, bastava andare in cucina (e chi scrive ci \u00e8 stato pi\u00f9 volte) per accorgersi che non c&#39;era solo l&#39;impegno della preparazione ma anche una grande gioia nel confrontare i piatti delle diverse culture culinarie. L&#39;antipasto era quello geograficamente pi\u00f9 vicino a noi: <strong>Fabio di Trieste <\/strong>ha presentato il <strong>prosciutto in crosta di pane con il kren<\/strong> (cotto triestino), preparato solo con ingredienti essenziali come prosciutto affumicato e kren per renderlo piacevole sia alla vista che al palato. Poi, per il primo piatto siamo andati in <strong>Medio Oriente, in Afghanistan, con Omen<\/strong> che ha preparato un gustosissimo <strong><em>Kabuli Palaw<\/em><\/strong>, considerato il piatto nazionale afgano: un composto di riso cotto al vapore, mescolato con uva sultanina, carote e carne d&#39;agnello (dal suo nome trae origine la capitale Kabul), accompagnato dalle polpettine e da una bevanda, il <em>kawa<\/em>, un t\u00e8 aromatizzato con zucchero e spezie.<\/p>\n<p>Il secondo piatto \u00e8 arrivato dal <strong>Burkina Faso (Africa)<\/strong> e il simpatico <strong>Urbano<\/strong> ci ha fatto gustare il <strong>Beggha \u2013 Sosso<\/strong>, una pietanza a base di fagioli e pezzetti di carne, piatto immancabile nelle grandi occasioni come feste e matrimoni. Anche questa portata \u00e8 stata accompagnata da una bevanda speciale, il <strong><em>Lebourigi<\/em><\/strong>, una bibita rinfrescante a base di zenzero. Per il dolce la signora <strong>Dubravska<\/strong> (conosciuta da tutti come <strong>Duda<\/strong>), arrivata dalla <strong>Bosnia,<\/strong> ha preparato due delizie: il <strong>Bosanshke Hurmasice<\/strong>, biscotti di pasta frolla inzuppati in uno sciroppo di acqua e zucchero, e i <strong>Cupavci<\/strong>, un pan di Spagna ricoperto da uno strato di salsa di cioccolato spolverizzato da scaglie di cocco.<\/p>\n<p>Una serata all&#39;insegna della curiosit\u00e0 e del buon umore, con sottofondo le tradizionali musiche dei luoghi di origine dei piatti: il tutto contornato da un tocco di friulanit\u00e0: il vino, naturalmente di <strong>Joannis<\/strong>, inconfondibile nel mondo.<\/p>\n<p><a href=\"http:\/\/imagazinevideotruck.it\/outlet\/relink.html\" target=\"_top\" rel=\"noopener\"><img loading=\"lazy\" decoding=\"async\" align=\"LEFT\" height=\"250\" src=\"http:\/\/imagazinevideotruck.it\/outlet\/outlet30.gif\" width=\"300\" alt=\"\" title=\"\"><\/a><\/p>\n","protected":false},"excerpt":{"rendered":"<p>Guarda le foto on line<\/p>\n","protected":false},"author":22,"featured_media":29793,"comment_status":"closed","ping_status":"closed","sticky":false,"template":"","format":"standard","meta":{"dwc-title":[],"dwc-content":[],"footnotes":""},"categories":[5],"tags":[],"class_list":["post-29792","post","type-post","status-publish","format-standard","has-post-thumbnail","hentry","category-attualita"],"rttpg_featured_image_url":{"full":["https:\/\/imagazine.it\/wp-content\/uploads\/2024\/01\/30344-1.webp",750,494,false],"landscape":["https:\/\/imagazine.it\/wp-content\/uploads\/2024\/01\/30344-1.webp",750,494,false],"portraits":["https:\/\/imagazine.it\/wp-content\/uploads\/2024\/01\/30344-1.webp",750,494,false],"thumbnail":["https:\/\/imagazine.it\/wp-content\/uploads\/2024\/01\/30344-1-150x150.webp",150,150,true],"medium":["https:\/\/imagazine.it\/wp-content\/uploads\/2024\/01\/30344-1-300x198.webp",300,198,true],"large":["https:\/\/imagazine.it\/wp-content\/uploads\/2024\/01\/30344-1.webp",640,422,false],"thumblist":["https:\/\/imagazine.it\/wp-content\/uploads\/2024\/01\/30344-1.webp",300,198,false],"thumbrelated":["https:\/\/imagazine.it\/wp-content\/uploads\/2024\/01\/30344-1.webp",500,329,false],"meccarouselthumb":["https:\/\/imagazine.it\/wp-content\/uploads\/2024\/01\/30344-1.webp",474,312,false],"gridsquare":["https:\/\/imagazine.it\/wp-content\/uploads\/2024\/01\/30344-1.webp",391,258,false],"tileview":["https:\/\/imagazine.it\/wp-content\/uploads\/2024\/01\/30344-1.webp",300,198,false],"1536x1536":["https:\/\/imagazine.it\/wp-content\/uploads\/2024\/01\/30344-1.webp",750,494,false],"2048x2048":["https:\/\/imagazine.it\/wp-content\/uploads\/2024\/01\/30344-1.webp",750,494,false],"newsup-slider-full":["https:\/\/imagazine.it\/wp-content\/uploads\/2024\/01\/30344-1.webp",750,494,false],"newsup-featured":["https:\/\/imagazine.it\/wp-content\/uploads\/2024\/01\/30344-1.webp",750,494,false],"newsup-medium":["https:\/\/imagazine.it\/wp-content\/uploads\/2024\/01\/30344-1-720x380.webp",720,380,true],"tptn_thumbnail":["https:\/\/imagazine.it\/wp-content\/uploads\/2024\/01\/30344-1.webp",250,165,false],"sow-carousel-default":["https:\/\/imagazine.it\/wp-content\/uploads\/2024\/01\/30344-1-272x182.webp",272,182,true]},"rttpg_author":{"display_name":"Livio Nonis","author_link":"https:\/\/imagazine.it\/home_desk\/author\/nonis\/"},"rttpg_comment":0,"rttpg_category":"<a href=\"https:\/\/imagazine.it\/home_desk\/category\/attualita\/\" rel=\"category tag\">ATTUALIT\u00c0<\/a>","rttpg_excerpt":"Guarda le foto on line","_links":{"self":[{"href":"https:\/\/imagazine.it\/home_desk\/wp-json\/wp\/v2\/posts\/29792","targetHints":{"allow":["GET"]}}],"collection":[{"href":"https:\/\/imagazine.it\/home_desk\/wp-json\/wp\/v2\/posts"}],"about":[{"href":"https:\/\/imagazine.it\/home_desk\/wp-json\/wp\/v2\/types\/post"}],"author":[{"embeddable":true,"href":"https:\/\/imagazine.it\/home_desk\/wp-json\/wp\/v2\/users\/22"}],"replies":[{"embeddable":true,"href":"https:\/\/imagazine.it\/home_desk\/wp-json\/wp\/v2\/comments?post=29792"}],"version-history":[{"count":0,"href":"https:\/\/imagazine.it\/home_desk\/wp-json\/wp\/v2\/posts\/29792\/revisions"}],"wp:featuredmedia":[{"embeddable":true,"href":"https:\/\/imagazine.it\/home_desk\/wp-json\/wp\/v2\/media\/29793"}],"wp:attachment":[{"href":"https:\/\/imagazine.it\/home_desk\/wp-json\/wp\/v2\/media?parent=29792"}],"wp:term":[{"taxonomy":"category","embeddable":true,"href":"https:\/\/imagazine.it\/home_desk\/wp-json\/wp\/v2\/categories?post=29792"},{"taxonomy":"post_tag","embeddable":true,"href":"https:\/\/imagazine.it\/home_desk\/wp-json\/wp\/v2\/tags?post=29792"}],"curies":[{"name":"wp","href":"https:\/\/api.w.org\/{rel}","templated":true}]}}