{"id":29790,"date":"2019-07-08T00:00:00","date_gmt":"2019-07-07T23:00:00","guid":{"rendered":"https:\/\/imagazine.it\/?p=29790"},"modified":"2019-07-08T00:00:00","modified_gmt":"2019-07-07T23:00:00","slug":"larte-internazionale-di-casa-a-monfalcone","status":"publish","type":"post","link":"https:\/\/imagazine.it\/home_desk\/larte-internazionale-di-casa-a-monfalcone\/","title":{"rendered":"L&#8217;arte internazionale di casa a Monfalcone"},"content":{"rendered":"<p>Le opere di due grandi artisti internazionali, l&#39;americana <strong>Sandy Skoglund<\/strong> e l&#39;olandese <strong>Teun Hocks, <\/strong>messe in relazione con l&#39;opera storicizzata di <strong>Miela Reina<\/strong>, artista del territorio,\u00a0 celebrata in Italia e all&#39;estero, saranno in mostra dal 12 luglio al 3 agosto nella Galleria Comunale d\u2019Arte Contemporanea di Monfalcone.<\/p>\n<p><u><a href=\"http:\/\/www.imagazine.it\/eventi\/28740\" target=\"_blank\" rel=\"noopener\"><strong><em>In prima persona<\/em><\/strong> \u00e8 un\u2019esposizione promossa dal Comune di Monfalcone<\/a><\/u>, che apre la 15^ edizione di \u201cQuesta volta metti in scena&#8230; la Meraviglia di Alice\u201d- Scoperte Leonardesche tra Cielo e Terra, un progetto dell\u2019Associazione Opera Viva, ideato e diretto dall\u2019artista <strong>Lorena Matic<\/strong>, che mette in stretta relazione la meraviglia generata dagli studi e dalle scoperte di Leonardo Da Vinci, con la meraviglia che incontra la protagonista del racconto di Lewis Carroll \u2013 <em>Alice nel Paese delle Meraviglie<\/em> \u2013 pseudonimo del matematico Charles Lutwidge Dodgson, nel suo viaggio.<\/p>\n<p>La mostra \u00e8 stata presentata alla stampa anche dall\u2019assessore comunale alla Cultura <strong>Luca Fasan<\/strong>.<\/p>\n<p>\u201cTratto distintivo degli autori \u2013 spiega Lorena Matic \u2013 \u00e8 la narrazione che in Reina parte gi\u00e0 dal titolo dell&#39;opera, in Skoglund nel ricreare minuziose ambientazioni fiabesche e in Hocks dalla mise en sc\u00e8ne, in cui l&#39;artista stesso \u00e8 il personaggio di surreali racconti. In mostra alla Galleria comunale d\u2019Arte Contemporanea di Monfalcone complessivamente pi\u00f9 di cinquanta opere e, per la prima volta in regione, si propone l&#39;opera di Teun Hocks e un notevole nucleo di opere fotografiche in grande formato di Sandy Skoglund, artista presente nei pi\u00f9 prestigiosi musei: Centre Pompidou, Metropolitan Museum of Art, Whitney Museum\u201d.\u00a0<\/p>\n","protected":false},"excerpt":{"rendered":"<p>Al via &#8220;In prima persona&#8221;<\/p>\n","protected":false},"author":28,"featured_media":29791,"comment_status":"closed","ping_status":"closed","sticky":false,"template":"","format":"standard","meta":{"dwc-title":[],"dwc-content":[],"footnotes":""},"categories":[37],"tags":[],"class_list":["post-29790","post","type-post","status-publish","format-standard","has-post-thumbnail","hentry","category-cultura-e-spettacolo"],"rttpg_featured_image_url":{"full":["https:\/\/imagazine.it\/wp-content\/uploads\/2024\/01\/30331-1.webp",747,491,false],"landscape":["https:\/\/imagazine.it\/wp-content\/uploads\/2024\/01\/30331-1.webp",747,491,false],"portraits":["https:\/\/imagazine.it\/wp-content\/uploads\/2024\/01\/30331-1.webp",747,491,false],"thumbnail":["https:\/\/imagazine.it\/wp-content\/uploads\/2024\/01\/30331-1-150x150.webp",150,150,true],"medium":["https:\/\/imagazine.it\/wp-content\/uploads\/2024\/01\/30331-1-300x197.webp",300,197,true],"large":["https:\/\/imagazine.it\/wp-content\/uploads\/2024\/01\/30331-1.webp",640,421,false],"thumblist":["https:\/\/imagazine.it\/wp-content\/uploads\/2024\/01\/30331-1.webp",300,197,false],"thumbrelated":["https:\/\/imagazine.it\/wp-content\/uploads\/2024\/01\/30331-1.webp",500,329,false],"meccarouselthumb":["https:\/\/imagazine.it\/wp-content\/uploads\/2024\/01\/30331-1.webp",474,312,false],"gridsquare":["https:\/\/imagazine.it\/wp-content\/uploads\/2024\/01\/30331-1.webp",391,257,false],"tileview":["https:\/\/imagazine.it\/wp-content\/uploads\/2024\/01\/30331-1.webp",300,197,false],"1536x1536":["https:\/\/imagazine.it\/wp-content\/uploads\/2024\/01\/30331-1.webp",747,491,false],"2048x2048":["https:\/\/imagazine.it\/wp-content\/uploads\/2024\/01\/30331-1.webp",747,491,false],"newsup-slider-full":["https:\/\/imagazine.it\/wp-content\/uploads\/2024\/01\/30331-1.webp",747,491,false],"newsup-featured":["https:\/\/imagazine.it\/wp-content\/uploads\/2024\/01\/30331-1.webp",747,491,false],"newsup-medium":["https:\/\/imagazine.it\/wp-content\/uploads\/2024\/01\/30331-1-720x380.webp",720,380,true],"tptn_thumbnail":["https:\/\/imagazine.it\/wp-content\/uploads\/2024\/01\/30331-1.webp",250,164,false],"sow-carousel-default":["https:\/\/imagazine.it\/wp-content\/uploads\/2024\/01\/30331-1-272x182.webp",272,182,true]},"rttpg_author":{"display_name":"redazione","author_link":"https:\/\/imagazine.it\/home_desk\/author\/redazione\/"},"rttpg_comment":0,"rttpg_category":"<a href=\"https:\/\/imagazine.it\/home_desk\/category\/cultura-e-spettacolo\/\" rel=\"category tag\">CULTURA&amp;SPETTACOLO<\/a>","rttpg_excerpt":"Al via \"In prima persona\"","_links":{"self":[{"href":"https:\/\/imagazine.it\/home_desk\/wp-json\/wp\/v2\/posts\/29790","targetHints":{"allow":["GET"]}}],"collection":[{"href":"https:\/\/imagazine.it\/home_desk\/wp-json\/wp\/v2\/posts"}],"about":[{"href":"https:\/\/imagazine.it\/home_desk\/wp-json\/wp\/v2\/types\/post"}],"author":[{"embeddable":true,"href":"https:\/\/imagazine.it\/home_desk\/wp-json\/wp\/v2\/users\/28"}],"replies":[{"embeddable":true,"href":"https:\/\/imagazine.it\/home_desk\/wp-json\/wp\/v2\/comments?post=29790"}],"version-history":[{"count":0,"href":"https:\/\/imagazine.it\/home_desk\/wp-json\/wp\/v2\/posts\/29790\/revisions"}],"wp:featuredmedia":[{"embeddable":true,"href":"https:\/\/imagazine.it\/home_desk\/wp-json\/wp\/v2\/media\/29791"}],"wp:attachment":[{"href":"https:\/\/imagazine.it\/home_desk\/wp-json\/wp\/v2\/media?parent=29790"}],"wp:term":[{"taxonomy":"category","embeddable":true,"href":"https:\/\/imagazine.it\/home_desk\/wp-json\/wp\/v2\/categories?post=29790"},{"taxonomy":"post_tag","embeddable":true,"href":"https:\/\/imagazine.it\/home_desk\/wp-json\/wp\/v2\/tags?post=29790"}],"curies":[{"name":"wp","href":"https:\/\/api.w.org\/{rel}","templated":true}]}}