{"id":29784,"date":"2019-07-05T00:00:00","date_gmt":"2019-07-04T23:00:00","guid":{"rendered":"https:\/\/imagazine.it\/?p=29784"},"modified":"2019-07-05T00:00:00","modified_gmt":"2019-07-04T23:00:00","slug":"marlene-kuntz-tour-rinviato-a-ottobre","status":"publish","type":"post","link":"https:\/\/imagazine.it\/home_desk\/marlene-kuntz-tour-rinviato-a-ottobre\/","title":{"rendered":"Marlene Kuntz, tour rinviato a ottobre"},"content":{"rendered":"<p>Il tour dei\u00a0<strong>Marlene Kuntz<\/strong>, che prevedeva un concerto in programma al\u00a0<strong>Castello di Udine<\/strong>\u00a0il prossimo\u00a0<strong>19 luglio<\/strong>, \u00e8 posticipato al prossimo autunno. A motivare lo spostamento il riacutizzarsi di una tendinite che ha colpito il batterista della band\u00a0<strong>Luca Bergia<\/strong>.<\/p>\n<p>I possessori di regolare biglietto d\u2019ingresso potranno fare\u00a0<strong>richiesta di rimborso<\/strong>\u00a0a partire da\u00a0<strong>luned\u00ec 8 luglio ed entro e non oltre il giorno mercoled\u00ec 31 luglio<\/strong>, nel punto vendita dove \u00e8 stato effettuato l\u2019acquisto, consegnando i biglietti in originale.<\/p>\n<p>Nel caso di acquisti effettuati sul sito\u00a0<strong>TicketOne.it<\/strong>\u00a0o tramite call center, il customer service invier\u00e0 una e-mail ai clienti contenente tutti i dettagli. Eventuali informazioni possono essere richieste all\u2019indirizzo\u00a0<a href=\"mailto:ecomm.customerservice@ticketone.it\" target=\"_blank\" rel=\"noopener\">ecomm.customerservice@<wbr \/>ticketone.it<\/a>\u00a0o al numero 892.101.<\/p>\n<p>A dare la notizia dello spostamento del tour proprio\u00a0<strong>Luca Bergia<\/strong>, attraverso un lungo messaggio destinato ai fan, postato sui canali social della band.<\/p>\n<p>\u00a0\u201c<em>Ciao amici: ho sperato fino all\u2019ultimo di non dover scrivere queste mie parole. Siamo nella nostra sala prove da diversi giorni, e dallo scorso luned\u00ec 24\/6 siamo partiti con un entusiasmo incredibile per le prove di questo tour unico tra alcune delle location pi\u00f9 belle d\u2019Italia; vi lascio immaginare la gioia di sentire risuonare in saletta canzoni che erano anni che non provavamo.<\/em><\/p>\n<p><em>L&#39;entusiasmo era tale da non farmi percepire uno strano formicolio al braccio destro che giorno dopo giorno si \u00e8 acutizzato in un dolore molto forte ad ogni colpo di rullante&#8230;un incubo in crescendo che mi impediva il controllo sullo strumento, la cosa peggiore che possa accadere ad un musicista.<\/em><\/p>\n<p><em>Venerd\u00ec, purtroppo, il male era insostenibile, e ho subito temuto il peggio. Da quel giorno l&#39;incubo si ingigantito e si \u00e8 impadronito di tutti noi, compresi i nostri pi\u00f9 stretti collaboratori. Ho tentato un assoluto riposo nel weekend, luned\u00ec ho ripreso e sembrava andasse meglio, ma marted\u00ec ho accusato nuovamente dolore e ieri non ho potuto fare a meno di fare visita specialistica il cui verdetto \u00e8: riacutizzazione di tendinite con una prognosi di 30 giorni dove lo stop sar\u00e0 assoluto e dovr\u00f2 seguire scrupolosamente cure e terapie.<br \/> Avrei voluto svenire l\u00ec, in quel momento&#8230;troppi i pensieri e i sentimenti che balenavano in mente ma principalmente il dolore nei confronti di voi che avevate gi\u00e0 acquistato i biglietti in prevendita, forse prenotato alberghi, viaggi; e nei confronti dei miei sodali. E naturalmente verso il tour e tutte quelle persone che, con forte dedizione, hanno lavorato in questi mesi alla sua preparazione.<\/em><\/p>\n<p><em>E subito ho pensato che ci dev&#39;essere una qualche maledizione intorno a questo concerto del &#8220;Doppio&#8221;, dopo quello che successe in modo analogo lo scorso ottobre ai Magazzini Generali di Milano&#8230;pensiero che ho voluto allontanare all&#39;istante, una maledizione che sapremo scongiurare anche in questa occasione.<br \/> Non sar\u00e0 facile immaginare un\u2019altra situazione come quella che avevamo architettato, perch\u00e9 le location erano magnifiche, e ne sento tutta la responsabilit\u00e0.<\/em><\/p>\n<p><em>Ho provato a far capire a Riccardo e Cristiano che avrebbero potuto cercare un sostituto: ma non ne hanno voluto sentire. E giustamente: che trentennale sarebbe senza di me, da sempre con loro, uniti in gioie, entusiasmi, soddisfazioni, e impegni, difficolt\u00e0 e momenti delicati vari?<\/em><\/p>\n<p><em>So dunque che \u00e8 stata fatta la scelta giusta, e confido che la pi\u00f9 parte di voi vorr\u00e0 comprendere. La buona e consolatoria notizia in questa brutta situazione \u00e8 che il tour non sar\u00e0 annullato ma si sposter\u00e0 ad ottobre nei principali club italiani, a parte il Cinzella Festival il 18 Agosto, data che siamo riusciti a preservare e rimarr\u00e0 unica data estiva. La nostra agenzia sta lavorando per proporre le location alternative, ma ci vorr\u00e0 un po\u2019 di tempo naturalmente per poter riallestire tutto il tour pur lavorandoci in modo serrato. Entro una settimana al massimo annunceremo le dieci date nei club.<\/em><\/p>\n<p><em>Il concerto rimarr\u00e0 lo stesso, con visual bellissimi e tante trovate di scena del nostro amico regista Fabrizio (quello del Castello di Vogelod) per renderlo una esperienza unica: 30 anni di attivit\u00e0 lo meritano. Il nostro intenso grazie va a tutti coloro che hanno gi\u00e0 acquistato il biglietto in prevendita: siamo consapevoli del disagio che deriver\u00e0 da questa brutta notizia ma sono certo che lo spettacolo di Ottobre sapr\u00e0 rendere giustizia a questa situazione sfortunata di cui siamo terribilmente consapevoli<\/em>\u201d.<\/p>\n","protected":false},"excerpt":{"rendered":"<p>Slitta il concerto di Udine<\/p>\n","protected":false},"author":28,"featured_media":29785,"comment_status":"closed","ping_status":"closed","sticky":false,"template":"","format":"standard","meta":{"dwc-title":[],"dwc-content":[],"footnotes":""},"categories":[37],"tags":[],"class_list":["post-29784","post","type-post","status-publish","format-standard","has-post-thumbnail","hentry","category-cultura-e-spettacolo"],"rttpg_featured_image_url":{"full":["https:\/\/imagazine.it\/wp-content\/uploads\/2024\/01\/30309-1.webp",750,483,false],"landscape":["https:\/\/imagazine.it\/wp-content\/uploads\/2024\/01\/30309-1.webp",750,483,false],"portraits":["https:\/\/imagazine.it\/wp-content\/uploads\/2024\/01\/30309-1.webp",750,483,false],"thumbnail":["https:\/\/imagazine.it\/wp-content\/uploads\/2024\/01\/30309-1-150x150.webp",150,150,true],"medium":["https:\/\/imagazine.it\/wp-content\/uploads\/2024\/01\/30309-1-300x193.webp",300,193,true],"large":["https:\/\/imagazine.it\/wp-content\/uploads\/2024\/01\/30309-1.webp",640,412,false],"thumblist":["https:\/\/imagazine.it\/wp-content\/uploads\/2024\/01\/30309-1.webp",300,193,false],"thumbrelated":["https:\/\/imagazine.it\/wp-content\/uploads\/2024\/01\/30309-1.webp",500,322,false],"meccarouselthumb":["https:\/\/imagazine.it\/wp-content\/uploads\/2024\/01\/30309-1.webp",474,305,false],"gridsquare":["https:\/\/imagazine.it\/wp-content\/uploads\/2024\/01\/30309-1.webp",391,252,false],"tileview":["https:\/\/imagazine.it\/wp-content\/uploads\/2024\/01\/30309-1.webp",300,193,false],"1536x1536":["https:\/\/imagazine.it\/wp-content\/uploads\/2024\/01\/30309-1.webp",750,483,false],"2048x2048":["https:\/\/imagazine.it\/wp-content\/uploads\/2024\/01\/30309-1.webp",750,483,false],"newsup-slider-full":["https:\/\/imagazine.it\/wp-content\/uploads\/2024\/01\/30309-1.webp",750,483,false],"newsup-featured":["https:\/\/imagazine.it\/wp-content\/uploads\/2024\/01\/30309-1.webp",750,483,false],"newsup-medium":["https:\/\/imagazine.it\/wp-content\/uploads\/2024\/01\/30309-1-720x380.webp",720,380,true],"tptn_thumbnail":["https:\/\/imagazine.it\/wp-content\/uploads\/2024\/01\/30309-1.webp",250,161,false],"sow-carousel-default":["https:\/\/imagazine.it\/wp-content\/uploads\/2024\/01\/30309-1-272x182.webp",272,182,true]},"rttpg_author":{"display_name":"redazione","author_link":"https:\/\/imagazine.it\/home_desk\/author\/redazione\/"},"rttpg_comment":0,"rttpg_category":"<a href=\"https:\/\/imagazine.it\/home_desk\/category\/cultura-e-spettacolo\/\" rel=\"category tag\">CULTURA&amp;SPETTACOLO<\/a>","rttpg_excerpt":"Slitta il concerto di Udine","_links":{"self":[{"href":"https:\/\/imagazine.it\/home_desk\/wp-json\/wp\/v2\/posts\/29784","targetHints":{"allow":["GET"]}}],"collection":[{"href":"https:\/\/imagazine.it\/home_desk\/wp-json\/wp\/v2\/posts"}],"about":[{"href":"https:\/\/imagazine.it\/home_desk\/wp-json\/wp\/v2\/types\/post"}],"author":[{"embeddable":true,"href":"https:\/\/imagazine.it\/home_desk\/wp-json\/wp\/v2\/users\/28"}],"replies":[{"embeddable":true,"href":"https:\/\/imagazine.it\/home_desk\/wp-json\/wp\/v2\/comments?post=29784"}],"version-history":[{"count":0,"href":"https:\/\/imagazine.it\/home_desk\/wp-json\/wp\/v2\/posts\/29784\/revisions"}],"wp:featuredmedia":[{"embeddable":true,"href":"https:\/\/imagazine.it\/home_desk\/wp-json\/wp\/v2\/media\/29785"}],"wp:attachment":[{"href":"https:\/\/imagazine.it\/home_desk\/wp-json\/wp\/v2\/media?parent=29784"}],"wp:term":[{"taxonomy":"category","embeddable":true,"href":"https:\/\/imagazine.it\/home_desk\/wp-json\/wp\/v2\/categories?post=29784"},{"taxonomy":"post_tag","embeddable":true,"href":"https:\/\/imagazine.it\/home_desk\/wp-json\/wp\/v2\/tags?post=29784"}],"curies":[{"name":"wp","href":"https:\/\/api.w.org\/{rel}","templated":true}]}}