{"id":29782,"date":"2019-07-05T00:00:00","date_gmt":"2019-07-04T23:00:00","guid":{"rendered":"https:\/\/imagazine.it\/?p=29782"},"modified":"2019-07-05T00:00:00","modified_gmt":"2019-07-04T23:00:00","slug":"pordenonelegge-incorona-svetlana-aleksievic","status":"publish","type":"post","link":"https:\/\/imagazine.it\/home_desk\/pordenonelegge-incorona-svetlana-aleksievic\/","title":{"rendered":"Pordenonelegge incorona Svetlana Aleksievi\u010d"},"content":{"rendered":"<p>Va alla scrittrice bielorussa <strong>Svetlana Aleksievi\u010d<\/strong>, Premio Nobel 2015 per la Letteratura, il Premio Cr\u00e9dit Agricole FriulAdria <em>La storia in un romanzo <\/em>2019, nato dalla collaborazione fra <strong><u><a href=\"http:\/\/pordenonelegge.it\/\" target=\"_blank\" rel=\"noopener\">pordenonelegge<\/a><\/u> Festa del Libro con gli Autori<\/strong> e il <strong>Premio giornalistico internazionale Marco Luchetta<\/strong>, su impulso di<strong> Cr\u00e9dit Agricole FriulAdria<\/strong>.<\/p>\n<p>Il riconoscimento \u00e8 stato assegnato \u00abper aver raccontato, con partecipazione e sincerit\u00e0 il dramma corale di vittime e carnefici della Grande Utopia comunista. Sullo sfondo della grande tragedia collettiva legata al crollo dell\u2019Unione Sovietica e della problematica nascita di una nuova Russia &#8211; re<strong>citano le motivazioni del Premio<\/strong> &#8211; Aleksievi\u010d\u00a0\u00a0 ha raccolto le storie di contadini, operai, studenti, intellettuali, nonch\u00e9 dimenticati eroi che non hanno saputo rassegnarsi al tramonto del sole dell\u2019avvenire. <strong>Con una particolare attenzione all\u2019epopea delle donne,\u00a0Aleksievi\u010d\u00a0ci ha fornito uno spaccato della tramontata civilt\u00e0 comunista<\/strong>, resa viva dal potente dono della scrittura, che permette all\u2019autrice di rendere vibranti e universali le testimonianze raccolte\u00bb.<\/p>\n<p><a href=\"http:\/\/imagazinevideotruck.it\/outlet\/relink.html\" target=\"_top\" rel=\"noopener\"><img loading=\"lazy\" decoding=\"async\" align=\"LEFT\" height=\"250\" src=\"http:\/\/imagazinevideotruck.it\/outlet\/outlet30.gif\" width=\"300\" alt=\"\" title=\"\"><\/a><\/p>\n<p>\u00a0<\/p>\n<p>\u00a0<\/p>\n<p>\u00a0<\/p>\n<p>\u00a0<\/p>\n<p>\u00a0<\/p>\n<p>\u00a0<\/p>\n<p>\u00a0<\/p>\n<p>\u00a0<\/p>\n<p>\u00a0<\/p>\n<p><strong>Il riconoscimento sar\u00e0 consegnato a <\/strong><strong>Svetlana Aleksievi\u010d<\/strong><strong> sabato 21 settembre (ore 18, Pordenone &#8211; Teatro Verdi).<\/strong> Seguir\u00e0 l\u2019incontro dell\u2019autrice con il pubblico: un appuntamento incentrato sui legami fra il romanzo e la storia. \u00abSiamo orgogliosi di aver accompagnato la crescita del Festival in questi vent\u2019anni \u2013 ha dichiarato il direttore generale di Cr\u00e9dit Agricole FriulAdria<strong> Carlo Piana <\/strong>\u2013 pordenonelegge ha segnato un prima e un dopo nella cultura di questo territorio e la nascita del Premio FriulAdria \u201cLa Storia in un romanzo\u201d nel 2008 si \u00e8 rivelata una felice intuizione che ha dato vita a un vero e proprio evento nell\u2019evento\u00bb.<\/p>\n<p>Giunto alla 12^ edizione, il <strong>Premio<\/strong> <strong>Cr\u00e9dit Agricole<\/strong> <strong>FriulAdria <em>La storia in un romanzo<\/em><\/strong> \u00e8 stato assegnato, dal 2008 a oggi, a: <strong>Arturo Per\u00e9z-Reverte, Abraham Yehoshua, Art Spiegelman, Alessandro Baricco, Ian McEwan, Martin Amis, Umberto Eco, Emmanuel Carr\u00e8re, Javier Cercas e Wole Soyinka, Robert Harris. \u00a0<\/strong><\/p>\n<p>pordenonelegge.it 2019, Festa del Libro con gli Autori, \u00e8 in programma<strong> da mercoled\u00ec 18 a domenica 22 settembre<\/strong>, come sempre nel centro storico di Pordenone per iniziativa della <strong>Fondazione pordenonelegge.it:<\/strong> in una quarantina di location si alterneranno centinaia di protagonisti italiani e stranieri (scrittori, editori, giornalisti, filosofi, sociologi, artisti, scienziati \u2026), chiamati a confrontarsi in dialoghi, lezioni magistrali e interviste, con il valore aggiunto di moltissime anteprime nazionali.<\/p>\n<p>\u00a0<\/p>\n<p><strong>Svetlana Aleksievi\u010d<\/strong>, Premio Nobel per la Letteratura nel 2015, tradotta in pi\u00f9 di venti lingue, \u00e8 una delle maggiori giornaliste e scrittrici contemporanee. In Italia ha vinto il Premio Sandro Onofri per il reportage narrativo nel 2002. Nel 2013 ha vinto il prestigioso premio internazionale per la pace \u201cPeace Prize of the German Book Trade\u201d. In Italia presso Bompiani sono usciti <em>Tempo di seconda mano: la vita in Russia dopo il crollo del comunismo<\/em> e <em>Gli ultimi testimoni<\/em>. Per le Edizioni E\/O sono stati pubblicati <em>Preghiera per \u010cernobyl\u2019<\/em>, <em>Ragazzi di zinco<\/em> e <em>Incantati dalla morte<\/em>.\u00a0<\/p>\n","protected":false},"excerpt":{"rendered":"<p>Assegnato il premio &#8220;La storia in un romanzo 2019&#8221;<\/p>\n","protected":false},"author":28,"featured_media":29783,"comment_status":"closed","ping_status":"closed","sticky":false,"template":"","format":"standard","meta":{"dwc-title":[],"dwc-content":[],"footnotes":""},"categories":[37],"tags":[],"class_list":["post-29782","post","type-post","status-publish","format-standard","has-post-thumbnail","hentry","category-cultura-e-spettacolo"],"rttpg_featured_image_url":{"full":["https:\/\/imagazine.it\/wp-content\/uploads\/2024\/01\/30308-1.webp",750,448,false],"landscape":["https:\/\/imagazine.it\/wp-content\/uploads\/2024\/01\/30308-1.webp",750,448,false],"portraits":["https:\/\/imagazine.it\/wp-content\/uploads\/2024\/01\/30308-1.webp",750,448,false],"thumbnail":["https:\/\/imagazine.it\/wp-content\/uploads\/2024\/01\/30308-1-150x150.webp",150,150,true],"medium":["https:\/\/imagazine.it\/wp-content\/uploads\/2024\/01\/30308-1-300x179.webp",300,179,true],"large":["https:\/\/imagazine.it\/wp-content\/uploads\/2024\/01\/30308-1.webp",640,382,false],"thumblist":["https:\/\/imagazine.it\/wp-content\/uploads\/2024\/01\/30308-1.webp",300,179,false],"thumbrelated":["https:\/\/imagazine.it\/wp-content\/uploads\/2024\/01\/30308-1.webp",500,299,false],"meccarouselthumb":["https:\/\/imagazine.it\/wp-content\/uploads\/2024\/01\/30308-1.webp",474,283,false],"gridsquare":["https:\/\/imagazine.it\/wp-content\/uploads\/2024\/01\/30308-1.webp",391,234,false],"tileview":["https:\/\/imagazine.it\/wp-content\/uploads\/2024\/01\/30308-1.webp",300,179,false],"1536x1536":["https:\/\/imagazine.it\/wp-content\/uploads\/2024\/01\/30308-1.webp",750,448,false],"2048x2048":["https:\/\/imagazine.it\/wp-content\/uploads\/2024\/01\/30308-1.webp",750,448,false],"newsup-slider-full":["https:\/\/imagazine.it\/wp-content\/uploads\/2024\/01\/30308-1.webp",750,448,false],"newsup-featured":["https:\/\/imagazine.it\/wp-content\/uploads\/2024\/01\/30308-1.webp",750,448,false],"newsup-medium":["https:\/\/imagazine.it\/wp-content\/uploads\/2024\/01\/30308-1-720x380.webp",720,380,true],"tptn_thumbnail":["https:\/\/imagazine.it\/wp-content\/uploads\/2024\/01\/30308-1.webp",250,149,false],"sow-carousel-default":["https:\/\/imagazine.it\/wp-content\/uploads\/2024\/01\/30308-1-272x182.webp",272,182,true]},"rttpg_author":{"display_name":"redazione","author_link":"https:\/\/imagazine.it\/home_desk\/author\/redazione\/"},"rttpg_comment":0,"rttpg_category":"<a href=\"https:\/\/imagazine.it\/home_desk\/category\/cultura-e-spettacolo\/\" rel=\"category tag\">CULTURA&amp;SPETTACOLO<\/a>","rttpg_excerpt":"Assegnato il premio \"La storia in un romanzo 2019\"","_links":{"self":[{"href":"https:\/\/imagazine.it\/home_desk\/wp-json\/wp\/v2\/posts\/29782","targetHints":{"allow":["GET"]}}],"collection":[{"href":"https:\/\/imagazine.it\/home_desk\/wp-json\/wp\/v2\/posts"}],"about":[{"href":"https:\/\/imagazine.it\/home_desk\/wp-json\/wp\/v2\/types\/post"}],"author":[{"embeddable":true,"href":"https:\/\/imagazine.it\/home_desk\/wp-json\/wp\/v2\/users\/28"}],"replies":[{"embeddable":true,"href":"https:\/\/imagazine.it\/home_desk\/wp-json\/wp\/v2\/comments?post=29782"}],"version-history":[{"count":0,"href":"https:\/\/imagazine.it\/home_desk\/wp-json\/wp\/v2\/posts\/29782\/revisions"}],"wp:featuredmedia":[{"embeddable":true,"href":"https:\/\/imagazine.it\/home_desk\/wp-json\/wp\/v2\/media\/29783"}],"wp:attachment":[{"href":"https:\/\/imagazine.it\/home_desk\/wp-json\/wp\/v2\/media?parent=29782"}],"wp:term":[{"taxonomy":"category","embeddable":true,"href":"https:\/\/imagazine.it\/home_desk\/wp-json\/wp\/v2\/categories?post=29782"},{"taxonomy":"post_tag","embeddable":true,"href":"https:\/\/imagazine.it\/home_desk\/wp-json\/wp\/v2\/tags?post=29782"}],"curies":[{"name":"wp","href":"https:\/\/api.w.org\/{rel}","templated":true}]}}