{"id":29768,"date":"2019-07-03T00:00:00","date_gmt":"2019-07-02T23:00:00","guid":{"rendered":"https:\/\/imagazine.it\/?p=29768"},"modified":"2019-07-03T00:00:00","modified_gmt":"2019-07-02T23:00:00","slug":"the-darkness-accendono-il-festival-di-majano","status":"publish","type":"post","link":"https:\/\/imagazine.it\/home_desk\/the-darkness-accendono-il-festival-di-majano\/","title":{"rendered":"The Darkness accendono il Festival di Majano"},"content":{"rendered":"<p>Presentato il calendario della\u00a0<strong>59^ edizione<\/strong>\u00a0del\u00a0<strong>Festival di Majano<\/strong>, in programma dal\u00a0<strong>20 luglio<\/strong>\u00a0al\u00a0<strong>15 agosto<\/strong>, con decine di eventi fra i\u00a0<strong>grandi concerti e spettacoli<\/strong>\u00a0con protagonisti artisti di livello internazionale,\u00a0<strong>appuntamenti culturali<\/strong>, con\u00a0<strong>mostre d\u2019arte<\/strong>\u00a0e\u00a0<strong>incontri<\/strong>,\u00a0<strong>eventi gastronomici<\/strong>\u00a0con\u00a0<strong>degustazioni\u00a0<\/strong>e\u00a0<strong>workshop\u00a0<\/strong>a tema,\u00a0<strong>sport\u00a0<\/strong>e tanto divertimento per tutti.<\/p>\n<p><strong>MUSICA E EVENTI LIVE<\/strong><\/p>\n<p>Da ormai trent\u2019anni il\u00a0<strong>Festival di Majano<\/strong>\u00a0\u00e8 diventato un punto di riferimento per i grandi concerti live nell\u2019estate del Nordest, ospitando artisti di chiarissimo livello nazionale e internazionale. Sar\u00e0 cos\u00ec anche quest\u2019anno, a cominciare dal primo grande nome in calendario;\u00a0<strong>domenica 21 luglio<\/strong>\u00a0a salire sul palco saranno i\u00a0<strong>The Darkness<\/strong>,\u00a0hard rock band inglese che ha firmato successi planetari come \u201cI Believe in a Thing Called Love\u201d, \u201cOne Way Ticket\u201d e \u201cEverybody Have a Good Time\u201d e album memorabili come \u201cPermission to Land\u201d e \u201cOne Way Ticket to Hell&#8230;And Back\u201d. Un unico concerto nel Nordest per la band guidata da Justin Hawkins, da sempre accostata a mostri sacri come AC\/DC, Led Zeppelin, T-Rex, The Queen e Van Halen. Icona della musica indie italiana \u00e8 poi\u00a0<strong>Calcutta<\/strong>, che salir\u00e0 sul grande palco dell\u2019area concerti il prossimo\u00a0<strong>26 luglio<\/strong>, evento questo molto atteso, nel quale i fan potranno ascoltare tutte le hit del cantautore di Latina, tra cui le celebri \u201cParacetamolo\u201d, \u201cPesto\u201d, \u201cOroscopo\u201d, \u201cOrgasmo\u201d, tra le altre. Solo due giorni dopo, il\u00a0<strong>28 luglio<\/strong>, spazio al secondo grande appuntamento internazionale, questa volta con le leggende del progressive rock\u00a0<strong>Jethro Tull<\/strong>, band che ha contribuito a scrivere alcune fra le pi\u00f9 belle pagine di questo genere musicale. Ian Anderson, con il suo celebre flauto, sar\u00e0 quindi il grande protagonista del \u201cJethro Tull 50 Anniversary Tour\u201d, tourn\u00e9e mondiale con cui la band festeggia i 50 anni di attivit\u00e0. Appuntamento da non perdere per gli appassionati del festival \u00e8 quello con la serata evento dedicata ai Pink Floyd con il tributo dei\u00a0<strong>Pink Sonic<\/strong>, in programma il <strong>10 agosto<\/strong>. I\u00a0<strong>biglietti<\/strong>\u00a0per i concerti di\u00a0<strong>The Darkness<\/strong>,\u00a0<strong>Calcutta<\/strong>,\u00a0<strong>Jethro Tull<\/strong>\u00a0e\u00a0<strong>Pink Sonic<\/strong>, eventi organizzati in collaborazione con\u00a0<strong>Zenit srl<\/strong>, sono in vendita sul circuito\u00a0<strong>Ticketone<\/strong>. Tutte le info e i punti vendita su\u00a0<u><a href=\"http:\/\/www.azalea.it\/\" target=\"_blank\" rel=\"noopener\">www.azalea.it<\/a><\/u>.<\/p>\n<p>Ma\u00a0<strong>Festival di Majano<\/strong>\u00a0significa anche tanta musica da fruire gratuitamente durante tutte le serate del calendario. A questo proposito il\u00a0<strong>27 luglio<\/strong>, sul palco di Piazza Italia, si esibir\u00e0 il\u00a0<strong>New York Ska-Jazz Ensemble<\/strong>, band che propone ritmi incalzanti a cui \u00e8 difficile sottrarsi, contagiando il pubblico con la loro incredibile energia e portando sui palchi di tutto il mondo show fenomenali. Proposta di livello internazionale made in Usa \u00e8 poi quella dei\u00a0<strong>Creedence Clearwater Revived<\/strong>, protagonisti a Majano con le sonorit\u00e0 e i successi dei fratelli Fogerty il prossimo\u00a0<strong>3 agosto<\/strong>. Appuntamento immancabile per gli amanti della musica e della cultura dei mitici anni \u201980 \u00e8 quello con l\u2019<strong>80 Festival<\/strong>, che vedr\u00e0 sul palco tre ospiti che hanno fatto la storia di quel mitico decennio:<strong>Viola Valentino<\/strong>\u00a0(\u201cComprami\u201d),\u00a0<strong>Tony Esposito<\/strong>\u00a0(\u201cKalimba de luna\u201d),\u00a0<strong>Gazebo<\/strong>\u00a0(\u201cI like Chopin &#8211; Lunatic\u201d). Evento di grande qualit\u00e0 \u00e8 anche quello che vedr\u00e0 protagonista le\u00a0<strong>Strange Kind of Women<\/strong>, l\u2019unico straordinario tributo ai Deep Purple tutto al femminile, formato da musiciste professioniste, in concerto in Piazza Italia al Festival di Majano il prossimo\u00a0<strong>4 agosto<\/strong>. Moltissime ancora saranno le proposte musicali, dai tributi ai\u00a0<strong>Queen<\/strong>\u00a0(Toys) a\u00a0<strong>Mina e Celentano<\/strong>\u00a0(Celentamina), a\u00a0<strong>Battisti<\/strong>, ai\u00a0<strong>Pooh<\/strong>, a\u00a0<strong>Vasco Rossi<\/strong>(Sensazioni Forti), i concerti rock di\u00a0<strong>May Day 28<\/strong>\u00a0e\u00a0<strong>Exes<\/strong>, agli eventi dance\u00a0<strong>Passion Priv\u00e8<\/strong>. Riconfermatissimo anche l\u2019appuntamento con lo storico concorso canoro \u201c<strong>Un Gallo per l\u2019Estate<\/strong>\u201d, giunto alla 22\u00b0 edizione, che vedr\u00e0 gli aspiranti cantanti sfidarsi sul grande palco del festival\u00a0<strong>venerd\u00ec 9 agosto<\/strong>\u00a0alle 21.00.<\/p>\n<p><strong>ARTE E CULTURA<\/strong><\/p>\n<p>Come da tradizione \u00e8 immancabile al\u00a0<strong>Festival di Majano<\/strong>\u00a0l\u2019appuntamento con l\u2019arte e la cultura. Saranno due le mostre fruibili al pubblico durante le serate della rassegna. Alla\u00a0<strong>Sala Ciro da Pers<\/strong>\u00a0sar\u00e0 allestita la mostra personale di\u00a0<strong>Giordano Floreancig<\/strong>\u00a0dal titolo \u201c<strong>Siamo qui per bellezza<\/strong>\u201d. Nato nel 1954, Floreancig vive e lavora a Udine. Autodidatta, si avvicina alla pittura nel 1976, anno in cui il Friuli ha vissuto la tragica esperienza del terremoto. Del 2009 la partecipazione alla 54\u00aa biennale di Venezia di Vittorio Sgarbi. Le sue opere, che si trovano in molti musei e collezioni private, hanno una loro forza e una propria carica espressiva molto originale. Altra mostra \u00e8 quella che vedr\u00e0 protagonista la\u00a0<strong>Scuola Mosaicisti del Friuli<\/strong>, allestita negli spazi del Palazzo delle Associazioni di Via Zorutti. Attiva da sempre a Spilimbergo, la scuola si \u00e8 fatta conoscere in tutto il mondo realizzando prestigiose opere come il ciclo musivo del Foro Italico a Roma, le realizzazioni per la Chiesa del Santo Sepolcro a Gerusalemme (Israele), per il Kawakyu Hotel a Osaka (Giappone), per la stazione della metropolitana Temporary Word Trade Centre &#8211; Ground Zero &#8211; a New York (USA) per la Volksbank a Graz (Austria) tanto per citarne alcune. Serata dedicata alla consegna del\u00a0<strong>Premio Pro Majano<\/strong>\u00e8 invece quella del\u00a0<strong>25 luglio\u00a0<\/strong>(ore 20.00 in Piazza Italia). Il Premio Pro Majano, che ogni anno viene conferito a un simbolo dell\u2019eccellenza friulana nel mondo, verr\u00e0 assegnato quest\u2019anno a\u00a0<strong>Don Alessio Geretti<\/strong>, delegato episcopale alla Cultura, direttore e curatore delle mostre del Comitato di San Floriano, che seguir\u00e0 cos\u00ec nell\u2019ordine Bruno Pizzul (2013), Dante Spinotti (2012), Giorgio Di Centa (2013), le Frecce Tricolori (2014), Chiara Cainero (2015) e la Cineteca del Friuli (2016). L\u2019inizio del Festival vedr\u00e0 poi l\u2019uscita del nuovo numero unico per il 2019 della rivista\u00a0<strong>Majano Nuova<\/strong>, che approfondir\u00e0 tutte le iniziative culturali in corso di programmazione e le attivit\u00e0 con le citt\u00e0 gemellate con Majano, dar\u00e0 spazio alle eccellenze del comprensorio majanese e alle tante realt\u00e0 associative del territorio.<\/p>\n<p><a href=\"http:\/\/imagazinevideotruck.it\/outlet\/relink.html\" target=\"_top\" rel=\"noopener\"><img loading=\"lazy\" decoding=\"async\" align=\"LEFT\" height=\"250\" src=\"http:\/\/imagazinevideotruck.it\/outlet\/outlet30.gif\" width=\"300\" alt=\"\" title=\"\"><\/a><\/p>\n<p>\u00a0<\/p>\n<p>\u00a0<\/p>\n<p>\u00a0<\/p>\n<p>\u00a0<\/p>\n<p>\u00a0<\/p>\n<p>\u00a0<\/p>\n<p>\u00a0<\/p>\n<p>\u00a0<\/p>\n<p>\u00a0<\/p>\n<p><strong>SPORT, TEMPO LIBERO E EVENTI PER BAMBINI<\/strong><\/p>\n<p>Novit\u00e0 di questa edizione saranno i due appuntamenti \u201c<strong>A spasso con il festival sulle strade del vino e dei sapori<\/strong>\u201d, due visite guidate a cantine, aziende e realt\u00e0 economiche del nostro territorio. Nel primo appuntamento del 3 agosto la gita interesser\u00e0 il territorio del cividalese e alcune sue eccellenze. Il 10 agosto la gita si svolger\u00e0 nel pordenonese (info e prenotazioni su al 349 0587353). Ricco il calendario sportivo con i raduni dedicati alle auto e moto d\u2019epoca con gli eventi \u201c<strong>Regolarit\u00e0 Day \u2013 Ruote del passato<\/strong>\u201d e \u201c<strong>Le storiche al Festival<\/strong>\u201d (in collaborazione con Club Alfa Romeo di Majano). Il 27 luglio di scena il torneo di Calcio a 5 \u201c<strong>Colinar League<\/strong>\u201d e la manifestazione \u201c<strong>Passi di Festival<\/strong>\u201d, in collaborazione con FVG Nordic Walking. Evento per gli amici a quattro zampe \u00e8 poi \u201c<strong>Walking Dog<\/strong>\u201d, passeggiata di socializzazione e cultura cinofila, in programma il 28 luglio.<\/p>\n<p>Per tutto il periodo del festival non mancheranno attivit\u00e0 dedicate ai pi\u00f9 piccoli come il \u201c<strong>Bimbo Day<\/strong>\u201d, l\u2019evento \u201c<strong>Murales Volante<\/strong>\u201d, il trucca bimbi, giochi di pittura, letture e cantastorie, magia e illusionismo. Esibizioni musicali, l\u2019evento \u201c<strong>Luna in Piazza<\/strong>\u201d con il circolo Astrofili di Talmassons (8 agosto ore 21.00), la\u00a0<strong>5\u00b0 Rassegna Fisarmonicisti Alpe Adria<\/strong>\u00a0e molto altro ancora completano il programma del Festival.<\/p>\n<p><strong>ENOGASTRONOMIA<\/strong><\/p>\n<p>Le eccellenze della gastronomia friulana, italiana e mitteleuropea sono da sempre un fiore all\u2019occhiello del Festival di Majano.\u00a0 Per tutte le giornate del Festival, dal\u00a0<strong>20 luglio<\/strong>, fino al grande\u00a0<strong>spettacolo pirotecnico<\/strong>, che chiuder\u00e0 il programma il\u00a0<strong>15 agosto<\/strong>, saranno attivi fornitissimi chioschi enogastronomici dove gustare le specialit\u00e0 della manifestazione, tra cui il filetto del festival, il frico e polenta proposti da \u201cCucina di Carnia\u201d, la costata alla brace nel suggestivo giardino estivo, i dolci e molto altro ancora. Grande conferma sar\u00e0 il\u00a0<strong>Biergarten<\/strong>\u00a0con specialit\u00e0 austriache e bavaresi, dove assaggiare la Wienerschnitzel con patate cucinata dagli \u201cAmis di San Martin\u201d, il fenomenale galletto alla brace, i Wurstel ripieni di formaggio arrotolati nella pancetta, il tutto annaffiato da dell\u2019ottima birra a caduta. I migliori vini del territorio aspettano invece il pubblico nell\u2019elegante\u00a0<strong>spazio enoteca<\/strong>.\u00a0 Una cucina attenta a tutti, quella del festival, che proporr\u00e0 anche pietanze adatte a ogni tipo di intolleranza con le proposte di<strong>Integraldo<\/strong>. Sempre a cura di\u00a0<strong>Integraldo<\/strong>\u00a0saranno le due degustazioni di cibi e vini dedicate alla cucina sana, sensibile e speciale (info e prenotazioni al 349 058343).\u00a0<\/p>\n<p>Il\u00a0<strong>Festival di Majano\u00a0<\/strong>\u00e8 organizzato dalla\u00a0<strong>Pro Majano<\/strong>, in collaborazione con la\u00a0<strong>Regione Friuli Venezia Giulia<\/strong>,\u00a0<strong>PromoTurismoFVG<\/strong>, il\u00a0<strong>Comune di Majano<\/strong>, l\u2019<strong>Associazione regionale tra le Pro Loco<\/strong>, la\u00a0<strong>Comunit\u00e0 Collinare del Friuli<\/strong>, il\u00a0<strong>Consorzio tra le Pro Loco della Comunit\u00e0 Collinare<\/strong>.<\/p>\n<p>Tutte le info su\u00a0<u><a href=\"http:\/\/www.promajano.it\/\" target=\"_blank\" rel=\"noopener\">www.promajano.it<\/a><\/u><\/p>\n","protected":false},"excerpt":{"rendered":"<p>Presentata l&#8217;edizione numero 59<\/p>\n","protected":false},"author":28,"featured_media":29769,"comment_status":"closed","ping_status":"closed","sticky":false,"template":"","format":"standard","meta":{"dwc-title":[],"dwc-content":[],"footnotes":""},"categories":[37],"tags":[],"class_list":["post-29768","post","type-post","status-publish","format-standard","has-post-thumbnail","hentry","category-cultura-e-spettacolo"],"rttpg_featured_image_url":{"full":["https:\/\/imagazine.it\/wp-content\/uploads\/2024\/01\/30277-1.webp",750,562,false],"landscape":["https:\/\/imagazine.it\/wp-content\/uploads\/2024\/01\/30277-1.webp",750,562,false],"portraits":["https:\/\/imagazine.it\/wp-content\/uploads\/2024\/01\/30277-1.webp",750,562,false],"thumbnail":["https:\/\/imagazine.it\/wp-content\/uploads\/2024\/01\/30277-1-150x150.webp",150,150,true],"medium":["https:\/\/imagazine.it\/wp-content\/uploads\/2024\/01\/30277-1-300x225.webp",300,225,true],"large":["https:\/\/imagazine.it\/wp-content\/uploads\/2024\/01\/30277-1.webp",640,480,false],"thumblist":["https:\/\/imagazine.it\/wp-content\/uploads\/2024\/01\/30277-1.webp",300,225,false],"thumbrelated":["https:\/\/imagazine.it\/wp-content\/uploads\/2024\/01\/30277-1.webp",500,375,false],"meccarouselthumb":["https:\/\/imagazine.it\/wp-content\/uploads\/2024\/01\/30277-1.webp",432,324,false],"gridsquare":["https:\/\/imagazine.it\/wp-content\/uploads\/2024\/01\/30277-1.webp",347,260,false],"tileview":["https:\/\/imagazine.it\/wp-content\/uploads\/2024\/01\/30277-1.webp",300,225,false],"1536x1536":["https:\/\/imagazine.it\/wp-content\/uploads\/2024\/01\/30277-1.webp",750,562,false],"2048x2048":["https:\/\/imagazine.it\/wp-content\/uploads\/2024\/01\/30277-1.webp",750,562,false],"newsup-slider-full":["https:\/\/imagazine.it\/wp-content\/uploads\/2024\/01\/30277-1.webp",750,562,false],"newsup-featured":["https:\/\/imagazine.it\/wp-content\/uploads\/2024\/01\/30277-1.webp",750,562,false],"newsup-medium":["https:\/\/imagazine.it\/wp-content\/uploads\/2024\/01\/30277-1-720x380.webp",720,380,true],"tptn_thumbnail":["https:\/\/imagazine.it\/wp-content\/uploads\/2024\/01\/30277-1.webp",250,187,false],"sow-carousel-default":["https:\/\/imagazine.it\/wp-content\/uploads\/2024\/01\/30277-1-272x182.webp",272,182,true]},"rttpg_author":{"display_name":"redazione","author_link":"https:\/\/imagazine.it\/home_desk\/author\/redazione\/"},"rttpg_comment":0,"rttpg_category":"<a href=\"https:\/\/imagazine.it\/home_desk\/category\/cultura-e-spettacolo\/\" rel=\"category tag\">CULTURA&amp;SPETTACOLO<\/a>","rttpg_excerpt":"Presentata l'edizione numero 59","_links":{"self":[{"href":"https:\/\/imagazine.it\/home_desk\/wp-json\/wp\/v2\/posts\/29768","targetHints":{"allow":["GET"]}}],"collection":[{"href":"https:\/\/imagazine.it\/home_desk\/wp-json\/wp\/v2\/posts"}],"about":[{"href":"https:\/\/imagazine.it\/home_desk\/wp-json\/wp\/v2\/types\/post"}],"author":[{"embeddable":true,"href":"https:\/\/imagazine.it\/home_desk\/wp-json\/wp\/v2\/users\/28"}],"replies":[{"embeddable":true,"href":"https:\/\/imagazine.it\/home_desk\/wp-json\/wp\/v2\/comments?post=29768"}],"version-history":[{"count":0,"href":"https:\/\/imagazine.it\/home_desk\/wp-json\/wp\/v2\/posts\/29768\/revisions"}],"wp:featuredmedia":[{"embeddable":true,"href":"https:\/\/imagazine.it\/home_desk\/wp-json\/wp\/v2\/media\/29769"}],"wp:attachment":[{"href":"https:\/\/imagazine.it\/home_desk\/wp-json\/wp\/v2\/media?parent=29768"}],"wp:term":[{"taxonomy":"category","embeddable":true,"href":"https:\/\/imagazine.it\/home_desk\/wp-json\/wp\/v2\/categories?post=29768"},{"taxonomy":"post_tag","embeddable":true,"href":"https:\/\/imagazine.it\/home_desk\/wp-json\/wp\/v2\/tags?post=29768"}],"curies":[{"name":"wp","href":"https:\/\/api.w.org\/{rel}","templated":true}]}}