{"id":29748,"date":"2019-07-01T00:00:00","date_gmt":"2019-06-30T23:00:00","guid":{"rendered":"https:\/\/imagazine.it\/?p=29748"},"modified":"2019-07-01T00:00:00","modified_gmt":"2019-06-30T23:00:00","slug":"monfalcone-peppe-servillo-tra-i-protagonisti-al-comunale","status":"publish","type":"post","link":"https:\/\/imagazine.it\/home_desk\/monfalcone-peppe-servillo-tra-i-protagonisti-al-comunale\/","title":{"rendered":"Monfalcone, Peppe Servillo tra i protagonisti al Comunale"},"content":{"rendered":"<p>In via di definizione gli spettacoli della stagione <strong>2019-2020 del Teatro comunale di Monfalcone<\/strong>, ma gi\u00e0 escono le prime anticipazione. Sar\u00e0 infatti la\u00a0<strong>North Czech Symphony Orchestra<\/strong>\u00a0ad aprire, mercoled\u00ec 23 ottobre, il cartellone dei concerti. Al suo fianco\u00a0<strong>Leonardo Pierdomenico, fra i pianisti pi\u00f9 interessanti della sua generazione<\/strong>, che dopo aver conquistato a soli 18 anni il Premio Venezia, si \u00e8 imposto sul panorama internazionale vincendo nel 2017 il Concorso Van Cliburn. In programma due pagine di Dvo\u0159\u00e1k, il\u00a0<em>Concerto op. 33<\/em>\u00a0e la\u00a0<em>Suite Ceca op. 39<\/em>, e la\u00a0<em>Sinfonia n. 38 \u201cPraga\u201d<\/em>\u00a0di Mozart, che racchiude e svela il Mozart grandissimo delle ultime tre\u00a0<em>Sinfonie<\/em>.<\/p>\n<p>Proseguono i progetti varati nel corso della stagione 2018-2019:\u00a0<strong>\u201cEffetto Mozart\u201d<\/strong>, che prevede l\u2019esecuzione di tutto il repertorio mozartiano per violino e orchestra, impreziosito dalle cadenze scritte per il progetto da\u00a0<strong>Giovanni Sollima<\/strong>\u00a0e affidato all\u2019interpretazione dell\u2019<strong>Orchestra di Padova e del Veneto<\/strong>\u00a0e della <strong>violinista di origine armena Sonig Tchakerian<\/strong>; e\u00a0<strong>\u201cTartini2020\u201d<\/strong>, progetto celebrativo nazionale al quale il Teatro Comunale aderisce con il concerto che vede\u00a0<strong>il violoncellista Mario Brunello<\/strong>\u00a0capitanare un quartetto d\u2019eccezione (insieme a lui <strong>Francesco Galligioni, Ivano Zanenghi e Roberto Loreggian<\/strong>).<\/p>\n<p>Fra gli appuntamenti di \u201cControCanto\u201d, la rassegna dedicata alla musica contemporanea e ai diversi generi, spicca il concerto che vede protagonisti\u00a0<strong>Peppe Servillo e il Solis String Quartet<\/strong>, dal titolo\u00a0<em>Presentimento<\/em>, al confine fra musica e teatralit\u00e0, dedicato ai capolavori della canzone classica napoletana.<\/p>\n<p>L\u2019inaugurazione della stagione di prosa, i giorni 5 e 6 novembre, \u00e8 affidata ad\u00a0<strong>Angela Finocchiaro<\/strong>, protagonista dello spettacolo\u00a0<strong><em>Ho perso il filo<\/em><\/strong>, che la vede mettersi in gioco con linguaggi espressivi mai affrontati prima (in scena, al suo fianco, sei danzatori) e rivivere, l\u2019avventura di Teseo che combatte il Minotauro.<\/p>\n<p>Fra i classici spicca <strong><em>Don Chisciotte<\/em><\/strong>, messo in scena da\u00a0<strong>Alessio Boni<\/strong>, regista e interprete al fianco di <strong>Marcello Prayer<\/strong>\u00a0<strong>e Serra Yilmaz<\/strong>, l\u2019attrice turca resa nota al grande pubblico dai film di Ferzan \u00d6zpetek.<\/p>\n<p><a href=\"http:\/\/imagazinevideotruck.it\/outlet\/relink.html\" target=\"_top\" rel=\"noopener\"><img loading=\"lazy\" decoding=\"async\" align=\"LEFT\" height=\"250\" src=\"http:\/\/imagazinevideotruck.it\/outlet\/outlet30.gif\" width=\"300\" alt=\"\" title=\"\"><\/a><\/p>\n<p>\u00a0<\/p>\n<p>\u00a0<\/p>\n<p>\u00a0<\/p>\n<p>\u00a0<\/p>\n<p>\u00a0<\/p>\n<p>\u00a0<\/p>\n<p>\u00a0<\/p>\n<p>\u00a0<\/p>\n<p>\u00a0<\/p>\n<p>Fra gli appuntamenti di \u201cAltroTeatro\u201d, la rassegna dedicata ai diversi linguaggi scenici, spicca\u00a0<strong><em>Machine de cirque<\/em>\u00a0(in esclusiva regionale), performance dell\u2019omonima compagnia del Quebec<\/strong>\u00a0fondata nel 2013 da Vincent Dub\u00e9, artista di circo internazionale che ha radunato attorno al progetto giocolieri, acrobati e un percussionista, tutti talenti nati nell\u2019ambito del Cirque du Soleil.<\/p>\n<p><strong>La campagna abbonamenti avr\u00e0 inizio sabato 7 settembre.<\/strong><\/p>\n<p>Per quanto concerne la stagione appena conclusa, sono stati 28 i concerti in programma (in Teatro, al Duomo, alla Chiesa Marcelliana e alla Galleria Comunale d\u2019Arte Contemporanea), 26 gli appuntamenti del cartellone di prosa, 17 le rappresentazioni dedicate ai bambini e alle scuole, 6 le matin\u00e9e musicali per gli studenti del progetto didattico \u201cDentro la scena\u201d e 39 gli incontri \u201cDietro le quinte\u201d, che hanno anticipato tutte le serate in Teatro: un totale di 116 appuntamenti, che hanno chiamato a raccolta 15.000 spettatori. Sono aumentati, inoltre, rispetto alla stagione 2017-2018 sia gli abbonati (con un incremento del 4,6%) che le persone che hanno acquistato un biglietto (5,6% in pi\u00f9 rispetto alla stagione precedente).<\/p>\n<p>\u201cSiamo sulla giusta strada: i risultati pi\u00f9 che positivi della passata stagione \u2013 afferma l\u2019assessore alla\u00a0Cultura\u00a0<strong>Luca Fasan<\/strong> \u2013 sono stati di stimolo per affrontare il cartellone 2019-2020 con ambizione ed entusiasmo. La consapevolezza dell\u2019alto livello degli spettatori, l\u2019indirizzo sulle nuove generazioni unitamente alla qualit\u00e0 della proposta erano, sono e saranno i principi di riferimento che, per questa Amministrazione, tracceranno il solco entro il quale stabilire le linee guida future per il Teatro Comunale di Monfalcone\u201d.\u00a0<\/p>\n","protected":false},"excerpt":{"rendered":"<p>Anticipazioni della nuova stagione<\/p>\n","protected":false},"author":28,"featured_media":29749,"comment_status":"closed","ping_status":"closed","sticky":false,"template":"","format":"standard","meta":{"dwc-title":[],"dwc-content":[],"footnotes":""},"categories":[37],"tags":[],"class_list":["post-29748","post","type-post","status-publish","format-standard","has-post-thumbnail","hentry","category-cultura-e-spettacolo"],"rttpg_featured_image_url":{"full":["https:\/\/imagazine.it\/wp-content\/uploads\/2024\/01\/30243-1.webp",750,499,false],"landscape":["https:\/\/imagazine.it\/wp-content\/uploads\/2024\/01\/30243-1.webp",750,499,false],"portraits":["https:\/\/imagazine.it\/wp-content\/uploads\/2024\/01\/30243-1.webp",750,499,false],"thumbnail":["https:\/\/imagazine.it\/wp-content\/uploads\/2024\/01\/30243-1-150x150.webp",150,150,true],"medium":["https:\/\/imagazine.it\/wp-content\/uploads\/2024\/01\/30243-1-300x200.webp",300,200,true],"large":["https:\/\/imagazine.it\/wp-content\/uploads\/2024\/01\/30243-1.webp",640,426,false],"thumblist":["https:\/\/imagazine.it\/wp-content\/uploads\/2024\/01\/30243-1.webp",300,200,false],"thumbrelated":["https:\/\/imagazine.it\/wp-content\/uploads\/2024\/01\/30243-1.webp",500,333,false],"meccarouselthumb":["https:\/\/imagazine.it\/wp-content\/uploads\/2024\/01\/30243-1.webp",474,315,false],"gridsquare":["https:\/\/imagazine.it\/wp-content\/uploads\/2024\/01\/30243-1.webp",391,260,false],"tileview":["https:\/\/imagazine.it\/wp-content\/uploads\/2024\/01\/30243-1.webp",300,200,false],"1536x1536":["https:\/\/imagazine.it\/wp-content\/uploads\/2024\/01\/30243-1.webp",750,499,false],"2048x2048":["https:\/\/imagazine.it\/wp-content\/uploads\/2024\/01\/30243-1.webp",750,499,false],"newsup-slider-full":["https:\/\/imagazine.it\/wp-content\/uploads\/2024\/01\/30243-1.webp",750,499,false],"newsup-featured":["https:\/\/imagazine.it\/wp-content\/uploads\/2024\/01\/30243-1.webp",750,499,false],"newsup-medium":["https:\/\/imagazine.it\/wp-content\/uploads\/2024\/01\/30243-1-720x380.webp",720,380,true],"tptn_thumbnail":["https:\/\/imagazine.it\/wp-content\/uploads\/2024\/01\/30243-1.webp",250,166,false],"sow-carousel-default":["https:\/\/imagazine.it\/wp-content\/uploads\/2024\/01\/30243-1-272x182.webp",272,182,true]},"rttpg_author":{"display_name":"redazione","author_link":"https:\/\/imagazine.it\/home_desk\/author\/redazione\/"},"rttpg_comment":0,"rttpg_category":"<a href=\"https:\/\/imagazine.it\/home_desk\/category\/cultura-e-spettacolo\/\" rel=\"category tag\">CULTURA&amp;SPETTACOLO<\/a>","rttpg_excerpt":"Anticipazioni della nuova stagione","_links":{"self":[{"href":"https:\/\/imagazine.it\/home_desk\/wp-json\/wp\/v2\/posts\/29748","targetHints":{"allow":["GET"]}}],"collection":[{"href":"https:\/\/imagazine.it\/home_desk\/wp-json\/wp\/v2\/posts"}],"about":[{"href":"https:\/\/imagazine.it\/home_desk\/wp-json\/wp\/v2\/types\/post"}],"author":[{"embeddable":true,"href":"https:\/\/imagazine.it\/home_desk\/wp-json\/wp\/v2\/users\/28"}],"replies":[{"embeddable":true,"href":"https:\/\/imagazine.it\/home_desk\/wp-json\/wp\/v2\/comments?post=29748"}],"version-history":[{"count":0,"href":"https:\/\/imagazine.it\/home_desk\/wp-json\/wp\/v2\/posts\/29748\/revisions"}],"wp:featuredmedia":[{"embeddable":true,"href":"https:\/\/imagazine.it\/home_desk\/wp-json\/wp\/v2\/media\/29749"}],"wp:attachment":[{"href":"https:\/\/imagazine.it\/home_desk\/wp-json\/wp\/v2\/media?parent=29748"}],"wp:term":[{"taxonomy":"category","embeddable":true,"href":"https:\/\/imagazine.it\/home_desk\/wp-json\/wp\/v2\/categories?post=29748"},{"taxonomy":"post_tag","embeddable":true,"href":"https:\/\/imagazine.it\/home_desk\/wp-json\/wp\/v2\/tags?post=29748"}],"curies":[{"name":"wp","href":"https:\/\/api.w.org\/{rel}","templated":true}]}}